{"id":10237,"date":"2021-12-20T16:27:46","date_gmt":"2021-12-20T16:27:46","guid":{"rendered":"https:\/\/jessel.de\/365-tage-sylt\/?p=10237"},"modified":"2021-12-20T17:25:11","modified_gmt":"2021-12-20T17:25:11","slug":"20-dezember-die-alge-sprach-zum-algerich","status":"publish","type":"post","link":"https:\/\/jessel.de\/365-tage-sylt\/20-dezember-die-alge-sprach-zum-algerich\/","title":{"rendered":"20. Dezember: Die Alge sprach zum Algerich\u2026.:"},"content":{"rendered":"<p>\u201eWarum rasierst Du Dich mal nich?\u201c<\/p>\n<p>Bin p\u00fcnktlich zum Sonnenauf- und Monduntergang im Listland. Die Holzplankenwege sind verraureift und hammerglatt:<\/p>\n<p><img loading=\"lazy\" decoding=\"async\" class=\"alignnone size-full wp-image-10242\" src=\"https:\/\/jessel.de\/365-tage-sylt\/wp-content\/uploads\/2021\/12\/D73F7E6B-E53D-4ADD-88E4-8CA612B0A3F0.jpeg\" alt=\"\" width=\"1500\" height=\"709\" srcset=\"https:\/\/jessel.de\/365-tage-sylt\/wp-content\/uploads\/2021\/12\/D73F7E6B-E53D-4ADD-88E4-8CA612B0A3F0.jpeg 1500w, https:\/\/jessel.de\/365-tage-sylt\/wp-content\/uploads\/2021\/12\/D73F7E6B-E53D-4ADD-88E4-8CA612B0A3F0-300x142.jpeg 300w, https:\/\/jessel.de\/365-tage-sylt\/wp-content\/uploads\/2021\/12\/D73F7E6B-E53D-4ADD-88E4-8CA612B0A3F0-1024x484.jpeg 1024w, https:\/\/jessel.de\/365-tage-sylt\/wp-content\/uploads\/2021\/12\/D73F7E6B-E53D-4ADD-88E4-8CA612B0A3F0-768x363.jpeg 768w\" sizes=\"auto, (max-width: 1500px) 100vw, 1500px\" \/><\/p>\n<p>Wunderbar und allerbest, keine Menschenseele\u2026 der Tag entwickelt sich gut:<\/p>\n<p><img loading=\"lazy\" decoding=\"async\" class=\"alignnone size-full wp-image-10241\" src=\"https:\/\/jessel.de\/365-tage-sylt\/wp-content\/uploads\/2021\/12\/DF049FF3-A4D5-4BBB-871B-FFEDB987B1E2.jpeg\" alt=\"\" width=\"1202\" height=\"800\" srcset=\"https:\/\/jessel.de\/365-tage-sylt\/wp-content\/uploads\/2021\/12\/DF049FF3-A4D5-4BBB-871B-FFEDB987B1E2.jpeg 1202w, https:\/\/jessel.de\/365-tage-sylt\/wp-content\/uploads\/2021\/12\/DF049FF3-A4D5-4BBB-871B-FFEDB987B1E2-300x200.jpeg 300w, https:\/\/jessel.de\/365-tage-sylt\/wp-content\/uploads\/2021\/12\/DF049FF3-A4D5-4BBB-871B-FFEDB987B1E2-1024x682.jpeg 1024w, https:\/\/jessel.de\/365-tage-sylt\/wp-content\/uploads\/2021\/12\/DF049FF3-A4D5-4BBB-871B-FFEDB987B1E2-768x511.jpeg 768w\" sizes=\"auto, (max-width: 1202px) 100vw, 1202px\" \/><\/p>\n<p>\u2026 dann kann\u2018s ja losgehen:<\/p>\n<p><img loading=\"lazy\" decoding=\"async\" class=\"alignnone size-full wp-image-10240\" src=\"https:\/\/jessel.de\/365-tage-sylt\/wp-content\/uploads\/2021\/12\/D7B906CB-52C4-4199-9FF7-8BA2D61C7C8E.jpeg\" alt=\"\" width=\"1202\" height=\"800\" srcset=\"https:\/\/jessel.de\/365-tage-sylt\/wp-content\/uploads\/2021\/12\/D7B906CB-52C4-4199-9FF7-8BA2D61C7C8E.jpeg 1202w, https:\/\/jessel.de\/365-tage-sylt\/wp-content\/uploads\/2021\/12\/D7B906CB-52C4-4199-9FF7-8BA2D61C7C8E-300x200.jpeg 300w, https:\/\/jessel.de\/365-tage-sylt\/wp-content\/uploads\/2021\/12\/D7B906CB-52C4-4199-9FF7-8BA2D61C7C8E-1024x682.jpeg 1024w, https:\/\/jessel.de\/365-tage-sylt\/wp-content\/uploads\/2021\/12\/D7B906CB-52C4-4199-9FF7-8BA2D61C7C8E-768x511.jpeg 768w\" sizes=\"auto, (max-width: 1202px) 100vw, 1202px\" \/><\/p>\n<p>Zun\u00e4chst sehe ich keine Algen, aber dann, etwas h\u00f6her im Sp\u00fclsaum:<\/p>\n<p><img loading=\"lazy\" decoding=\"async\" class=\"alignnone size-full wp-image-10247\" src=\"https:\/\/jessel.de\/365-tage-sylt\/wp-content\/uploads\/2021\/12\/2865468A-8779-4423-8FAE-3082A119AEB9.jpeg\" alt=\"\" width=\"1067\" height=\"800\" srcset=\"https:\/\/jessel.de\/365-tage-sylt\/wp-content\/uploads\/2021\/12\/2865468A-8779-4423-8FAE-3082A119AEB9.jpeg 1067w, https:\/\/jessel.de\/365-tage-sylt\/wp-content\/uploads\/2021\/12\/2865468A-8779-4423-8FAE-3082A119AEB9-300x225.jpeg 300w, https:\/\/jessel.de\/365-tage-sylt\/wp-content\/uploads\/2021\/12\/2865468A-8779-4423-8FAE-3082A119AEB9-1024x768.jpeg 1024w, https:\/\/jessel.de\/365-tage-sylt\/wp-content\/uploads\/2021\/12\/2865468A-8779-4423-8FAE-3082A119AEB9-768x576.jpeg 768w\" sizes=\"auto, (max-width: 1067px) 100vw, 1067px\" \/><\/p>\n<p>Ach wie makellos sch\u00f6n, wie geschmiedetes Eisen:<\/p>\n<p><img loading=\"lazy\" decoding=\"async\" class=\"alignnone size-full wp-image-10246\" src=\"https:\/\/jessel.de\/365-tage-sylt\/wp-content\/uploads\/2021\/12\/F643A8FC-9477-4770-BBB7-8EDDDFC23176.jpeg\" alt=\"\" width=\"600\" height=\"800\" srcset=\"https:\/\/jessel.de\/365-tage-sylt\/wp-content\/uploads\/2021\/12\/F643A8FC-9477-4770-BBB7-8EDDDFC23176.jpeg 600w, https:\/\/jessel.de\/365-tage-sylt\/wp-content\/uploads\/2021\/12\/F643A8FC-9477-4770-BBB7-8EDDDFC23176-225x300.jpeg 225w\" sizes=\"auto, (max-width: 600px) 100vw, 600px\" \/><\/p>\n<p>Diese noch, Knotentang und eine noch nicht n\u00e4her bestimmte Rotalge. Seefeder?<\/p>\n<p><img loading=\"lazy\" decoding=\"async\" class=\"alignnone size-full wp-image-10248\" src=\"https:\/\/jessel.de\/365-tage-sylt\/wp-content\/uploads\/2021\/12\/6E19A0BC-F156-493F-9EA6-141856DA1AB9.jpeg\" alt=\"\" width=\"1067\" height=\"800\" srcset=\"https:\/\/jessel.de\/365-tage-sylt\/wp-content\/uploads\/2021\/12\/6E19A0BC-F156-493F-9EA6-141856DA1AB9.jpeg 1067w, https:\/\/jessel.de\/365-tage-sylt\/wp-content\/uploads\/2021\/12\/6E19A0BC-F156-493F-9EA6-141856DA1AB9-300x225.jpeg 300w, https:\/\/jessel.de\/365-tage-sylt\/wp-content\/uploads\/2021\/12\/6E19A0BC-F156-493F-9EA6-141856DA1AB9-1024x768.jpeg 1024w, https:\/\/jessel.de\/365-tage-sylt\/wp-content\/uploads\/2021\/12\/6E19A0BC-F156-493F-9EA6-141856DA1AB9-768x576.jpeg 768w\" sizes=\"auto, (max-width: 1067px) 100vw, 1067px\" \/><\/p>\n<p>Im Schatten der D\u00fcnen ist der Sand noch gefroren. Harte Nummer f\u00fcr den Strandhafer, der hier w\u00e4hrend der zur\u00fcckliegenden st\u00fcrmischen Tage vom Flugsand einfach gepl\u00e4ttet wurde:<\/p>\n<p><img loading=\"lazy\" decoding=\"async\" class=\"alignnone size-full wp-image-10249\" src=\"https:\/\/jessel.de\/365-tage-sylt\/wp-content\/uploads\/2021\/12\/E88BD5B5-C318-4FC5-A83B-580D7716F1C7.jpeg\" alt=\"\" width=\"1067\" height=\"800\" srcset=\"https:\/\/jessel.de\/365-tage-sylt\/wp-content\/uploads\/2021\/12\/E88BD5B5-C318-4FC5-A83B-580D7716F1C7.jpeg 1067w, https:\/\/jessel.de\/365-tage-sylt\/wp-content\/uploads\/2021\/12\/E88BD5B5-C318-4FC5-A83B-580D7716F1C7-300x225.jpeg 300w, https:\/\/jessel.de\/365-tage-sylt\/wp-content\/uploads\/2021\/12\/E88BD5B5-C318-4FC5-A83B-580D7716F1C7-1024x768.jpeg 1024w, https:\/\/jessel.de\/365-tage-sylt\/wp-content\/uploads\/2021\/12\/E88BD5B5-C318-4FC5-A83B-580D7716F1C7-768x576.jpeg 768w\" sizes=\"auto, (max-width: 1067px) 100vw, 1067px\" \/><\/p>\n<p>Zum Sonnenuntergang gucke ich mir noch diese Lebensk\u00fcnstler vor Westerland an\u2026:<\/p>\n<p><img loading=\"lazy\" decoding=\"async\" class=\"size-full wp-image-10250\" src=\"https:\/\/jessel.de\/365-tage-sylt\/wp-content\/uploads\/2021\/12\/F1505CD8-2096-4836-9813-551A3FBBF2C2.jpeg\" alt=\"\" width=\"1067\" height=\"800\" srcset=\"https:\/\/jessel.de\/365-tage-sylt\/wp-content\/uploads\/2021\/12\/F1505CD8-2096-4836-9813-551A3FBBF2C2.jpeg 1067w, https:\/\/jessel.de\/365-tage-sylt\/wp-content\/uploads\/2021\/12\/F1505CD8-2096-4836-9813-551A3FBBF2C2-300x225.jpeg 300w, https:\/\/jessel.de\/365-tage-sylt\/wp-content\/uploads\/2021\/12\/F1505CD8-2096-4836-9813-551A3FBBF2C2-1024x768.jpeg 1024w, https:\/\/jessel.de\/365-tage-sylt\/wp-content\/uploads\/2021\/12\/F1505CD8-2096-4836-9813-551A3FBBF2C2-768x576.jpeg 768w\" sizes=\"auto, (max-width: 1067px) 100vw, 1067px\" \/><\/p>\n<p>\u2026 und verabschiede mich dann um kurz vor 16 Uhr von der Sonne, die sich bis \u00fcber die Weihnachtstage wohl kaum noch zeigen wird. Mit Gl\u00fcck morgen Vormittag noch einmal\u2026:<\/p>\n<p><img loading=\"lazy\" decoding=\"async\" class=\"alignnone size-full wp-image-10238\" src=\"https:\/\/jessel.de\/365-tage-sylt\/wp-content\/uploads\/2021\/12\/5C2B0CE1-4924-4068-B2F5-A143C9769019.jpeg\" alt=\"\" width=\"1202\" height=\"800\" srcset=\"https:\/\/jessel.de\/365-tage-sylt\/wp-content\/uploads\/2021\/12\/5C2B0CE1-4924-4068-B2F5-A143C9769019.jpeg 1202w, https:\/\/jessel.de\/365-tage-sylt\/wp-content\/uploads\/2021\/12\/5C2B0CE1-4924-4068-B2F5-A143C9769019-300x200.jpeg 300w, https:\/\/jessel.de\/365-tage-sylt\/wp-content\/uploads\/2021\/12\/5C2B0CE1-4924-4068-B2F5-A143C9769019-1024x682.jpeg 1024w, https:\/\/jessel.de\/365-tage-sylt\/wp-content\/uploads\/2021\/12\/5C2B0CE1-4924-4068-B2F5-A143C9769019-768x511.jpeg 768w\" sizes=\"auto, (max-width: 1202px) 100vw, 1202px\" \/><\/p>\n<p>&nbsp;<\/p>\n","protected":false},"excerpt":{"rendered":"<p>\u201eWarum rasierst Du Dich mal nich?\u201c Bin p\u00fcnktlich zum Sonnenauf- und Monduntergang im Listland. Die Holzplankenwege sind verraureift und hammerglatt: Wunderbar und allerbest, keine Menschenseele\u2026 der Tag entwickelt sich gut: \u2026 dann kann\u2018s ja losgehen: Zun\u00e4chst sehe ich keine Algen, aber dann, etwas h\u00f6her im Sp\u00fclsaum: Ach wie makellos sch\u00f6n, wie geschmiedetes Eisen: Diese noch, Knotentang und eine noch nicht n\u00e4her bestimmte Rotalge. Seefeder? Im Schatten der D\u00fcnen ist der&hellip;<\/p>\n","protected":false},"author":2,"featured_media":10239,"comment_status":"open","ping_status":"open","sticky":false,"template":"","format":"standard","meta":{"footnotes":""},"categories":[27,39,24,48,11,3,44,4,26],"tags":[],"class_list":["post-10237","post","type-post","status-publish","format-standard","has-post-thumbnail","hentry","category-alle-bilder","category-arbeit","category-duenen","category-herbst","category-list","category-menschen","category-pflanzen","category-spuren","category-strand"],"jetpack_featured_media_url":"https:\/\/jessel.de\/365-tage-sylt\/wp-content\/uploads\/2021\/12\/FC364F5B-F088-4954-B8E3-EE3F01EA2700.jpeg","_links":{"self":[{"href":"https:\/\/jessel.de\/365-tage-sylt\/wp-json\/wp\/v2\/posts\/10237","targetHints":{"allow":["GET"]}}],"collection":[{"href":"https:\/\/jessel.de\/365-tage-sylt\/wp-json\/wp\/v2\/posts"}],"about":[{"href":"https:\/\/jessel.de\/365-tage-sylt\/wp-json\/wp\/v2\/types\/post"}],"author":[{"embeddable":true,"href":"https:\/\/jessel.de\/365-tage-sylt\/wp-json\/wp\/v2\/users\/2"}],"replies":[{"embeddable":true,"href":"https:\/\/jessel.de\/365-tage-sylt\/wp-json\/wp\/v2\/comments?post=10237"}],"version-history":[{"count":6,"href":"https:\/\/jessel.de\/365-tage-sylt\/wp-json\/wp\/v2\/posts\/10237\/revisions"}],"predecessor-version":[{"id":10254,"href":"https:\/\/jessel.de\/365-tage-sylt\/wp-json\/wp\/v2\/posts\/10237\/revisions\/10254"}],"wp:featuredmedia":[{"embeddable":true,"href":"https:\/\/jessel.de\/365-tage-sylt\/wp-json\/wp\/v2\/media\/10239"}],"wp:attachment":[{"href":"https:\/\/jessel.de\/365-tage-sylt\/wp-json\/wp\/v2\/media?parent=10237"}],"wp:term":[{"taxonomy":"category","embeddable":true,"href":"https:\/\/jessel.de\/365-tage-sylt\/wp-json\/wp\/v2\/categories?post=10237"},{"taxonomy":"post_tag","embeddable":true,"href":"https:\/\/jessel.de\/365-tage-sylt\/wp-json\/wp\/v2\/tags?post=10237"}],"curies":[{"name":"wp","href":"https:\/\/api.w.org\/{rel}","templated":true}]}}