{"id":10255,"date":"2021-12-21T16:50:06","date_gmt":"2021-12-21T16:50:06","guid":{"rendered":"https:\/\/jessel.de\/365-tage-sylt\/?p=10255"},"modified":"2021-12-21T21:34:43","modified_gmt":"2021-12-21T21:34:43","slug":"21-dezember-der-kuerzeste-tag","status":"publish","type":"post","link":"https:\/\/jessel.de\/365-tage-sylt\/21-dezember-der-kuerzeste-tag\/","title":{"rendered":"21. Dezember: Der k\u00fcrzeste Tag\u2026"},"content":{"rendered":"<p>\u2026 endet f\u00fcr mich bei einer Wanderung durch das wundersch\u00f6ne Tal der Eider, die ich zum Sonnenuntergang gegen 15:45 Uhr vor Hohenhude das zweite Mal \u00fcberquere\u2026<\/p>\n<p>\u2026 und der Tag begann f\u00fcr mich am Sylter Weststrand um kurz nach 7 Uhr mit diesem Blick auf den so gaaanz laaangsaaam untergehenden Mond:<\/p>\n<p><img loading=\"lazy\" decoding=\"async\" class=\"alignnone size-full wp-image-10260\" src=\"https:\/\/jessel.de\/365-tage-sylt\/wp-content\/uploads\/2021\/12\/0217B1F6-47EC-4345-84E7-94A74A2545E4.jpeg\" alt=\"\" width=\"1200\" height=\"800\" srcset=\"https:\/\/jessel.de\/365-tage-sylt\/wp-content\/uploads\/2021\/12\/0217B1F6-47EC-4345-84E7-94A74A2545E4.jpeg 1200w, https:\/\/jessel.de\/365-tage-sylt\/wp-content\/uploads\/2021\/12\/0217B1F6-47EC-4345-84E7-94A74A2545E4-300x200.jpeg 300w, https:\/\/jessel.de\/365-tage-sylt\/wp-content\/uploads\/2021\/12\/0217B1F6-47EC-4345-84E7-94A74A2545E4-1024x683.jpeg 1024w, https:\/\/jessel.de\/365-tage-sylt\/wp-content\/uploads\/2021\/12\/0217B1F6-47EC-4345-84E7-94A74A2545E4-768x512.jpeg 768w\" sizes=\"auto, (max-width: 1200px) 100vw, 1200px\" \/><\/p>\n<p>Es ist jetzt, wo ich diese Zeilen schreibe, ca. 18 Uhr, und seit gut einer Stunde neigt sich die n\u00f6rdliche Hemisph\u00e4re unserer Erde erstmals seit einem halben Jahr wieder der Sonne zu. Ein gro\u00dfartiger Moment, den ich mit Freunden bei einer Haselnusstorte geniesse:<\/p>\n<p><img loading=\"lazy\" decoding=\"async\" class=\"alignnone size-full wp-image-10261\" src=\"https:\/\/jessel.de\/365-tage-sylt\/wp-content\/uploads\/2021\/12\/F052D26E-28C7-4ABD-8B74-F195FDD7F5D6.jpeg\" alt=\"\" width=\"800\" height=\"1100\" srcset=\"https:\/\/jessel.de\/365-tage-sylt\/wp-content\/uploads\/2021\/12\/F052D26E-28C7-4ABD-8B74-F195FDD7F5D6.jpeg 800w, https:\/\/jessel.de\/365-tage-sylt\/wp-content\/uploads\/2021\/12\/F052D26E-28C7-4ABD-8B74-F195FDD7F5D6-218x300.jpeg 218w, https:\/\/jessel.de\/365-tage-sylt\/wp-content\/uploads\/2021\/12\/F052D26E-28C7-4ABD-8B74-F195FDD7F5D6-745x1024.jpeg 745w, https:\/\/jessel.de\/365-tage-sylt\/wp-content\/uploads\/2021\/12\/F052D26E-28C7-4ABD-8B74-F195FDD7F5D6-768x1056.jpeg 768w\" sizes=\"auto, (max-width: 800px) 100vw, 800px\" \/><\/p>\n<p>Die kommt, zusammen mit einem strong Coffee, nach einer 10 Kilometer -Wanderung genau recht! Und den Wein (f\u00fcr Kenner: Von Chiara Condello! ), der sich in meinem Wanderrucksack fand, den gibt es erst zu den Tortellinis zum Abendessen!<\/p>\n<p>Wenn ich mich recht entsinne, habe ich von dieser Tour in den letzten Blog-Jahren schon h\u00e4ufiger berichtet: Mit dem Zug bis FELDE (zwischen Rendsburg und Kiel gelegen), von dort \u00fcber GUT MARUTENDORF und HOHENHUDE nach RODENBEK. Davon nachfolgend einige Eindr\u00fccke:<\/p>\n<p>Als ich \u00fcber den Hindenburgdamm fahre, bezieht eine kompakte Wolkenfront aus dem Nordwesten gerade den Himmel:<\/p>\n<p><img loading=\"lazy\" decoding=\"async\" class=\"size-full wp-image-10262\" src=\"https:\/\/jessel.de\/365-tage-sylt\/wp-content\/uploads\/2021\/12\/33D33A77-4897-48D4-8B21-3BE4E7C364AF.jpeg\" alt=\"\" width=\"1100\" height=\"800\" srcset=\"https:\/\/jessel.de\/365-tage-sylt\/wp-content\/uploads\/2021\/12\/33D33A77-4897-48D4-8B21-3BE4E7C364AF.jpeg 1100w, https:\/\/jessel.de\/365-tage-sylt\/wp-content\/uploads\/2021\/12\/33D33A77-4897-48D4-8B21-3BE4E7C364AF-300x218.jpeg 300w, https:\/\/jessel.de\/365-tage-sylt\/wp-content\/uploads\/2021\/12\/33D33A77-4897-48D4-8B21-3BE4E7C364AF-1024x745.jpeg 1024w, https:\/\/jessel.de\/365-tage-sylt\/wp-content\/uploads\/2021\/12\/33D33A77-4897-48D4-8B21-3BE4E7C364AF-768x559.jpeg 768w\" sizes=\"auto, (max-width: 1100px) 100vw, 1100px\" \/><\/p>\n<p>Dieser fahre ich im Folgenden davon. Deshalb sonnige Gr\u00fc\u00dfe vom Husumer Hafen:<\/p>\n<p><img loading=\"lazy\" decoding=\"async\" class=\"alignnone size-full wp-image-10264\" src=\"https:\/\/jessel.de\/365-tage-sylt\/wp-content\/uploads\/2021\/12\/7A264251-C705-4ED3-9E69-3B30DAEA97C3.jpeg\" alt=\"\" width=\"1100\" height=\"800\" srcset=\"https:\/\/jessel.de\/365-tage-sylt\/wp-content\/uploads\/2021\/12\/7A264251-C705-4ED3-9E69-3B30DAEA97C3.jpeg 1100w, https:\/\/jessel.de\/365-tage-sylt\/wp-content\/uploads\/2021\/12\/7A264251-C705-4ED3-9E69-3B30DAEA97C3-300x218.jpeg 300w, https:\/\/jessel.de\/365-tage-sylt\/wp-content\/uploads\/2021\/12\/7A264251-C705-4ED3-9E69-3B30DAEA97C3-1024x745.jpeg 1024w, https:\/\/jessel.de\/365-tage-sylt\/wp-content\/uploads\/2021\/12\/7A264251-C705-4ED3-9E69-3B30DAEA97C3-768x559.jpeg 768w\" sizes=\"auto, (max-width: 1100px) 100vw, 1100px\" \/><\/p>\n<p>Da ist schon mal ein Matjes-Fischbr\u00f6tchen f\u00e4llig. Im Anschluss Weiterfahrt per Zug nach Felde, wo der Wanderweg direkt hinter der Haltestelle das erste Mal \u00fcber die Eider f\u00fchrt:<\/p>\n<p><img loading=\"lazy\" decoding=\"async\" class=\"alignnone size-full wp-image-10266\" src=\"https:\/\/jessel.de\/365-tage-sylt\/wp-content\/uploads\/2021\/12\/BC1A8BE9-7E91-4AE3-890E-0DC751C80ADC.jpeg\" alt=\"\" width=\"1100\" height=\"800\" srcset=\"https:\/\/jessel.de\/365-tage-sylt\/wp-content\/uploads\/2021\/12\/BC1A8BE9-7E91-4AE3-890E-0DC751C80ADC.jpeg 1100w, https:\/\/jessel.de\/365-tage-sylt\/wp-content\/uploads\/2021\/12\/BC1A8BE9-7E91-4AE3-890E-0DC751C80ADC-300x218.jpeg 300w, https:\/\/jessel.de\/365-tage-sylt\/wp-content\/uploads\/2021\/12\/BC1A8BE9-7E91-4AE3-890E-0DC751C80ADC-1024x745.jpeg 1024w, https:\/\/jessel.de\/365-tage-sylt\/wp-content\/uploads\/2021\/12\/BC1A8BE9-7E91-4AE3-890E-0DC751C80ADC-768x559.jpeg 768w\" sizes=\"auto, (max-width: 1100px) 100vw, 1100px\" \/><\/p>\n<p>Der Weg f\u00fchrt zun\u00e4chst die Eider entlang\u2026:<\/p>\n<p><img loading=\"lazy\" decoding=\"async\" class=\"size-full wp-image-10267\" src=\"https:\/\/jessel.de\/365-tage-sylt\/wp-content\/uploads\/2021\/12\/CB7500DE-A6FD-4930-9332-3437FDAC65BB.jpeg\" alt=\"\" width=\"1100\" height=\"800\" srcset=\"https:\/\/jessel.de\/365-tage-sylt\/wp-content\/uploads\/2021\/12\/CB7500DE-A6FD-4930-9332-3437FDAC65BB.jpeg 1100w, https:\/\/jessel.de\/365-tage-sylt\/wp-content\/uploads\/2021\/12\/CB7500DE-A6FD-4930-9332-3437FDAC65BB-300x218.jpeg 300w, https:\/\/jessel.de\/365-tage-sylt\/wp-content\/uploads\/2021\/12\/CB7500DE-A6FD-4930-9332-3437FDAC65BB-1024x745.jpeg 1024w, https:\/\/jessel.de\/365-tage-sylt\/wp-content\/uploads\/2021\/12\/CB7500DE-A6FD-4930-9332-3437FDAC65BB-768x559.jpeg 768w\" sizes=\"auto, (max-width: 1100px) 100vw, 1100px\" \/><\/p>\n<p>\u2026 dann durch naturbelassene Forsten eines Stiftungslandes..:<\/p>\n<p>&nbsp;<\/p>\n<p><img loading=\"lazy\" decoding=\"async\" class=\"size-full wp-image-10271\" src=\"https:\/\/jessel.de\/365-tage-sylt\/wp-content\/uploads\/2021\/12\/F284B794-C0DB-49C1-9C13-6B30B1F9FEB9.jpeg\" alt=\"\" width=\"1100\" height=\"800\" srcset=\"https:\/\/jessel.de\/365-tage-sylt\/wp-content\/uploads\/2021\/12\/F284B794-C0DB-49C1-9C13-6B30B1F9FEB9.jpeg 1100w, https:\/\/jessel.de\/365-tage-sylt\/wp-content\/uploads\/2021\/12\/F284B794-C0DB-49C1-9C13-6B30B1F9FEB9-300x218.jpeg 300w, https:\/\/jessel.de\/365-tage-sylt\/wp-content\/uploads\/2021\/12\/F284B794-C0DB-49C1-9C13-6B30B1F9FEB9-1024x745.jpeg 1024w, https:\/\/jessel.de\/365-tage-sylt\/wp-content\/uploads\/2021\/12\/F284B794-C0DB-49C1-9C13-6B30B1F9FEB9-768x559.jpeg 768w\" sizes=\"auto, (max-width: 1100px) 100vw, 1100px\" \/><\/p>\n<p>\u2026 dazwischen durch offenes Gel\u00e4nde\u2026:<\/p>\n<p><img loading=\"lazy\" decoding=\"async\" class=\"size-full wp-image-10270\" src=\"https:\/\/jessel.de\/365-tage-sylt\/wp-content\/uploads\/2021\/12\/DA0D6B17-A65E-452F-85BA-457BE41F8133.jpeg\" alt=\"\" width=\"1100\" height=\"800\" srcset=\"https:\/\/jessel.de\/365-tage-sylt\/wp-content\/uploads\/2021\/12\/DA0D6B17-A65E-452F-85BA-457BE41F8133.jpeg 1100w, https:\/\/jessel.de\/365-tage-sylt\/wp-content\/uploads\/2021\/12\/DA0D6B17-A65E-452F-85BA-457BE41F8133-300x218.jpeg 300w, https:\/\/jessel.de\/365-tage-sylt\/wp-content\/uploads\/2021\/12\/DA0D6B17-A65E-452F-85BA-457BE41F8133-1024x745.jpeg 1024w, https:\/\/jessel.de\/365-tage-sylt\/wp-content\/uploads\/2021\/12\/DA0D6B17-A65E-452F-85BA-457BE41F8133-768x559.jpeg 768w\" sizes=\"auto, (max-width: 1100px) 100vw, 1100px\" \/><\/p>\n<p>\u2026 bei dessen Querung man nur staunen kann, auf 360 Grad keinerlei Umweltverm\u00fcllung (in Form von Hochspannungsmasten, Windrotoren, Hochhauskl\u00f6tzen, Autobahnen etc. pp.) zu sehen. Das ist f\u00fcr Menschen wie mich der pure Seelen-Balsam.<\/p>\n<p>W\u00e4hrenddessen pirscht sich aus dem Nordwesten die dunkle Wolkenfront heran, hier mit dem Ahrensee im Vordergrund:<\/p>\n<p><img loading=\"lazy\" decoding=\"async\" class=\"alignnone size-full wp-image-10272\" src=\"https:\/\/jessel.de\/365-tage-sylt\/wp-content\/uploads\/2021\/12\/D8A25335-706D-4EAA-AD7E-7AD1A987281A.jpeg\" alt=\"\" width=\"1100\" height=\"800\" srcset=\"https:\/\/jessel.de\/365-tage-sylt\/wp-content\/uploads\/2021\/12\/D8A25335-706D-4EAA-AD7E-7AD1A987281A.jpeg 1100w, https:\/\/jessel.de\/365-tage-sylt\/wp-content\/uploads\/2021\/12\/D8A25335-706D-4EAA-AD7E-7AD1A987281A-300x218.jpeg 300w, https:\/\/jessel.de\/365-tage-sylt\/wp-content\/uploads\/2021\/12\/D8A25335-706D-4EAA-AD7E-7AD1A987281A-1024x745.jpeg 1024w, https:\/\/jessel.de\/365-tage-sylt\/wp-content\/uploads\/2021\/12\/D8A25335-706D-4EAA-AD7E-7AD1A987281A-768x559.jpeg 768w\" sizes=\"auto, (max-width: 1100px) 100vw, 1100px\" \/><\/p>\n<p>Dann quere ich das Gut Marutendorf mit seiner jahrhundertealten Eichenallee\u2026:<\/p>\n<p><img loading=\"lazy\" decoding=\"async\" class=\"alignnone size-full wp-image-10273\" src=\"https:\/\/jessel.de\/365-tage-sylt\/wp-content\/uploads\/2021\/12\/57D83275-61FF-4E1A-94EA-67552D76C49C.jpeg\" alt=\"\" width=\"1100\" height=\"800\" srcset=\"https:\/\/jessel.de\/365-tage-sylt\/wp-content\/uploads\/2021\/12\/57D83275-61FF-4E1A-94EA-67552D76C49C.jpeg 1100w, https:\/\/jessel.de\/365-tage-sylt\/wp-content\/uploads\/2021\/12\/57D83275-61FF-4E1A-94EA-67552D76C49C-300x218.jpeg 300w, https:\/\/jessel.de\/365-tage-sylt\/wp-content\/uploads\/2021\/12\/57D83275-61FF-4E1A-94EA-67552D76C49C-1024x745.jpeg 1024w, https:\/\/jessel.de\/365-tage-sylt\/wp-content\/uploads\/2021\/12\/57D83275-61FF-4E1A-94EA-67552D76C49C-768x559.jpeg 768w\" sizes=\"auto, (max-width: 1100px) 100vw, 1100px\" \/><\/p>\n<p>\u2026 bevor ich die Eider ein zweites Mal zum Sonnenuntergang quere (s.o.).<\/p>\n<p>P.S.: Klar, das Foto vom Tortelliniauflauf folgt\u2026. sp\u00e4ter.<\/p>\n<p>22:35 Uhr: There we are\u2026:<\/p>\n<p><img loading=\"lazy\" decoding=\"async\" class=\"alignnone size-full wp-image-10277\" src=\"https:\/\/jessel.de\/365-tage-sylt\/wp-content\/uploads\/2021\/12\/C7400EFF-80F2-4D6E-8CF7-284528CF74A8.jpeg\" alt=\"\" width=\"800\" height=\"1100\" srcset=\"https:\/\/jessel.de\/365-tage-sylt\/wp-content\/uploads\/2021\/12\/C7400EFF-80F2-4D6E-8CF7-284528CF74A8.jpeg 800w, https:\/\/jessel.de\/365-tage-sylt\/wp-content\/uploads\/2021\/12\/C7400EFF-80F2-4D6E-8CF7-284528CF74A8-218x300.jpeg 218w, https:\/\/jessel.de\/365-tage-sylt\/wp-content\/uploads\/2021\/12\/C7400EFF-80F2-4D6E-8CF7-284528CF74A8-745x1024.jpeg 745w, https:\/\/jessel.de\/365-tage-sylt\/wp-content\/uploads\/2021\/12\/C7400EFF-80F2-4D6E-8CF7-284528CF74A8-768x1056.jpeg 768w\" sizes=\"auto, (max-width: 800px) 100vw, 800px\" \/><\/p>\n<p>&nbsp;<\/p>\n","protected":false},"excerpt":{"rendered":"<p>\u2026 endet f\u00fcr mich bei einer Wanderung durch das wundersch\u00f6ne Tal der Eider, die ich zum Sonnenuntergang gegen 15:45 Uhr vor Hohenhude das zweite Mal \u00fcberquere\u2026 \u2026 und der Tag begann f\u00fcr mich am Sylter Weststrand um kurz nach 7 Uhr mit diesem Blick auf den so gaaanz laaangsaaam untergehenden Mond: Es ist jetzt, wo ich diese Zeilen schreibe, ca. 18 Uhr, und seit gut einer Stunde neigt sich die&hellip;<\/p>\n","protected":false},"author":2,"featured_media":10256,"comment_status":"open","ping_status":"open","sticky":false,"template":"","format":"standard","meta":{"footnotes":""},"categories":[27,39,44,23,33],"tags":[],"class_list":["post-10255","post","type-post","status-publish","format-standard","has-post-thumbnail","hentry","category-alle-bilder","category-arbeit","category-pflanzen","category-winter","category-woanders"],"jetpack_featured_media_url":"https:\/\/jessel.de\/365-tage-sylt\/wp-content\/uploads\/2021\/12\/EB9686E9-7BCD-4CC1-9E8C-5ED5B742879F.jpeg","_links":{"self":[{"href":"https:\/\/jessel.de\/365-tage-sylt\/wp-json\/wp\/v2\/posts\/10255","targetHints":{"allow":["GET"]}}],"collection":[{"href":"https:\/\/jessel.de\/365-tage-sylt\/wp-json\/wp\/v2\/posts"}],"about":[{"href":"https:\/\/jessel.de\/365-tage-sylt\/wp-json\/wp\/v2\/types\/post"}],"author":[{"embeddable":true,"href":"https:\/\/jessel.de\/365-tage-sylt\/wp-json\/wp\/v2\/users\/2"}],"replies":[{"embeddable":true,"href":"https:\/\/jessel.de\/365-tage-sylt\/wp-json\/wp\/v2\/comments?post=10255"}],"version-history":[{"count":10,"href":"https:\/\/jessel.de\/365-tage-sylt\/wp-json\/wp\/v2\/posts\/10255\/revisions"}],"predecessor-version":[{"id":10279,"href":"https:\/\/jessel.de\/365-tage-sylt\/wp-json\/wp\/v2\/posts\/10255\/revisions\/10279"}],"wp:featuredmedia":[{"embeddable":true,"href":"https:\/\/jessel.de\/365-tage-sylt\/wp-json\/wp\/v2\/media\/10256"}],"wp:attachment":[{"href":"https:\/\/jessel.de\/365-tage-sylt\/wp-json\/wp\/v2\/media?parent=10255"}],"wp:term":[{"taxonomy":"category","embeddable":true,"href":"https:\/\/jessel.de\/365-tage-sylt\/wp-json\/wp\/v2\/categories?post=10255"},{"taxonomy":"post_tag","embeddable":true,"href":"https:\/\/jessel.de\/365-tage-sylt\/wp-json\/wp\/v2\/tags?post=10255"}],"curies":[{"name":"wp","href":"https:\/\/api.w.org\/{rel}","templated":true}]}}