{"id":10324,"date":"2022-01-02T08:21:29","date_gmt":"2022-01-02T08:21:29","guid":{"rendered":"https:\/\/jessel.de\/365-tage-sylt\/?p=10324"},"modified":"2022-01-02T14:35:51","modified_gmt":"2022-01-02T14:35:51","slug":"nachtrag-zum-1-januar-ein-spaziergang-in-der-daemmerung","status":"publish","type":"post","link":"https:\/\/jessel.de\/365-tage-sylt\/nachtrag-zum-1-januar-ein-spaziergang-in-der-daemmerung\/","title":{"rendered":"Nachtrag zum 1. Januar: Ein Spaziergang in der D\u00e4mmerung"},"content":{"rendered":"<p>Zum Nachmittag h\u00f6rt der Regen mit einem finalen Schauer auf, und es legt sich ein (aus fotografischer Sicht) interessanter Nebel \u00fcber die Insel\u2026 ich ziehe nochmal los, au\u00dferdem soll frische Luft ja gut tun.<\/p>\n<p>Und mir gelingt das angepeilte Foto genau so, wie es mir in der Silvesternacht im Traum erschien:<\/p>\n<p><img loading=\"lazy\" decoding=\"async\" class=\"alignnone size-full wp-image-10326\" src=\"https:\/\/jessel.de\/365-tage-sylt\/wp-content\/uploads\/2022\/01\/824B5F59-09F7-4625-B66E-8E447B5443A6.jpeg\" alt=\"\" width=\"1500\" height=\"642\" srcset=\"https:\/\/jessel.de\/365-tage-sylt\/wp-content\/uploads\/2022\/01\/824B5F59-09F7-4625-B66E-8E447B5443A6.jpeg 1500w, https:\/\/jessel.de\/365-tage-sylt\/wp-content\/uploads\/2022\/01\/824B5F59-09F7-4625-B66E-8E447B5443A6-300x128.jpeg 300w, https:\/\/jessel.de\/365-tage-sylt\/wp-content\/uploads\/2022\/01\/824B5F59-09F7-4625-B66E-8E447B5443A6-1024x438.jpeg 1024w, https:\/\/jessel.de\/365-tage-sylt\/wp-content\/uploads\/2022\/01\/824B5F59-09F7-4625-B66E-8E447B5443A6-768x329.jpeg 768w\" sizes=\"auto, (max-width: 1500px) 100vw, 1500px\" \/><\/p>\n<p>Wunderbar, die Krummholzkiefern, die ihre zu schwer gewordenen \u00c4ste zum Boden neigen, wo diese neue Wurzeln schlagen und erneut emporwachsen. Und wunderbar auch die Ruhe hier, fernab vom Krach der Stra\u00dfe. Ein herrlicher Jahresbeginn!<\/p>\n<p><img loading=\"lazy\" decoding=\"async\" class=\"alignnone size-full wp-image-10330\" src=\"https:\/\/jessel.de\/365-tage-sylt\/wp-content\/uploads\/2022\/01\/5FBFFD3A-5D39-4474-8C3E-B70AC1B41133.jpeg\" alt=\"\" width=\"1202\" height=\"800\" srcset=\"https:\/\/jessel.de\/365-tage-sylt\/wp-content\/uploads\/2022\/01\/5FBFFD3A-5D39-4474-8C3E-B70AC1B41133.jpeg 1202w, https:\/\/jessel.de\/365-tage-sylt\/wp-content\/uploads\/2022\/01\/5FBFFD3A-5D39-4474-8C3E-B70AC1B41133-300x200.jpeg 300w, https:\/\/jessel.de\/365-tage-sylt\/wp-content\/uploads\/2022\/01\/5FBFFD3A-5D39-4474-8C3E-B70AC1B41133-1024x682.jpeg 1024w, https:\/\/jessel.de\/365-tage-sylt\/wp-content\/uploads\/2022\/01\/5FBFFD3A-5D39-4474-8C3E-B70AC1B41133-768x511.jpeg 768w\" sizes=\"auto, (max-width: 1202px) 100vw, 1202px\" \/><\/p>\n<p><img loading=\"lazy\" decoding=\"async\" class=\"alignnone size-full wp-image-10331\" src=\"https:\/\/jessel.de\/365-tage-sylt\/wp-content\/uploads\/2022\/01\/CCF209BC-8277-4CE8-99E5-30EDE190DDE3.jpeg\" alt=\"\" width=\"1202\" height=\"800\" srcset=\"https:\/\/jessel.de\/365-tage-sylt\/wp-content\/uploads\/2022\/01\/CCF209BC-8277-4CE8-99E5-30EDE190DDE3.jpeg 1202w, https:\/\/jessel.de\/365-tage-sylt\/wp-content\/uploads\/2022\/01\/CCF209BC-8277-4CE8-99E5-30EDE190DDE3-300x200.jpeg 300w, https:\/\/jessel.de\/365-tage-sylt\/wp-content\/uploads\/2022\/01\/CCF209BC-8277-4CE8-99E5-30EDE190DDE3-1024x682.jpeg 1024w, https:\/\/jessel.de\/365-tage-sylt\/wp-content\/uploads\/2022\/01\/CCF209BC-8277-4CE8-99E5-30EDE190DDE3-768x511.jpeg 768w\" sizes=\"auto, (max-width: 1202px) 100vw, 1202px\" \/><\/p>\n","protected":false},"excerpt":{"rendered":"<p>Zum Nachmittag h\u00f6rt der Regen mit einem finalen Schauer auf, und es legt sich ein (aus fotografischer Sicht) interessanter Nebel \u00fcber die Insel\u2026 ich ziehe nochmal los, au\u00dferdem soll frische Luft ja gut tun. Und mir gelingt das angepeilte Foto genau so, wie es mir in der Silvesternacht im Traum erschien: Wunderbar, die Krummholzkiefern, die ihre zu schwer gewordenen \u00c4ste zum Boden neigen, wo diese neue Wurzeln schlagen und erneut&hellip;<\/p>\n","protected":false},"author":2,"featured_media":10325,"comment_status":"open","ping_status":"open","sticky":false,"template":"","format":"standard","meta":{"footnotes":""},"categories":[27,39,24,25,44,35,4,23],"tags":[],"class_list":["post-10324","post","type-post","status-publish","format-standard","has-post-thumbnail","hentry","category-alle-bilder","category-arbeit","category-duenen","category-kampen","category-pflanzen","category-schlechtes-wetter","category-spuren","category-winter"],"jetpack_featured_media_url":"https:\/\/jessel.de\/365-tage-sylt\/wp-content\/uploads\/2022\/01\/0BC9DF08-BE99-4EF8-A99A-8EA561475DF3.jpeg","_links":{"self":[{"href":"https:\/\/jessel.de\/365-tage-sylt\/wp-json\/wp\/v2\/posts\/10324","targetHints":{"allow":["GET"]}}],"collection":[{"href":"https:\/\/jessel.de\/365-tage-sylt\/wp-json\/wp\/v2\/posts"}],"about":[{"href":"https:\/\/jessel.de\/365-tage-sylt\/wp-json\/wp\/v2\/types\/post"}],"author":[{"embeddable":true,"href":"https:\/\/jessel.de\/365-tage-sylt\/wp-json\/wp\/v2\/users\/2"}],"replies":[{"embeddable":true,"href":"https:\/\/jessel.de\/365-tage-sylt\/wp-json\/wp\/v2\/comments?post=10324"}],"version-history":[{"count":4,"href":"https:\/\/jessel.de\/365-tage-sylt\/wp-json\/wp\/v2\/posts\/10324\/revisions"}],"predecessor-version":[{"id":10334,"href":"https:\/\/jessel.de\/365-tage-sylt\/wp-json\/wp\/v2\/posts\/10324\/revisions\/10334"}],"wp:featuredmedia":[{"embeddable":true,"href":"https:\/\/jessel.de\/365-tage-sylt\/wp-json\/wp\/v2\/media\/10325"}],"wp:attachment":[{"href":"https:\/\/jessel.de\/365-tage-sylt\/wp-json\/wp\/v2\/media?parent=10324"}],"wp:term":[{"taxonomy":"category","embeddable":true,"href":"https:\/\/jessel.de\/365-tage-sylt\/wp-json\/wp\/v2\/categories?post=10324"},{"taxonomy":"post_tag","embeddable":true,"href":"https:\/\/jessel.de\/365-tage-sylt\/wp-json\/wp\/v2\/tags?post=10324"}],"curies":[{"name":"wp","href":"https:\/\/api.w.org\/{rel}","templated":true}]}}