{"id":10387,"date":"2022-01-09T07:55:37","date_gmt":"2022-01-09T07:55:37","guid":{"rendered":"https:\/\/jessel.de\/365-tage-sylt\/?p=10387"},"modified":"2022-01-10T06:02:24","modified_gmt":"2022-01-10T06:02:24","slug":"9-januar-einige-neuigkeiten","status":"publish","type":"post","link":"https:\/\/jessel.de\/365-tage-sylt\/9-januar-einige-neuigkeiten\/","title":{"rendered":"9. Januar: Einige Neuigkeiten zum Jahreswechsel"},"content":{"rendered":"<p>Diese Woche besuchte ich u.a. meinen Kalenderverleger Frank Rosemann, mit dem ich seit nunmehr fast 40(!) Jahren zusammenarbeite. Wir sind beide gleicherma\u00dfen fasziniert von guten Fotografien, und die gemeinsamen Bildauswahlen f\u00fcr meine Kalender sind immer wieder ein H\u00f6hepunkt meiner Arbeit, weil ich eigentlich erst in diesen Wochen des Jahres wirklich checke, was ich da alles an Fotos zusammengeschaufelt habe im Laufe eines zur\u00fcckliegenden Jahres. Der ganze Prozess der Auswahlen und Betextungen erstreckt sich stets \u00fcber mehrere Monate, wobei den ersten Andrucken nat\u00fcrlich die allergr\u00f6\u00dfte Beachtung geschenkt wird. Anfang der Woche stand nun die letzte Begutachtung des 2023er MEERLANDSCHAFT &#8211; Panoramakalenders an. Gelegenheit f\u00fcr finale Korrekturen in Text und Bildern, im Buchhandel erscheint das gute St\u00fcck dann sp\u00e4testens vor Ostern:<\/p>\n<p><img loading=\"lazy\" decoding=\"async\" class=\"alignnone size-full wp-image-10390\" src=\"https:\/\/jessel.de\/365-tage-sylt\/wp-content\/uploads\/2022\/01\/417FA6D1-8A9C-4866-949C-A9C215A48E3A.jpeg\" alt=\"\" width=\"1100\" height=\"800\" srcset=\"https:\/\/jessel.de\/365-tage-sylt\/wp-content\/uploads\/2022\/01\/417FA6D1-8A9C-4866-949C-A9C215A48E3A.jpeg 1100w, https:\/\/jessel.de\/365-tage-sylt\/wp-content\/uploads\/2022\/01\/417FA6D1-8A9C-4866-949C-A9C215A48E3A-300x218.jpeg 300w, https:\/\/jessel.de\/365-tage-sylt\/wp-content\/uploads\/2022\/01\/417FA6D1-8A9C-4866-949C-A9C215A48E3A-1024x745.jpeg 1024w, https:\/\/jessel.de\/365-tage-sylt\/wp-content\/uploads\/2022\/01\/417FA6D1-8A9C-4866-949C-A9C215A48E3A-768x559.jpeg 768w\" sizes=\"auto, (max-width: 1100px) 100vw, 1100px\" \/><\/p>\n<p>Bereits im Dezember erschien das Buch \u201eMensch &#8211; Kampen\u201c,\u2026:<\/p>\n<p><img loading=\"lazy\" decoding=\"async\" class=\"alignnone size-full wp-image-10397\" src=\"https:\/\/jessel.de\/365-tage-sylt\/wp-content\/uploads\/2022\/01\/4BB7A576-44C1-4286-B0C3-B6841F276190.jpeg\" alt=\"\" width=\"1100\" height=\"800\" srcset=\"https:\/\/jessel.de\/365-tage-sylt\/wp-content\/uploads\/2022\/01\/4BB7A576-44C1-4286-B0C3-B6841F276190.jpeg 1100w, https:\/\/jessel.de\/365-tage-sylt\/wp-content\/uploads\/2022\/01\/4BB7A576-44C1-4286-B0C3-B6841F276190-300x218.jpeg 300w, https:\/\/jessel.de\/365-tage-sylt\/wp-content\/uploads\/2022\/01\/4BB7A576-44C1-4286-B0C3-B6841F276190-1024x745.jpeg 1024w, https:\/\/jessel.de\/365-tage-sylt\/wp-content\/uploads\/2022\/01\/4BB7A576-44C1-4286-B0C3-B6841F276190-768x559.jpeg 768w\" sizes=\"auto, (max-width: 1100px) 100vw, 1100px\" \/><\/p>\n<p>\u2026 der Journalistin Imke Wein, die im Auftrag der Gemeinde insgesamt 24 \u201eOriginale\u201c Kampens interviewte. Gaaanz spannend! Auch mir erhellte sich so Einiges, was u. a. die Geschichte des \u201eProminenten-Dorfs\u201c angeht.<br \/>\nNeben den professionellen Foto-Portraits von Nicole Mai, sozusagen einer Nachbarin von mir im Norden Westerlands, durfte ich 16 doppelseitige Landschaftsfotos aus Kampen beisteuern. Diese werden aufmerksame Blogleser zum guten Teil wiedererkennen, nun jedoch in ganzer Pracht und Detailsch\u00e4rfe anschauen k\u00f6nnen:<\/p>\n<p><img loading=\"lazy\" decoding=\"async\" class=\"alignnone size-full wp-image-10396\" src=\"https:\/\/jessel.de\/365-tage-sylt\/wp-content\/uploads\/2022\/01\/E2A55764-70AA-4939-AFD0-A3FEB1C7B4E5.jpeg\" alt=\"\" width=\"1100\" height=\"800\" srcset=\"https:\/\/jessel.de\/365-tage-sylt\/wp-content\/uploads\/2022\/01\/E2A55764-70AA-4939-AFD0-A3FEB1C7B4E5.jpeg 1100w, https:\/\/jessel.de\/365-tage-sylt\/wp-content\/uploads\/2022\/01\/E2A55764-70AA-4939-AFD0-A3FEB1C7B4E5-300x218.jpeg 300w, https:\/\/jessel.de\/365-tage-sylt\/wp-content\/uploads\/2022\/01\/E2A55764-70AA-4939-AFD0-A3FEB1C7B4E5-1024x745.jpeg 1024w, https:\/\/jessel.de\/365-tage-sylt\/wp-content\/uploads\/2022\/01\/E2A55764-70AA-4939-AFD0-A3FEB1C7B4E5-768x559.jpeg 768w\" sizes=\"auto, (max-width: 1100px) 100vw, 1100px\" \/><\/p>\n<p>Schlie\u00dflich noch eine Aufgabe f\u00fcr R\u00e4tselfreunde: Wer die Adresse www.falkensternfineart.com eingibt und dort die \u201eFFA Galerie digital\u201c w\u00e4hlt, landet wo!? Und findet, in den Originalr\u00e4umen einer der bekanntesten Galerien der Insel fr\u00f6hlich lustwandelnd, u. a. eine Fotografie von wem!? Viel Spa\u00df beim Suchen\u2026 und ggf. etwas Geduld beim Laden der digitalen Galerie, da diese recht datenaufw\u00e4ndig ist.<\/p>\n","protected":false},"excerpt":{"rendered":"<p>Diese Woche besuchte ich u.a. meinen Kalenderverleger Frank Rosemann, mit dem ich seit nunmehr fast 40(!) Jahren zusammenarbeite. Wir sind beide gleicherma\u00dfen fasziniert von guten Fotografien, und die gemeinsamen Bildauswahlen f\u00fcr meine Kalender sind immer wieder ein H\u00f6hepunkt meiner Arbeit, weil ich eigentlich erst in diesen Wochen des Jahres wirklich checke, was ich da alles an Fotos zusammengeschaufelt habe im Laufe eines zur\u00fcckliegenden Jahres. Der ganze Prozess der Auswahlen und&hellip;<\/p>\n","protected":false},"author":2,"featured_media":10389,"comment_status":"open","ping_status":"open","sticky":false,"template":"","format":"standard","meta":{"footnotes":""},"categories":[27,39,3,4,26,2,7,23],"tags":[],"class_list":["post-10387","post","type-post","status-publish","format-standard","has-post-thumbnail","hentry","category-alle-bilder","category-arbeit","category-menschen","category-spuren","category-strand","category-tourismus","category-westerland","category-winter"],"jetpack_featured_media_url":"https:\/\/jessel.de\/365-tage-sylt\/wp-content\/uploads\/2022\/01\/400AC2D9-EBAB-4AD6-BF7E-51B7BD1DDCAB.jpeg","_links":{"self":[{"href":"https:\/\/jessel.de\/365-tage-sylt\/wp-json\/wp\/v2\/posts\/10387","targetHints":{"allow":["GET"]}}],"collection":[{"href":"https:\/\/jessel.de\/365-tage-sylt\/wp-json\/wp\/v2\/posts"}],"about":[{"href":"https:\/\/jessel.de\/365-tage-sylt\/wp-json\/wp\/v2\/types\/post"}],"author":[{"embeddable":true,"href":"https:\/\/jessel.de\/365-tage-sylt\/wp-json\/wp\/v2\/users\/2"}],"replies":[{"embeddable":true,"href":"https:\/\/jessel.de\/365-tage-sylt\/wp-json\/wp\/v2\/comments?post=10387"}],"version-history":[{"count":9,"href":"https:\/\/jessel.de\/365-tage-sylt\/wp-json\/wp\/v2\/posts\/10387\/revisions"}],"predecessor-version":[{"id":10405,"href":"https:\/\/jessel.de\/365-tage-sylt\/wp-json\/wp\/v2\/posts\/10387\/revisions\/10405"}],"wp:featuredmedia":[{"embeddable":true,"href":"https:\/\/jessel.de\/365-tage-sylt\/wp-json\/wp\/v2\/media\/10389"}],"wp:attachment":[{"href":"https:\/\/jessel.de\/365-tage-sylt\/wp-json\/wp\/v2\/media?parent=10387"}],"wp:term":[{"taxonomy":"category","embeddable":true,"href":"https:\/\/jessel.de\/365-tage-sylt\/wp-json\/wp\/v2\/categories?post=10387"},{"taxonomy":"post_tag","embeddable":true,"href":"https:\/\/jessel.de\/365-tage-sylt\/wp-json\/wp\/v2\/tags?post=10387"}],"curies":[{"name":"wp","href":"https:\/\/api.w.org\/{rel}","templated":true}]}}