{"id":10493,"date":"2022-01-23T11:30:26","date_gmt":"2022-01-23T11:30:26","guid":{"rendered":"https:\/\/jessel.de\/365-tage-sylt\/?p=10493"},"modified":"2022-01-23T11:34:03","modified_gmt":"2022-01-23T11:34:03","slug":"22-23-januar-nochn-nachschlach","status":"publish","type":"post","link":"https:\/\/jessel.de\/365-tage-sylt\/22-23-januar-nochn-nachschlach\/","title":{"rendered":"22.\/23. Januar: \u201eNoch\u2018n Nachschlach!?\u201c"},"content":{"rendered":"<p>Mein Wunsch am Geburtstagsabend: Eine Original Brasilianische Feijoada! Wie gut, dass wir eine gute Freundin haben, die mit einem \u00a0Original Brasilianischen Capoeira-Lehrer (und Hobbykoch\u2026) liiert ist. Die besuchen wir doch gleich mal am sp\u00e4ten Nachmittag. Meine Sorge, heute nicht mehr satt zu werden, verfliegt sehr schnell. Nelson leistet seit 24 Stunden ganze Arbeit, denn eine gute Feijoada, immerhin das Nationalgericht eines Volkes von 280 Millionen Einwohnern, wird nicht mal so eben zwischen T\u00fcr und Angel zubereitet. Besonders beeindruckend die verwendete Gew\u00fcrzpalette: Von Kurkuma \u00fcber Ingwer bis Kardamon ist alles vertreten, was Einem den Schweiss auf die Stirn treibt &#8211; angeblich selbst bei brasilianischen Au\u00dfentemperaturen von 35 Grad v\u00f6llig ok. Uns reicht\u2019s auch so schon, mit M\u00fche schaffe ich den Nachschlag &#8211; und der (Geburts-)Tag ist gelaufen\u2026<\/p>\n<p>Heute vormittag besuchen wir den Strausberger Platz\u2026:<\/p>\n<p><img loading=\"lazy\" decoding=\"async\" class=\"size-full wp-image-10495\" src=\"https:\/\/jessel.de\/365-tage-sylt\/wp-content\/uploads\/2022\/01\/CBF90390-7A40-4270-A67F-1B5F7222ECC7.jpeg\" alt=\"\" width=\"1100\" height=\"800\" srcset=\"https:\/\/jessel.de\/365-tage-sylt\/wp-content\/uploads\/2022\/01\/CBF90390-7A40-4270-A67F-1B5F7222ECC7.jpeg 1100w, https:\/\/jessel.de\/365-tage-sylt\/wp-content\/uploads\/2022\/01\/CBF90390-7A40-4270-A67F-1B5F7222ECC7-300x218.jpeg 300w, https:\/\/jessel.de\/365-tage-sylt\/wp-content\/uploads\/2022\/01\/CBF90390-7A40-4270-A67F-1B5F7222ECC7-1024x745.jpeg 1024w, https:\/\/jessel.de\/365-tage-sylt\/wp-content\/uploads\/2022\/01\/CBF90390-7A40-4270-A67F-1B5F7222ECC7-768x559.jpeg 768w\" sizes=\"auto, (max-width: 1100px) 100vw, 1100px\" \/><\/p>\n<p>\u2026 zu einem Familienfr\u00fchst\u00fcck mit herrlicher Aussicht:<\/p>\n<p><img loading=\"lazy\" decoding=\"async\" class=\"alignnone size-full wp-image-10494\" src=\"https:\/\/jessel.de\/365-tage-sylt\/wp-content\/uploads\/2022\/01\/96D4B2C0-15D6-42F6-8F16-A2F3A82A8360.jpeg\" alt=\"\" width=\"1100\" height=\"800\" srcset=\"https:\/\/jessel.de\/365-tage-sylt\/wp-content\/uploads\/2022\/01\/96D4B2C0-15D6-42F6-8F16-A2F3A82A8360.jpeg 1100w, https:\/\/jessel.de\/365-tage-sylt\/wp-content\/uploads\/2022\/01\/96D4B2C0-15D6-42F6-8F16-A2F3A82A8360-300x218.jpeg 300w, https:\/\/jessel.de\/365-tage-sylt\/wp-content\/uploads\/2022\/01\/96D4B2C0-15D6-42F6-8F16-A2F3A82A8360-1024x745.jpeg 1024w, https:\/\/jessel.de\/365-tage-sylt\/wp-content\/uploads\/2022\/01\/96D4B2C0-15D6-42F6-8F16-A2F3A82A8360-768x559.jpeg 768w\" sizes=\"auto, (max-width: 1100px) 100vw, 1100px\" \/><\/p>\n<p>Schon sehr abwechslungsreich, so ein Berlin-Trip. Weiter geht\u2019s sp\u00e4ter\u2026<\/p>\n","protected":false},"excerpt":{"rendered":"<p>Mein Wunsch am Geburtstagsabend: Eine Original Brasilianische Feijoada! Wie gut, dass wir eine gute Freundin haben, die mit einem \u00a0Original Brasilianischen Capoeira-Lehrer (und Hobbykoch\u2026) liiert ist. Die besuchen wir doch gleich mal am sp\u00e4ten Nachmittag. Meine Sorge, heute nicht mehr satt zu werden, verfliegt sehr schnell. Nelson leistet seit 24 Stunden ganze Arbeit, denn eine gute Feijoada, immerhin das Nationalgericht eines Volkes von 280 Millionen Einwohnern, wird nicht mal so&hellip;<\/p>\n","protected":false},"author":2,"featured_media":10496,"comment_status":"open","ping_status":"open","sticky":false,"template":"","format":"standard","meta":{"footnotes":""},"categories":[27,39,28,43,30,23,33],"tags":[],"class_list":["post-10493","post","type-post","status-publish","format-standard","has-post-thumbnail","hentry","category-alle-bilder","category-arbeit","category-haeuser","category-kulinarik","category-tradition","category-winter","category-woanders"],"jetpack_featured_media_url":"https:\/\/jessel.de\/365-tage-sylt\/wp-content\/uploads\/2022\/01\/198E46D7-986C-45B7-A4A6-48A80F2D40E2.jpeg","_links":{"self":[{"href":"https:\/\/jessel.de\/365-tage-sylt\/wp-json\/wp\/v2\/posts\/10493","targetHints":{"allow":["GET"]}}],"collection":[{"href":"https:\/\/jessel.de\/365-tage-sylt\/wp-json\/wp\/v2\/posts"}],"about":[{"href":"https:\/\/jessel.de\/365-tage-sylt\/wp-json\/wp\/v2\/types\/post"}],"author":[{"embeddable":true,"href":"https:\/\/jessel.de\/365-tage-sylt\/wp-json\/wp\/v2\/users\/2"}],"replies":[{"embeddable":true,"href":"https:\/\/jessel.de\/365-tage-sylt\/wp-json\/wp\/v2\/comments?post=10493"}],"version-history":[{"count":5,"href":"https:\/\/jessel.de\/365-tage-sylt\/wp-json\/wp\/v2\/posts\/10493\/revisions"}],"predecessor-version":[{"id":10501,"href":"https:\/\/jessel.de\/365-tage-sylt\/wp-json\/wp\/v2\/posts\/10493\/revisions\/10501"}],"wp:featuredmedia":[{"embeddable":true,"href":"https:\/\/jessel.de\/365-tage-sylt\/wp-json\/wp\/v2\/media\/10496"}],"wp:attachment":[{"href":"https:\/\/jessel.de\/365-tage-sylt\/wp-json\/wp\/v2\/media?parent=10493"}],"wp:term":[{"taxonomy":"category","embeddable":true,"href":"https:\/\/jessel.de\/365-tage-sylt\/wp-json\/wp\/v2\/categories?post=10493"},{"taxonomy":"post_tag","embeddable":true,"href":"https:\/\/jessel.de\/365-tage-sylt\/wp-json\/wp\/v2\/tags?post=10493"}],"curies":[{"name":"wp","href":"https:\/\/api.w.org\/{rel}","templated":true}]}}