{"id":1050,"date":"2017-05-18T16:56:13","date_gmt":"2017-05-18T16:56:13","guid":{"rendered":"http:\/\/jessel.de\/365-tage-sylt\/?p=1050"},"modified":"2017-05-18T19:05:30","modified_gmt":"2017-05-18T19:05:30","slug":"der-suesse-duft-des-suedens","status":"publish","type":"post","link":"https:\/\/jessel.de\/365-tage-sylt\/der-suesse-duft-des-suedens\/","title":{"rendered":"Der s\u00fc\u00dfe Duft des S\u00fcdens"},"content":{"rendered":"<p>Trotz der zum Beginn der Nacht noch hohen Temperaturen in meinem Caravan schlafe ich den Schlaf der Seeligen&#8230; Im Morgengrauen will ich doch mal schauen, ob der See noch da ist: WAS f\u00fcr ein schwangerer Duft, als ich vor die T\u00fcre trete! S\u00fc\u00df und satt, alle mediterranen Gew\u00fcrze haben sich hier versammelt &#8211; bei kompletter Calme, gro\u00dfes olfaktorisches Natur-Theater.<\/p>\n<p>\u00dcber den Lago\u00a0d&#8217;Iseo wurde erst vor einem Jahr viel gesprochen, als CHRISTO hier im Rahmen des Kunstprojekts &#8222;Floating Piers&#8220; zwei Inseln mit dem Festland verband. Die schwimmenden, rosafarbenen Piers bestanden nur 16 Tage &#8211; und es kamen mehr als eine Million Besucher. Auf die gro\u00dfe der beiden Inseln blicken wir beim Titelbild.<\/p>\n<p>Heute fr\u00fch geht es vergleichsweise profan zu. Ich erwarte den italienischen Manfred Degen um 7:30 Uhr, bekomme noch einen herrlichen Cappuccino auf der Terrasse &#8211; und verabschiede mich:<\/p>\n<p><img loading=\"lazy\" decoding=\"async\" class=\"alignnone size-full wp-image-1053\" src=\"http:\/\/jessel.de\/365-tage-sylt\/wp-content\/uploads\/2017\/05\/IMG_0459.jpg\" alt=\"\" width=\"2419\" height=\"1815\" srcset=\"https:\/\/jessel.de\/365-tage-sylt\/wp-content\/uploads\/2017\/05\/IMG_0459.jpg 2419w, https:\/\/jessel.de\/365-tage-sylt\/wp-content\/uploads\/2017\/05\/IMG_0459-300x225.jpg 300w, https:\/\/jessel.de\/365-tage-sylt\/wp-content\/uploads\/2017\/05\/IMG_0459-768x576.jpg 768w, https:\/\/jessel.de\/365-tage-sylt\/wp-content\/uploads\/2017\/05\/IMG_0459-1024x768.jpg 1024w\" sizes=\"auto, (max-width: 2419px) 100vw, 2419px\" \/><\/p>\n<p>Weiter geht&#8217;s! Kaum drei Minuten sp\u00e4ter befinde ich mich wieder in der Verkehrsh\u00f6lle \u00a0&#8211; die kann man nicht beschreiben, man muss diesen Irrsinn durchlitten haben.<\/p>\n<p>Umso \u00fcberraschter bin ich, als mein Navi mich nur wenige Kilometer hinter Iseo von der Hauptstrasse entf\u00fchrt: Ein Radweg durch das Franciacorta-Weingebiet, bis zum gut 30 km entfernten BRESCIA:<\/p>\n<p><img loading=\"lazy\" decoding=\"async\" class=\"alignnone size-full wp-image-1058\" src=\"http:\/\/jessel.de\/365-tage-sylt\/wp-content\/uploads\/2017\/05\/IMG_0470.jpg\" alt=\"\" width=\"1422\" height=\"800\" srcset=\"https:\/\/jessel.de\/365-tage-sylt\/wp-content\/uploads\/2017\/05\/IMG_0470.jpg 1422w, https:\/\/jessel.de\/365-tage-sylt\/wp-content\/uploads\/2017\/05\/IMG_0470-300x169.jpg 300w, https:\/\/jessel.de\/365-tage-sylt\/wp-content\/uploads\/2017\/05\/IMG_0470-768x432.jpg 768w, https:\/\/jessel.de\/365-tage-sylt\/wp-content\/uploads\/2017\/05\/IMG_0470-1024x576.jpg 1024w\" sizes=\"auto, (max-width: 1422px) 100vw, 1422px\" \/><\/p>\n<p>Da kommt gute Laune auf! Vorbei an Chateau-m\u00e4\u00dfigen Weing\u00fctern gehts \u00fcber landwirtschaftliche Wege flink voran:<\/p>\n<p><img loading=\"lazy\" decoding=\"async\" class=\"alignnone size-full wp-image-1057\" src=\"http:\/\/jessel.de\/365-tage-sylt\/wp-content\/uploads\/2017\/05\/IMG_0469.jpg\" alt=\"\" width=\"1422\" height=\"800\" srcset=\"https:\/\/jessel.de\/365-tage-sylt\/wp-content\/uploads\/2017\/05\/IMG_0469.jpg 1422w, https:\/\/jessel.de\/365-tage-sylt\/wp-content\/uploads\/2017\/05\/IMG_0469-300x169.jpg 300w, https:\/\/jessel.de\/365-tage-sylt\/wp-content\/uploads\/2017\/05\/IMG_0469-768x432.jpg 768w, https:\/\/jessel.de\/365-tage-sylt\/wp-content\/uploads\/2017\/05\/IMG_0469-1024x576.jpg 1024w\" sizes=\"auto, (max-width: 1422px) 100vw, 1422px\" \/><\/p>\n<p>Ich f\u00fchle mich, nicht zuletzt aufgrund der gleichen Jahreszeit, auf diesem Teil der Strecke viel an meine letztj\u00e4hrige Pilgerwanderung nach Burgos erinnert&#8230;<\/p>\n<p>Beeindruckend ist der \u00dcbergang der norditalienischen Tiefebene in die schroff ansteigenden Alpen. BRESCIA liegt genau am Fusse dieser gewaltigen Berge &#8211; manchmal reicht der Blick zwischen den tiefgestaffelten H\u00fcgeln bis zu den h\u00f6chsten Graten, die schneebedeckt sind.<\/p>\n<p>Die Ausschilderung bleibt auch hinter Brescia perfekt. So bin ich schon kurz nach 12 Uhr am Gardasee:<\/p>\n<p><img loading=\"lazy\" decoding=\"async\" class=\"alignnone size-full wp-image-1055\" src=\"http:\/\/jessel.de\/365-tage-sylt\/wp-content\/uploads\/2017\/05\/IMG_0467.jpg\" alt=\"\" width=\"1422\" height=\"800\" srcset=\"https:\/\/jessel.de\/365-tage-sylt\/wp-content\/uploads\/2017\/05\/IMG_0467.jpg 1422w, https:\/\/jessel.de\/365-tage-sylt\/wp-content\/uploads\/2017\/05\/IMG_0467-300x169.jpg 300w, https:\/\/jessel.de\/365-tage-sylt\/wp-content\/uploads\/2017\/05\/IMG_0467-768x432.jpg 768w, https:\/\/jessel.de\/365-tage-sylt\/wp-content\/uploads\/2017\/05\/IMG_0467-1024x576.jpg 1024w\" sizes=\"auto, (max-width: 1422px) 100vw, 1422px\" \/><\/p>\n<p>Die Sonne knallt gnadenlos. Da entdecke ich, in einem Ortsteil von LUGANA, dieses Kleinod, direkt am Seeufer. Ich rein:<\/p>\n<p><img loading=\"lazy\" decoding=\"async\" class=\"alignnone size-full wp-image-1056\" src=\"http:\/\/jessel.de\/365-tage-sylt\/wp-content\/uploads\/2017\/05\/IMG_0468.jpg\" alt=\"\" width=\"1422\" height=\"800\" srcset=\"https:\/\/jessel.de\/365-tage-sylt\/wp-content\/uploads\/2017\/05\/IMG_0468.jpg 1422w, https:\/\/jessel.de\/365-tage-sylt\/wp-content\/uploads\/2017\/05\/IMG_0468-300x169.jpg 300w, https:\/\/jessel.de\/365-tage-sylt\/wp-content\/uploads\/2017\/05\/IMG_0468-768x432.jpg 768w, https:\/\/jessel.de\/365-tage-sylt\/wp-content\/uploads\/2017\/05\/IMG_0468-1024x576.jpg 1024w\" sizes=\"auto, (max-width: 1422px) 100vw, 1422px\" \/><\/p>\n<p>Minuten sp\u00e4ter lasse ich mir die k\u00fchlende Seebrise um den \u00fcberhitzten Kopf wehen &#8211; und zu der gro\u00dfen Mineralwasserflasche gibt es ein Gl\u00e4schen LUGANA der prickelnden Art, er duftet nach der Landschaft, die ich eben durchfuhr.<\/p>\n<p>Der Rummel am s\u00fcdlichen Gardasee-Ufer geht gar nicht. So bin ich froh, hinter PESCHIERA DEL GARDA ins Hinterland abzubiegen. Meinen Zielort RIVOLI VERONESE erreiche ich gegen 15:30 Uhr. Hier meine Unterkunft, direkt am Fahrradweg und dem Etsch-Kanal gelegen:<\/p>\n<p><img loading=\"lazy\" decoding=\"async\" class=\"alignnone size-full wp-image-1054\" src=\"http:\/\/jessel.de\/365-tage-sylt\/wp-content\/uploads\/2017\/05\/IMG_0460.jpg\" alt=\"\" width=\"2419\" height=\"1455\" srcset=\"https:\/\/jessel.de\/365-tage-sylt\/wp-content\/uploads\/2017\/05\/IMG_0460.jpg 2419w, https:\/\/jessel.de\/365-tage-sylt\/wp-content\/uploads\/2017\/05\/IMG_0460-300x180.jpg 300w, https:\/\/jessel.de\/365-tage-sylt\/wp-content\/uploads\/2017\/05\/IMG_0460-768x462.jpg 768w, https:\/\/jessel.de\/365-tage-sylt\/wp-content\/uploads\/2017\/05\/IMG_0460-1024x616.jpg 1024w\" sizes=\"auto, (max-width: 2419px) 100vw, 2419px\" \/><\/p>\n<p>Der Chef des Hauses erkennt sofort meinen hohlwangigen Zustand (immerhin sind es wieder 105 km geworden, heute), und l\u00e4sst es sich nicht nehmen, mir pers\u00f6nlich ein Abendessen zu kochen. Hier das Ergebnis, in dem weissen Zelt vorm Haus genossen:<\/p>\n<p><img loading=\"lazy\" decoding=\"async\" class=\"alignnone size-full wp-image-1064\" src=\"http:\/\/jessel.de\/365-tage-sylt\/wp-content\/uploads\/2017\/05\/IMG_0472.jpg\" alt=\"\" width=\"1064\" height=\"798\" srcset=\"https:\/\/jessel.de\/365-tage-sylt\/wp-content\/uploads\/2017\/05\/IMG_0472.jpg 1064w, https:\/\/jessel.de\/365-tage-sylt\/wp-content\/uploads\/2017\/05\/IMG_0472-300x225.jpg 300w, https:\/\/jessel.de\/365-tage-sylt\/wp-content\/uploads\/2017\/05\/IMG_0472-768x576.jpg 768w, https:\/\/jessel.de\/365-tage-sylt\/wp-content\/uploads\/2017\/05\/IMG_0472-1024x768.jpg 1024w\" sizes=\"auto, (max-width: 1064px) 100vw, 1064px\" \/><\/p>\n<p>Dazu gibt&#8217;s einen Valpolicella &#8211; in der Nachbarschaft gewachsen und gekeltert. S\u00e4mtliche zauberhaften Gew\u00fcrze an Salat und der Pasta aus eigenem Garten &#8211; der Tag endet in einer mediterranen Duftorgie, und der Schlaf des Seeligen wartet bereits.<\/p>\n<p>Morgen wird&#8217;s\u00a0ein anstrengender Tag.<\/p>\n<p>&nbsp;<\/p>\n<p>&nbsp;<\/p>\n","protected":false},"excerpt":{"rendered":"<p>Trotz der zum Beginn der Nacht noch hohen Temperaturen in meinem Caravan schlafe ich den Schlaf der Seeligen&#8230; Im Morgengrauen will ich doch mal schauen, ob der See noch da ist: WAS f\u00fcr ein schwangerer Duft, als ich vor die T\u00fcre trete! S\u00fc\u00df und satt, alle mediterranen Gew\u00fcrze haben sich hier versammelt &#8211; bei kompletter Calme, gro\u00dfes olfaktorisches Natur-Theater. \u00dcber den Lago\u00a0d&#8217;Iseo wurde erst vor einem Jahr viel gesprochen, als&hellip;<\/p>\n","protected":false},"author":2,"featured_media":1052,"comment_status":"open","ping_status":"open","sticky":false,"template":"","format":"standard","meta":{"footnotes":""},"categories":[27,41,2,33],"tags":[],"class_list":["post-1050","post","type-post","status-publish","format-standard","has-post-thumbnail","hentry","category-alle-bilder","category-fruehling","category-tourismus","category-woanders"],"jetpack_featured_media_url":"https:\/\/jessel.de\/365-tage-sylt\/wp-content\/uploads\/2017\/05\/IMG_0458.jpg","_links":{"self":[{"href":"https:\/\/jessel.de\/365-tage-sylt\/wp-json\/wp\/v2\/posts\/1050","targetHints":{"allow":["GET"]}}],"collection":[{"href":"https:\/\/jessel.de\/365-tage-sylt\/wp-json\/wp\/v2\/posts"}],"about":[{"href":"https:\/\/jessel.de\/365-tage-sylt\/wp-json\/wp\/v2\/types\/post"}],"author":[{"embeddable":true,"href":"https:\/\/jessel.de\/365-tage-sylt\/wp-json\/wp\/v2\/users\/2"}],"replies":[{"embeddable":true,"href":"https:\/\/jessel.de\/365-tage-sylt\/wp-json\/wp\/v2\/comments?post=1050"}],"version-history":[{"count":5,"href":"https:\/\/jessel.de\/365-tage-sylt\/wp-json\/wp\/v2\/posts\/1050\/revisions"}],"predecessor-version":[{"id":1066,"href":"https:\/\/jessel.de\/365-tage-sylt\/wp-json\/wp\/v2\/posts\/1050\/revisions\/1066"}],"wp:featuredmedia":[{"embeddable":true,"href":"https:\/\/jessel.de\/365-tage-sylt\/wp-json\/wp\/v2\/media\/1052"}],"wp:attachment":[{"href":"https:\/\/jessel.de\/365-tage-sylt\/wp-json\/wp\/v2\/media?parent=1050"}],"wp:term":[{"taxonomy":"category","embeddable":true,"href":"https:\/\/jessel.de\/365-tage-sylt\/wp-json\/wp\/v2\/categories?post=1050"},{"taxonomy":"post_tag","embeddable":true,"href":"https:\/\/jessel.de\/365-tage-sylt\/wp-json\/wp\/v2\/tags?post=1050"}],"curies":[{"name":"wp","href":"https:\/\/api.w.org\/{rel}","templated":true}]}}