{"id":10534,"date":"2022-01-25T15:51:14","date_gmt":"2022-01-25T15:51:14","guid":{"rendered":"https:\/\/jessel.de\/365-tage-sylt\/?p=10534"},"modified":"2022-01-25T20:44:31","modified_gmt":"2022-01-25T20:44:31","slug":"25-januar-hans-allein-in-berlin","status":"publish","type":"post","link":"https:\/\/jessel.de\/365-tage-sylt\/25-januar-hans-allein-in-berlin\/","title":{"rendered":"25. Januar: Hans allein in Berlin!"},"content":{"rendered":"<p>Zu diesem interessanten Thema wird es so Eiiiniges zu berichten geben\u2026<\/p>\n<p>Es beginnt mit einem harmlosen, aber kr\u00e4ftigenden Fr\u00fchst\u00fcck an bekannter Stelle:<\/p>\n<p><img loading=\"lazy\" decoding=\"async\" class=\"alignnone size-full wp-image-10543\" src=\"https:\/\/jessel.de\/365-tage-sylt\/wp-content\/uploads\/2022\/01\/963511BE-3C7B-427A-98B2-B8BF0332276F.jpeg\" alt=\"\" width=\"1200\" height=\"800\" srcset=\"https:\/\/jessel.de\/365-tage-sylt\/wp-content\/uploads\/2022\/01\/963511BE-3C7B-427A-98B2-B8BF0332276F.jpeg 1200w, https:\/\/jessel.de\/365-tage-sylt\/wp-content\/uploads\/2022\/01\/963511BE-3C7B-427A-98B2-B8BF0332276F-300x200.jpeg 300w, https:\/\/jessel.de\/365-tage-sylt\/wp-content\/uploads\/2022\/01\/963511BE-3C7B-427A-98B2-B8BF0332276F-1024x683.jpeg 1024w, https:\/\/jessel.de\/365-tage-sylt\/wp-content\/uploads\/2022\/01\/963511BE-3C7B-427A-98B2-B8BF0332276F-768x512.jpeg 768w\" sizes=\"auto, (max-width: 1200px) 100vw, 1200px\" \/><\/p>\n<p>Danach verabschiedet sich die bessere H\u00e4lfte, und ab sofort gilt es, den Gefahren der Gro\u00dfstadt Paroli zu bieten\u2026 was, wie wir wissen, \u00a0nicht immer in den eigenen H\u00e4nden liegt:<\/p>\n<p><img loading=\"lazy\" decoding=\"async\" class=\"alignnone size-full wp-image-10538\" src=\"https:\/\/jessel.de\/365-tage-sylt\/wp-content\/uploads\/2022\/01\/CE1245F4-13BB-47B3-99BA-5E0FC3F32197.jpeg\" alt=\"\" width=\"1200\" height=\"800\" srcset=\"https:\/\/jessel.de\/365-tage-sylt\/wp-content\/uploads\/2022\/01\/CE1245F4-13BB-47B3-99BA-5E0FC3F32197.jpeg 1200w, https:\/\/jessel.de\/365-tage-sylt\/wp-content\/uploads\/2022\/01\/CE1245F4-13BB-47B3-99BA-5E0FC3F32197-300x200.jpeg 300w, https:\/\/jessel.de\/365-tage-sylt\/wp-content\/uploads\/2022\/01\/CE1245F4-13BB-47B3-99BA-5E0FC3F32197-1024x683.jpeg 1024w, https:\/\/jessel.de\/365-tage-sylt\/wp-content\/uploads\/2022\/01\/CE1245F4-13BB-47B3-99BA-5E0FC3F32197-768x512.jpeg 768w\" sizes=\"auto, (max-width: 1200px) 100vw, 1200px\" \/><\/p>\n<p>Deshalb schnell in die n\u00e4chste Foto-Ausstellung\u2026:<\/p>\n<p><img loading=\"lazy\" decoding=\"async\" class=\"size-full wp-image-10539\" src=\"https:\/\/jessel.de\/365-tage-sylt\/wp-content\/uploads\/2022\/01\/94234409-2370-4F46-BACE-FC0A36C9A379.jpeg\" alt=\"\" width=\"1200\" height=\"800\" srcset=\"https:\/\/jessel.de\/365-tage-sylt\/wp-content\/uploads\/2022\/01\/94234409-2370-4F46-BACE-FC0A36C9A379.jpeg 1200w, https:\/\/jessel.de\/365-tage-sylt\/wp-content\/uploads\/2022\/01\/94234409-2370-4F46-BACE-FC0A36C9A379-300x200.jpeg 300w, https:\/\/jessel.de\/365-tage-sylt\/wp-content\/uploads\/2022\/01\/94234409-2370-4F46-BACE-FC0A36C9A379-1024x683.jpeg 1024w, https:\/\/jessel.de\/365-tage-sylt\/wp-content\/uploads\/2022\/01\/94234409-2370-4F46-BACE-FC0A36C9A379-768x512.jpeg 768w\" sizes=\"auto, (max-width: 1200px) 100vw, 1200px\" \/><\/p>\n<p>\u2026 die vor Jahren in den USA Furore machte, und nun &#8211; dankenswerter Weise &#8211; in der Galerie Bar Brass am Charlottenburger Spreeufer zu sehen ist:<\/p>\n<p><img loading=\"lazy\" decoding=\"async\" class=\"size-full wp-image-10542\" src=\"https:\/\/jessel.de\/365-tage-sylt\/wp-content\/uploads\/2022\/01\/A3E2355D-0955-4920-8DBB-BAFE8CC52473.jpeg\" alt=\"\" width=\"900\" height=\"1200\" srcset=\"https:\/\/jessel.de\/365-tage-sylt\/wp-content\/uploads\/2022\/01\/A3E2355D-0955-4920-8DBB-BAFE8CC52473.jpeg 900w, https:\/\/jessel.de\/365-tage-sylt\/wp-content\/uploads\/2022\/01\/A3E2355D-0955-4920-8DBB-BAFE8CC52473-225x300.jpeg 225w, https:\/\/jessel.de\/365-tage-sylt\/wp-content\/uploads\/2022\/01\/A3E2355D-0955-4920-8DBB-BAFE8CC52473-768x1024.jpeg 768w\" sizes=\"auto, (max-width: 900px) 100vw, 900px\" \/><\/p>\n<p>Solche Funde sind nat\u00fcrlich ein Aufreger, klar. Mein Interesse wurde sofort geweckt, als ich \u00fcber die fotografische Herangehensweise von Vivian Maier las\u2026 die exakt meinem Antrieb gleicht, wenn ich denn einmal Menschen fotografiere: N\u00e4mlich unbemerkt(!), durchaus mit Schalk und Humor(!), in einem Akt h\u00f6chster Konzentration und Fokussiertheit(!) the right moment(!) zu erwischen. Vor Jahren hatte ich hier im Blog mal beschrieben, wie ich &#8211; pers\u00f6nlich gef\u00fchlt &#8211; in eine Gedanken-Blase verschwinde, um aus dieser heraus zu meinem Wunschbild zu gelangen.<\/p>\n<p>Diese Arbeitsweise beherrscht Vivian Maier auch. Allerdings h\u00e4tte die Ausstellung einen kr\u00e4ftigeren Eindruck auf mich hinterlassen, wenn statt der ausgestellten 120 Fotos nur die 40 besten gezeigt worden w\u00e4ren. Wobei die besten Bilder ehrlich gesagt ihre Selbstportraits sind, die oftmals \u00fcber spiegelnde Fl\u00e4chen\u2026:<\/p>\n<p><img loading=\"lazy\" decoding=\"async\" class=\"alignnone size-full wp-image-10541\" src=\"https:\/\/jessel.de\/365-tage-sylt\/wp-content\/uploads\/2022\/01\/4019454F-EDC1-4B2D-A45E-BC4D8FA87F91.jpeg\" alt=\"\" width=\"800\" height=\"1200\" srcset=\"https:\/\/jessel.de\/365-tage-sylt\/wp-content\/uploads\/2022\/01\/4019454F-EDC1-4B2D-A45E-BC4D8FA87F91.jpeg 800w, https:\/\/jessel.de\/365-tage-sylt\/wp-content\/uploads\/2022\/01\/4019454F-EDC1-4B2D-A45E-BC4D8FA87F91-200x300.jpeg 200w, https:\/\/jessel.de\/365-tage-sylt\/wp-content\/uploads\/2022\/01\/4019454F-EDC1-4B2D-A45E-BC4D8FA87F91-683x1024.jpeg 683w, https:\/\/jessel.de\/365-tage-sylt\/wp-content\/uploads\/2022\/01\/4019454F-EDC1-4B2D-A45E-BC4D8FA87F91-768x1152.jpeg 768w\" sizes=\"auto, (max-width: 800px) 100vw, 800px\" \/><\/p>\n<p>\u2026 sehr gekonnt und nicht ohne Schalk eingefangen wurden. K\u00f6stlich:<\/p>\n<p><img loading=\"lazy\" decoding=\"async\" class=\"alignnone size-full wp-image-10540\" src=\"https:\/\/jessel.de\/365-tage-sylt\/wp-content\/uploads\/2022\/01\/B4695250-8B7E-4E56-85E4-81827032ACE1.jpeg\" alt=\"\" width=\"1200\" height=\"800\" srcset=\"https:\/\/jessel.de\/365-tage-sylt\/wp-content\/uploads\/2022\/01\/B4695250-8B7E-4E56-85E4-81827032ACE1.jpeg 1200w, https:\/\/jessel.de\/365-tage-sylt\/wp-content\/uploads\/2022\/01\/B4695250-8B7E-4E56-85E4-81827032ACE1-300x200.jpeg 300w, https:\/\/jessel.de\/365-tage-sylt\/wp-content\/uploads\/2022\/01\/B4695250-8B7E-4E56-85E4-81827032ACE1-1024x683.jpeg 1024w, https:\/\/jessel.de\/365-tage-sylt\/wp-content\/uploads\/2022\/01\/B4695250-8B7E-4E56-85E4-81827032ACE1-768x512.jpeg 768w\" sizes=\"auto, (max-width: 1200px) 100vw, 1200px\" \/><\/p>\n<p>Gef\u00e4llt mir richtig gut:<\/p>\n<p><img loading=\"lazy\" decoding=\"async\" class=\"alignnone size-full wp-image-10550\" src=\"https:\/\/jessel.de\/365-tage-sylt\/wp-content\/uploads\/2022\/01\/ADC795D6-694A-418B-8045-53C7DB47EF74.jpeg\" alt=\"\" width=\"800\" height=\"800\" srcset=\"https:\/\/jessel.de\/365-tage-sylt\/wp-content\/uploads\/2022\/01\/ADC795D6-694A-418B-8045-53C7DB47EF74.jpeg 800w, https:\/\/jessel.de\/365-tage-sylt\/wp-content\/uploads\/2022\/01\/ADC795D6-694A-418B-8045-53C7DB47EF74-300x300.jpeg 300w, https:\/\/jessel.de\/365-tage-sylt\/wp-content\/uploads\/2022\/01\/ADC795D6-694A-418B-8045-53C7DB47EF74-150x150.jpeg 150w, https:\/\/jessel.de\/365-tage-sylt\/wp-content\/uploads\/2022\/01\/ADC795D6-694A-418B-8045-53C7DB47EF74-768x768.jpeg 768w\" sizes=\"auto, (max-width: 800px) 100vw, 800px\" \/><\/p>\n<p>Nach diesem Aderlass geht\u2019s dann noch in mein Lieblings-Schokoladengesch\u00e4ft auf eine 70%ige Schokolade plus -Kuchen:<\/p>\n<p><img loading=\"lazy\" decoding=\"async\" class=\"size-full wp-image-10536\" src=\"https:\/\/jessel.de\/365-tage-sylt\/wp-content\/uploads\/2022\/01\/45142377-0566-41D8-BEA4-618DD03D65FE.jpeg\" alt=\"\" width=\"1200\" height=\"800\" srcset=\"https:\/\/jessel.de\/365-tage-sylt\/wp-content\/uploads\/2022\/01\/45142377-0566-41D8-BEA4-618DD03D65FE.jpeg 1200w, https:\/\/jessel.de\/365-tage-sylt\/wp-content\/uploads\/2022\/01\/45142377-0566-41D8-BEA4-618DD03D65FE-300x200.jpeg 300w, https:\/\/jessel.de\/365-tage-sylt\/wp-content\/uploads\/2022\/01\/45142377-0566-41D8-BEA4-618DD03D65FE-1024x683.jpeg 1024w, https:\/\/jessel.de\/365-tage-sylt\/wp-content\/uploads\/2022\/01\/45142377-0566-41D8-BEA4-618DD03D65FE-768x512.jpeg 768w\" sizes=\"auto, (max-width: 1200px) 100vw, 1200px\" \/><\/p>\n<p>\u2026 und Abends in die Kurpfalzweinstuben in nettester Begleitung:<\/p>\n<p><img loading=\"lazy\" decoding=\"async\" class=\"alignnone size-full wp-image-10551\" src=\"https:\/\/jessel.de\/365-tage-sylt\/wp-content\/uploads\/2022\/01\/0E7FD5A1-E53D-4C98-ACA6-70D1A07B5479.jpeg\" alt=\"\" width=\"1200\" height=\"800\" srcset=\"https:\/\/jessel.de\/365-tage-sylt\/wp-content\/uploads\/2022\/01\/0E7FD5A1-E53D-4C98-ACA6-70D1A07B5479.jpeg 1200w, https:\/\/jessel.de\/365-tage-sylt\/wp-content\/uploads\/2022\/01\/0E7FD5A1-E53D-4C98-ACA6-70D1A07B5479-300x200.jpeg 300w, https:\/\/jessel.de\/365-tage-sylt\/wp-content\/uploads\/2022\/01\/0E7FD5A1-E53D-4C98-ACA6-70D1A07B5479-1024x683.jpeg 1024w, https:\/\/jessel.de\/365-tage-sylt\/wp-content\/uploads\/2022\/01\/0E7FD5A1-E53D-4C98-ACA6-70D1A07B5479-768x512.jpeg 768w\" sizes=\"auto, (max-width: 1200px) 100vw, 1200px\" \/><\/p>\n<p>Gute Nacht!<\/p>\n","protected":false},"excerpt":{"rendered":"<p>Zu diesem interessanten Thema wird es so Eiiiniges zu berichten geben\u2026 Es beginnt mit einem harmlosen, aber kr\u00e4ftigenden Fr\u00fchst\u00fcck an bekannter Stelle: Danach verabschiedet sich die bessere H\u00e4lfte, und ab sofort gilt es, den Gefahren der Gro\u00dfstadt Paroli zu bieten\u2026 was, wie wir wissen, \u00a0nicht immer in den eigenen H\u00e4nden liegt: Deshalb schnell in die n\u00e4chste Foto-Ausstellung\u2026: \u2026 die vor Jahren in den USA Furore machte, und nun &#8211; dankenswerter&hellip;<\/p>\n","protected":false},"author":2,"featured_media":10535,"comment_status":"open","ping_status":"open","sticky":false,"template":"","format":"standard","meta":{"footnotes":""},"categories":[27,39,45,28,3,2,23,33],"tags":[],"class_list":["post-10534","post","type-post","status-publish","format-standard","has-post-thumbnail","hentry","category-alle-bilder","category-arbeit","category-fake-news","category-haeuser","category-menschen","category-tourismus","category-winter","category-woanders"],"jetpack_featured_media_url":"https:\/\/jessel.de\/365-tage-sylt\/wp-content\/uploads\/2022\/01\/464DBBBB-BD55-4D1E-8EC8-39B8B75899D6.jpeg","_links":{"self":[{"href":"https:\/\/jessel.de\/365-tage-sylt\/wp-json\/wp\/v2\/posts\/10534","targetHints":{"allow":["GET"]}}],"collection":[{"href":"https:\/\/jessel.de\/365-tage-sylt\/wp-json\/wp\/v2\/posts"}],"about":[{"href":"https:\/\/jessel.de\/365-tage-sylt\/wp-json\/wp\/v2\/types\/post"}],"author":[{"embeddable":true,"href":"https:\/\/jessel.de\/365-tage-sylt\/wp-json\/wp\/v2\/users\/2"}],"replies":[{"embeddable":true,"href":"https:\/\/jessel.de\/365-tage-sylt\/wp-json\/wp\/v2\/comments?post=10534"}],"version-history":[{"count":6,"href":"https:\/\/jessel.de\/365-tage-sylt\/wp-json\/wp\/v2\/posts\/10534\/revisions"}],"predecessor-version":[{"id":10552,"href":"https:\/\/jessel.de\/365-tage-sylt\/wp-json\/wp\/v2\/posts\/10534\/revisions\/10552"}],"wp:featuredmedia":[{"embeddable":true,"href":"https:\/\/jessel.de\/365-tage-sylt\/wp-json\/wp\/v2\/media\/10535"}],"wp:attachment":[{"href":"https:\/\/jessel.de\/365-tage-sylt\/wp-json\/wp\/v2\/media?parent=10534"}],"wp:term":[{"taxonomy":"category","embeddable":true,"href":"https:\/\/jessel.de\/365-tage-sylt\/wp-json\/wp\/v2\/categories?post=10534"},{"taxonomy":"post_tag","embeddable":true,"href":"https:\/\/jessel.de\/365-tage-sylt\/wp-json\/wp\/v2\/tags?post=10534"}],"curies":[{"name":"wp","href":"https:\/\/api.w.org\/{rel}","templated":true}]}}