{"id":10810,"date":"2022-02-26T15:58:44","date_gmt":"2022-02-26T15:58:44","guid":{"rendered":"https:\/\/jessel.de\/365-tage-sylt\/?p=10810"},"modified":"2022-02-26T17:00:09","modified_gmt":"2022-02-26T17:00:09","slug":"26-februar-einfach-maerchenhaft","status":"publish","type":"post","link":"https:\/\/jessel.de\/365-tage-sylt\/26-februar-einfach-maerchenhaft\/","title":{"rendered":"26. Februar: Einfach m\u00e4rchenhaft!"},"content":{"rendered":"<p>Gestern Abend zeigte der Schrittz\u00e4hler meines Handys die Zahl 25.350. Exakt so habe ich mich auch gef\u00fchlt. Nach einer etwas gr\u00f6\u00dferen Ladung Bratkartoffeln mit algarvischem Gem\u00fcse ging\u2019s dann wieder, immerhin!<\/p>\n<p>Bei der Tourplanung f\u00fcr den heutigen Tag gab\u2019s ein veritables Problem: An Wochenenden fahren die Busse erheblich eingeschr\u00e4nkt, und der Stadtbus, der mich vom Hotel zum vier Kilometer entfernten Busbahnhof bringt, f\u00e4hrt \u00fcberhaupt nicht. Au\u00dferdem gilt stets: Fotos first! Und damit entscheiden erst die wahren Verh\u00e4ltnisse vor Sonnenaufgang, wie ich letztlich den Tag plane.<\/p>\n<p>Mit folgender Vorgehensweise bin ich heute sehr zufrieden geworden:<\/p>\n<p>Zum Sonnenaufgang ging es zuerst an die Klippen vor meiner Unterkunft:<\/p>\n<p><img loading=\"lazy\" decoding=\"async\" class=\"size-full wp-image-10816\" src=\"https:\/\/jessel.de\/365-tage-sylt\/wp-content\/uploads\/2022\/02\/C03197B8-1309-4F8C-8F74-299E936B99C0.jpeg\" alt=\"\" width=\"1100\" height=\"800\" srcset=\"https:\/\/jessel.de\/365-tage-sylt\/wp-content\/uploads\/2022\/02\/C03197B8-1309-4F8C-8F74-299E936B99C0.jpeg 1100w, https:\/\/jessel.de\/365-tage-sylt\/wp-content\/uploads\/2022\/02\/C03197B8-1309-4F8C-8F74-299E936B99C0-300x218.jpeg 300w, https:\/\/jessel.de\/365-tage-sylt\/wp-content\/uploads\/2022\/02\/C03197B8-1309-4F8C-8F74-299E936B99C0-1024x745.jpeg 1024w, https:\/\/jessel.de\/365-tage-sylt\/wp-content\/uploads\/2022\/02\/C03197B8-1309-4F8C-8F74-299E936B99C0-768x559.jpeg 768w\" sizes=\"auto, (max-width: 1100px) 100vw, 1100px\" \/><\/p>\n<p>Da steigt doch schon mal die Stimmung!<\/p>\n<p><img loading=\"lazy\" decoding=\"async\" class=\"size-full wp-image-10818\" src=\"https:\/\/jessel.de\/365-tage-sylt\/wp-content\/uploads\/2022\/02\/2C9A7991-BA64-44F9-81FC-0FB7FE6E83BA.jpeg\" alt=\"\" width=\"1100\" height=\"800\" srcset=\"https:\/\/jessel.de\/365-tage-sylt\/wp-content\/uploads\/2022\/02\/2C9A7991-BA64-44F9-81FC-0FB7FE6E83BA.jpeg 1100w, https:\/\/jessel.de\/365-tage-sylt\/wp-content\/uploads\/2022\/02\/2C9A7991-BA64-44F9-81FC-0FB7FE6E83BA-300x218.jpeg 300w, https:\/\/jessel.de\/365-tage-sylt\/wp-content\/uploads\/2022\/02\/2C9A7991-BA64-44F9-81FC-0FB7FE6E83BA-1024x745.jpeg 1024w, https:\/\/jessel.de\/365-tage-sylt\/wp-content\/uploads\/2022\/02\/2C9A7991-BA64-44F9-81FC-0FB7FE6E83BA-768x559.jpeg 768w\" sizes=\"auto, (max-width: 1100px) 100vw, 1100px\" \/><\/p>\n<p>Im Anschluss zum Markt. Da boxt schon wieder der Papst. Heute gibt\u2019s Rochen, Mur\u00e4nen, Thunfisch, Haie\u2026 und sooolch ein gro\u00dfes Angebot an Muscheln, Krebsen und noch nie gesehenen atlantischen Flossentieren, dass ich mich f\u00fcr das Profanste entscheide: Eine Dorade.<\/p>\n<p><img loading=\"lazy\" decoding=\"async\" class=\"alignnone size-full wp-image-10819\" src=\"https:\/\/jessel.de\/365-tage-sylt\/wp-content\/uploads\/2022\/02\/3EF91954-F47C-4992-B2AA-9F2233DEE9D5.jpeg\" alt=\"\" width=\"1100\" height=\"800\" srcset=\"https:\/\/jessel.de\/365-tage-sylt\/wp-content\/uploads\/2022\/02\/3EF91954-F47C-4992-B2AA-9F2233DEE9D5.jpeg 1100w, https:\/\/jessel.de\/365-tage-sylt\/wp-content\/uploads\/2022\/02\/3EF91954-F47C-4992-B2AA-9F2233DEE9D5-300x218.jpeg 300w, https:\/\/jessel.de\/365-tage-sylt\/wp-content\/uploads\/2022\/02\/3EF91954-F47C-4992-B2AA-9F2233DEE9D5-1024x745.jpeg 1024w, https:\/\/jessel.de\/365-tage-sylt\/wp-content\/uploads\/2022\/02\/3EF91954-F47C-4992-B2AA-9F2233DEE9D5-768x559.jpeg 768w\" sizes=\"auto, (max-width: 1100px) 100vw, 1100px\" \/><\/p>\n<p>Nach dem Verstauen aller Eink\u00e4ufe und einer sch\u00f6pferischen Pause aufm Balkon pilgere ich zur PRAIA GRANDE DO ALVOR, ein Dreiviertelst\u00fcndchen Fu\u00dfmarsch von meinem Domizil gen Westen entfernt:<\/p>\n<p><img loading=\"lazy\" decoding=\"async\" class=\"size-full wp-image-10821\" src=\"https:\/\/jessel.de\/365-tage-sylt\/wp-content\/uploads\/2022\/02\/D128927A-365B-4D09-9645-1A24246414D4.jpeg\" alt=\"\" width=\"1100\" height=\"800\" srcset=\"https:\/\/jessel.de\/365-tage-sylt\/wp-content\/uploads\/2022\/02\/D128927A-365B-4D09-9645-1A24246414D4.jpeg 1100w, https:\/\/jessel.de\/365-tage-sylt\/wp-content\/uploads\/2022\/02\/D128927A-365B-4D09-9645-1A24246414D4-300x218.jpeg 300w, https:\/\/jessel.de\/365-tage-sylt\/wp-content\/uploads\/2022\/02\/D128927A-365B-4D09-9645-1A24246414D4-1024x745.jpeg 1024w, https:\/\/jessel.de\/365-tage-sylt\/wp-content\/uploads\/2022\/02\/D128927A-365B-4D09-9645-1A24246414D4-768x559.jpeg 768w\" sizes=\"auto, (max-width: 1100px) 100vw, 1100px\" \/><\/p>\n<p>Boah, warm wie auf Sylt im Hochsommer! Das Wasser hat 16 Grad. W\u00fcrde ja gerne baden, trau mich aber nicht, denn die Str\u00f6mung ist rei\u00dfend und die Wellen sind mir eine Nummer zu gro\u00df:<br \/>\n<img loading=\"lazy\" decoding=\"async\" class=\"alignnone size-full wp-image-10822\" src=\"https:\/\/jessel.de\/365-tage-sylt\/wp-content\/uploads\/2022\/02\/795F0E64-6DD4-40A4-9303-67138948FDD6.jpeg\" alt=\"\" width=\"1100\" height=\"800\" srcset=\"https:\/\/jessel.de\/365-tage-sylt\/wp-content\/uploads\/2022\/02\/795F0E64-6DD4-40A4-9303-67138948FDD6.jpeg 1100w, https:\/\/jessel.de\/365-tage-sylt\/wp-content\/uploads\/2022\/02\/795F0E64-6DD4-40A4-9303-67138948FDD6-300x218.jpeg 300w, https:\/\/jessel.de\/365-tage-sylt\/wp-content\/uploads\/2022\/02\/795F0E64-6DD4-40A4-9303-67138948FDD6-1024x745.jpeg 1024w, https:\/\/jessel.de\/365-tage-sylt\/wp-content\/uploads\/2022\/02\/795F0E64-6DD4-40A4-9303-67138948FDD6-768x559.jpeg 768w\" sizes=\"auto, (max-width: 1100px) 100vw, 1100px\" \/><\/p>\n<p>Und da ALVOR nun so nahe ist, bummel\u2018 ich doch gleich nochmal r\u00fcber &#8211; damit h\u00e4tte ich dann ein viertel der Tagesetappe nach LAGOS (24 km) bereits erledigt. Ziemlich schlau, finde ich! \ud83d\ude09<\/p>\n<p>ALVOR liegt an einem \u00c4stuar, in dessen M\u00fcndungsgebiet bei Niedrigwasser gro\u00dfe Wattengebiete freifallen. An der Algarve liegt immerhin das zweitgr\u00f6\u00dfte Wattenmeer Europas, der \u00fcberwiegende Teil davon \u00f6stlich von FARO. Es ist Mittagszeit, die Terrassen-Restaurants sind gut gef\u00fcllt, und es duftet nach gegrillten Oktopussen:<\/p>\n<p><img loading=\"lazy\" decoding=\"async\" class=\"size-full wp-image-10828\" src=\"https:\/\/jessel.de\/365-tage-sylt\/wp-content\/uploads\/2022\/02\/6C9CEAA4-0F2B-45FB-9AC0-4D9117DB39A5.jpeg\" alt=\"\" width=\"1100\" height=\"800\" srcset=\"https:\/\/jessel.de\/365-tage-sylt\/wp-content\/uploads\/2022\/02\/6C9CEAA4-0F2B-45FB-9AC0-4D9117DB39A5.jpeg 1100w, https:\/\/jessel.de\/365-tage-sylt\/wp-content\/uploads\/2022\/02\/6C9CEAA4-0F2B-45FB-9AC0-4D9117DB39A5-300x218.jpeg 300w, https:\/\/jessel.de\/365-tage-sylt\/wp-content\/uploads\/2022\/02\/6C9CEAA4-0F2B-45FB-9AC0-4D9117DB39A5-1024x745.jpeg 1024w, https:\/\/jessel.de\/365-tage-sylt\/wp-content\/uploads\/2022\/02\/6C9CEAA4-0F2B-45FB-9AC0-4D9117DB39A5-768x559.jpeg 768w\" sizes=\"auto, (max-width: 1100px) 100vw, 1100px\" \/><\/p>\n<p>Sehr angenehm: Es sind haupts\u00e4chlich Portugiesen, die hier zum Wochenende herfahren:<\/p>\n<p><img loading=\"lazy\" decoding=\"async\" class=\"size-full wp-image-10826\" src=\"https:\/\/jessel.de\/365-tage-sylt\/wp-content\/uploads\/2022\/02\/520AE640-D61F-444F-AD54-2BE270BE2B60.jpeg\" alt=\"\" width=\"1100\" height=\"800\" srcset=\"https:\/\/jessel.de\/365-tage-sylt\/wp-content\/uploads\/2022\/02\/520AE640-D61F-444F-AD54-2BE270BE2B60.jpeg 1100w, https:\/\/jessel.de\/365-tage-sylt\/wp-content\/uploads\/2022\/02\/520AE640-D61F-444F-AD54-2BE270BE2B60-300x218.jpeg 300w, https:\/\/jessel.de\/365-tage-sylt\/wp-content\/uploads\/2022\/02\/520AE640-D61F-444F-AD54-2BE270BE2B60-1024x745.jpeg 1024w, https:\/\/jessel.de\/365-tage-sylt\/wp-content\/uploads\/2022\/02\/520AE640-D61F-444F-AD54-2BE270BE2B60-768x559.jpeg 768w\" sizes=\"auto, (max-width: 1100px) 100vw, 1100px\" \/><\/p>\n<p>Ich bummel\u2018 noch bis zum n\u00f6rdlichen Ortsausgang. Im \u00c4stuar steigt die Flut, und man\/frau sieht den Ort MEXILHOEIRA GRANDE vor der SERRA DO MONCHIQUE, von deren H\u00f6henz\u00fcgen gerade erfolgreich der Regen abgehalten wird, damit\u2026.:<\/p>\n<p><img loading=\"lazy\" decoding=\"async\" class=\"size-full wp-image-10827\" src=\"https:\/\/jessel.de\/365-tage-sylt\/wp-content\/uploads\/2022\/02\/1D73F558-9EAE-4AD5-9305-E03C168320C8.jpeg\" alt=\"\" width=\"1100\" height=\"800\" srcset=\"https:\/\/jessel.de\/365-tage-sylt\/wp-content\/uploads\/2022\/02\/1D73F558-9EAE-4AD5-9305-E03C168320C8.jpeg 1100w, https:\/\/jessel.de\/365-tage-sylt\/wp-content\/uploads\/2022\/02\/1D73F558-9EAE-4AD5-9305-E03C168320C8-300x218.jpeg 300w, https:\/\/jessel.de\/365-tage-sylt\/wp-content\/uploads\/2022\/02\/1D73F558-9EAE-4AD5-9305-E03C168320C8-1024x745.jpeg 1024w, https:\/\/jessel.de\/365-tage-sylt\/wp-content\/uploads\/2022\/02\/1D73F558-9EAE-4AD5-9305-E03C168320C8-768x559.jpeg 768w\" sizes=\"auto, (max-width: 1100px) 100vw, 1100px\" \/><\/p>\n<p>\u2026 Hans noch ein wenig an den Strand gehen kann:<\/p>\n<p><img loading=\"lazy\" decoding=\"async\" class=\"size-full wp-image-10825\" src=\"https:\/\/jessel.de\/365-tage-sylt\/wp-content\/uploads\/2022\/02\/01C1350B-2E52-41E6-BBA9-5DBE24F83A54.jpeg\" alt=\"\" width=\"1100\" height=\"800\" srcset=\"https:\/\/jessel.de\/365-tage-sylt\/wp-content\/uploads\/2022\/02\/01C1350B-2E52-41E6-BBA9-5DBE24F83A54.jpeg 1100w, https:\/\/jessel.de\/365-tage-sylt\/wp-content\/uploads\/2022\/02\/01C1350B-2E52-41E6-BBA9-5DBE24F83A54-300x218.jpeg 300w, https:\/\/jessel.de\/365-tage-sylt\/wp-content\/uploads\/2022\/02\/01C1350B-2E52-41E6-BBA9-5DBE24F83A54-1024x745.jpeg 1024w, https:\/\/jessel.de\/365-tage-sylt\/wp-content\/uploads\/2022\/02\/01C1350B-2E52-41E6-BBA9-5DBE24F83A54-768x559.jpeg 768w\" sizes=\"auto, (max-width: 1100px) 100vw, 1100px\" \/><\/p>\n<p>&nbsp;<\/p>\n","protected":false},"excerpt":{"rendered":"<p>Gestern Abend zeigte der Schrittz\u00e4hler meines Handys die Zahl 25.350. Exakt so habe ich mich auch gef\u00fchlt. Nach einer etwas gr\u00f6\u00dferen Ladung Bratkartoffeln mit algarvischem Gem\u00fcse ging\u2019s dann wieder, immerhin! Bei der Tourplanung f\u00fcr den heutigen Tag gab\u2019s ein veritables Problem: An Wochenenden fahren die Busse erheblich eingeschr\u00e4nkt, und der Stadtbus, der mich vom Hotel zum vier Kilometer entfernten Busbahnhof bringt, f\u00e4hrt \u00fcberhaupt nicht. Au\u00dferdem gilt stets: Fotos first! Und&hellip;<\/p>\n","protected":false},"author":2,"featured_media":10811,"comment_status":"open","ping_status":"open","sticky":false,"template":"","format":"standard","meta":{"footnotes":""},"categories":[27,39,41,28,43,3,4,26,40,2,30,42,33],"tags":[],"class_list":["post-10810","post","type-post","status-publish","format-standard","has-post-thumbnail","hentry","category-alle-bilder","category-arbeit","category-fruehling","category-haeuser","category-kulinarik","category-menschen","category-spuren","category-strand","category-tiere","category-tourismus","category-tradition","category-watt","category-woanders"],"jetpack_featured_media_url":"https:\/\/jessel.de\/365-tage-sylt\/wp-content\/uploads\/2022\/02\/4E13EB1C-3DAC-4790-AB59-5B3C886FAACF.jpeg","_links":{"self":[{"href":"https:\/\/jessel.de\/365-tage-sylt\/wp-json\/wp\/v2\/posts\/10810","targetHints":{"allow":["GET"]}}],"collection":[{"href":"https:\/\/jessel.de\/365-tage-sylt\/wp-json\/wp\/v2\/posts"}],"about":[{"href":"https:\/\/jessel.de\/365-tage-sylt\/wp-json\/wp\/v2\/types\/post"}],"author":[{"embeddable":true,"href":"https:\/\/jessel.de\/365-tage-sylt\/wp-json\/wp\/v2\/users\/2"}],"replies":[{"embeddable":true,"href":"https:\/\/jessel.de\/365-tage-sylt\/wp-json\/wp\/v2\/comments?post=10810"}],"version-history":[{"count":9,"href":"https:\/\/jessel.de\/365-tage-sylt\/wp-json\/wp\/v2\/posts\/10810\/revisions"}],"predecessor-version":[{"id":10829,"href":"https:\/\/jessel.de\/365-tage-sylt\/wp-json\/wp\/v2\/posts\/10810\/revisions\/10829"}],"wp:featuredmedia":[{"embeddable":true,"href":"https:\/\/jessel.de\/365-tage-sylt\/wp-json\/wp\/v2\/media\/10811"}],"wp:attachment":[{"href":"https:\/\/jessel.de\/365-tage-sylt\/wp-json\/wp\/v2\/media?parent=10810"}],"wp:term":[{"taxonomy":"category","embeddable":true,"href":"https:\/\/jessel.de\/365-tage-sylt\/wp-json\/wp\/v2\/categories?post=10810"},{"taxonomy":"post_tag","embeddable":true,"href":"https:\/\/jessel.de\/365-tage-sylt\/wp-json\/wp\/v2\/tags?post=10810"}],"curies":[{"name":"wp","href":"https:\/\/api.w.org\/{rel}","templated":true}]}}