{"id":10989,"date":"2022-03-17T19:46:58","date_gmt":"2022-03-17T19:46:58","guid":{"rendered":"https:\/\/jessel.de\/365-tage-sylt\/?p=10989"},"modified":"2022-03-17T19:46:58","modified_gmt":"2022-03-17T19:46:58","slug":"17-maerz-sind-fruehlingstraeume-schaeume","status":"publish","type":"post","link":"https:\/\/jessel.de\/365-tage-sylt\/17-maerz-sind-fruehlingstraeume-schaeume\/","title":{"rendered":"17. M\u00e4rz: Sind Fr\u00fchlingstr\u00e4ume Sch\u00e4ume?"},"content":{"rendered":"<p>Heute in den fr\u00fchesten Morgenstunden ein ungew\u00f6hnliches Ger\u00e4usch am Schlafzimmerfenster: Ein Ruckeln &#8211; vom Wind, der endlich von See kommt, nach Tagen mit G\u00fclle-Ger\u00fcchen vom Festland.<\/p>\n<p>Die neue Uferpromenade besteht ihre zweite Bew\u00e4hrungsprobe, nach den St\u00fcrmen der zur\u00fcckliegenden Monate: Im milden Abendlicht empfehlen sich die Hohlkehlen f\u00fcr ein gem\u00fctliches Sit-in zum Sonnenuntergang. Wie lang es wohl dauert, bis die Firma Gosch hier die ersten Tische aufstellt und die Bewirtung von oben her organisiert\u2026:<\/p>\n<p><img loading=\"lazy\" decoding=\"async\" class=\"alignnone size-full wp-image-10995\" src=\"https:\/\/jessel.de\/365-tage-sylt\/wp-content\/uploads\/2022\/03\/B5FEECB7-554B-4C6D-8B63-EFDC85004368.jpeg\" alt=\"\" width=\"1200\" height=\"800\" srcset=\"https:\/\/jessel.de\/365-tage-sylt\/wp-content\/uploads\/2022\/03\/B5FEECB7-554B-4C6D-8B63-EFDC85004368.jpeg 1200w, https:\/\/jessel.de\/365-tage-sylt\/wp-content\/uploads\/2022\/03\/B5FEECB7-554B-4C6D-8B63-EFDC85004368-300x200.jpeg 300w, https:\/\/jessel.de\/365-tage-sylt\/wp-content\/uploads\/2022\/03\/B5FEECB7-554B-4C6D-8B63-EFDC85004368-1024x683.jpeg 1024w, https:\/\/jessel.de\/365-tage-sylt\/wp-content\/uploads\/2022\/03\/B5FEECB7-554B-4C6D-8B63-EFDC85004368-768x512.jpeg 768w\" sizes=\"auto, (max-width: 1200px) 100vw, 1200px\" \/><\/p>\n<p>Ich wandere zur Niedrigwasserzeit gen S\u00fcden\u2026:<\/p>\n<p><img loading=\"lazy\" decoding=\"async\" class=\"alignnone size-full wp-image-10993\" src=\"https:\/\/jessel.de\/365-tage-sylt\/wp-content\/uploads\/2022\/03\/44874CFB-DAA6-4518-AAA7-069A026CB7E4.jpeg\" alt=\"\" width=\"1202\" height=\"800\" srcset=\"https:\/\/jessel.de\/365-tage-sylt\/wp-content\/uploads\/2022\/03\/44874CFB-DAA6-4518-AAA7-069A026CB7E4.jpeg 1202w, https:\/\/jessel.de\/365-tage-sylt\/wp-content\/uploads\/2022\/03\/44874CFB-DAA6-4518-AAA7-069A026CB7E4-300x200.jpeg 300w, https:\/\/jessel.de\/365-tage-sylt\/wp-content\/uploads\/2022\/03\/44874CFB-DAA6-4518-AAA7-069A026CB7E4-1024x682.jpeg 1024w, https:\/\/jessel.de\/365-tage-sylt\/wp-content\/uploads\/2022\/03\/44874CFB-DAA6-4518-AAA7-069A026CB7E4-768x511.jpeg 768w\" sizes=\"auto, (max-width: 1202px) 100vw, 1202px\" \/><\/p>\n<p>\u2026 bis es ruhiger wird und die Hohlebbe einen gl\u00e4sernen Wasserfilm auf dem Strand hinterl\u00e4sst:<\/p>\n<p><img loading=\"lazy\" decoding=\"async\" class=\"alignnone size-full wp-image-10994\" src=\"https:\/\/jessel.de\/365-tage-sylt\/wp-content\/uploads\/2022\/03\/E532CCEF-7EAC-44BA-9C55-622CE8E14292.jpeg\" alt=\"\" width=\"1202\" height=\"800\" srcset=\"https:\/\/jessel.de\/365-tage-sylt\/wp-content\/uploads\/2022\/03\/E532CCEF-7EAC-44BA-9C55-622CE8E14292.jpeg 1202w, https:\/\/jessel.de\/365-tage-sylt\/wp-content\/uploads\/2022\/03\/E532CCEF-7EAC-44BA-9C55-622CE8E14292-300x200.jpeg 300w, https:\/\/jessel.de\/365-tage-sylt\/wp-content\/uploads\/2022\/03\/E532CCEF-7EAC-44BA-9C55-622CE8E14292-1024x682.jpeg 1024w, https:\/\/jessel.de\/365-tage-sylt\/wp-content\/uploads\/2022\/03\/E532CCEF-7EAC-44BA-9C55-622CE8E14292-768x511.jpeg 768w\" sizes=\"auto, (max-width: 1202px) 100vw, 1202px\" \/><\/p>\n<p>Die Menschen, die diesen Abend erleben d\u00fcrfen, machen durchweg einen sehr gel\u00f6sten Eindruck, verst\u00e4ndlicherweise. Mehrmals treffe ich auf Blogleser. Kurzes verschw\u00f6rerisches Zunicken oder kleine Gespr\u00e4che \u00fcber die Besonderheit dieses Abends folgen:<\/p>\n<p><img loading=\"lazy\" decoding=\"async\" class=\"size-full wp-image-10992\" src=\"https:\/\/jessel.de\/365-tage-sylt\/wp-content\/uploads\/2022\/03\/8FB7D8FD-4058-423E-B099-B9AB7582BD3E.jpeg\" alt=\"\" width=\"1189\" height=\"800\" srcset=\"https:\/\/jessel.de\/365-tage-sylt\/wp-content\/uploads\/2022\/03\/8FB7D8FD-4058-423E-B099-B9AB7582BD3E.jpeg 1189w, https:\/\/jessel.de\/365-tage-sylt\/wp-content\/uploads\/2022\/03\/8FB7D8FD-4058-423E-B099-B9AB7582BD3E-300x202.jpeg 300w, https:\/\/jessel.de\/365-tage-sylt\/wp-content\/uploads\/2022\/03\/8FB7D8FD-4058-423E-B099-B9AB7582BD3E-1024x689.jpeg 1024w, https:\/\/jessel.de\/365-tage-sylt\/wp-content\/uploads\/2022\/03\/8FB7D8FD-4058-423E-B099-B9AB7582BD3E-768x517.jpeg 768w\" sizes=\"auto, (max-width: 1189px) 100vw, 1189px\" \/><\/p>\n<p>Durch die Friedrichstra\u00dfe pilgere ich nach Hause zur\u00fcck\u2026 der Vollmond wird mich erst morgen besch\u00e4ftigen:<\/p>\n<p><img loading=\"lazy\" decoding=\"async\" class=\"size-full wp-image-10990\" src=\"https:\/\/jessel.de\/365-tage-sylt\/wp-content\/uploads\/2022\/03\/195E8125-3DD7-4C08-810B-A529CEA71ECB.jpeg\" alt=\"\" width=\"1183\" height=\"800\" srcset=\"https:\/\/jessel.de\/365-tage-sylt\/wp-content\/uploads\/2022\/03\/195E8125-3DD7-4C08-810B-A529CEA71ECB.jpeg 1183w, https:\/\/jessel.de\/365-tage-sylt\/wp-content\/uploads\/2022\/03\/195E8125-3DD7-4C08-810B-A529CEA71ECB-300x203.jpeg 300w, https:\/\/jessel.de\/365-tage-sylt\/wp-content\/uploads\/2022\/03\/195E8125-3DD7-4C08-810B-A529CEA71ECB-1024x692.jpeg 1024w, https:\/\/jessel.de\/365-tage-sylt\/wp-content\/uploads\/2022\/03\/195E8125-3DD7-4C08-810B-A529CEA71ECB-768x519.jpeg 768w\" sizes=\"auto, (max-width: 1183px) 100vw, 1183px\" \/><\/p>\n<p>&nbsp;<\/p>\n","protected":false},"excerpt":{"rendered":"<p>Heute in den fr\u00fchesten Morgenstunden ein ungew\u00f6hnliches Ger\u00e4usch am Schlafzimmerfenster: Ein Ruckeln &#8211; vom Wind, der endlich von See kommt, nach Tagen mit G\u00fclle-Ger\u00fcchen vom Festland. Die neue Uferpromenade besteht ihre zweite Bew\u00e4hrungsprobe, nach den St\u00fcrmen der zur\u00fcckliegenden Monate: Im milden Abendlicht empfehlen sich die Hohlkehlen f\u00fcr ein gem\u00fctliches Sit-in zum Sonnenuntergang. Wie lang es wohl dauert, bis die Firma Gosch hier die ersten Tische aufstellt und die Bewirtung von&hellip;<\/p>\n","protected":false},"author":2,"featured_media":10991,"comment_status":"open","ping_status":"open","sticky":false,"template":"","format":"standard","meta":{"footnotes":""},"categories":[27,39,24,3,4,26,7,23],"tags":[],"class_list":["post-10989","post","type-post","status-publish","format-standard","has-post-thumbnail","hentry","category-alle-bilder","category-arbeit","category-duenen","category-menschen","category-spuren","category-strand","category-westerland","category-winter"],"jetpack_featured_media_url":"https:\/\/jessel.de\/365-tage-sylt\/wp-content\/uploads\/2022\/03\/1D3166F0-4EE6-4E3F-B6E9-46CF7A9D5D6E.jpeg","_links":{"self":[{"href":"https:\/\/jessel.de\/365-tage-sylt\/wp-json\/wp\/v2\/posts\/10989","targetHints":{"allow":["GET"]}}],"collection":[{"href":"https:\/\/jessel.de\/365-tage-sylt\/wp-json\/wp\/v2\/posts"}],"about":[{"href":"https:\/\/jessel.de\/365-tage-sylt\/wp-json\/wp\/v2\/types\/post"}],"author":[{"embeddable":true,"href":"https:\/\/jessel.de\/365-tage-sylt\/wp-json\/wp\/v2\/users\/2"}],"replies":[{"embeddable":true,"href":"https:\/\/jessel.de\/365-tage-sylt\/wp-json\/wp\/v2\/comments?post=10989"}],"version-history":[{"count":1,"href":"https:\/\/jessel.de\/365-tage-sylt\/wp-json\/wp\/v2\/posts\/10989\/revisions"}],"predecessor-version":[{"id":10996,"href":"https:\/\/jessel.de\/365-tage-sylt\/wp-json\/wp\/v2\/posts\/10989\/revisions\/10996"}],"wp:featuredmedia":[{"embeddable":true,"href":"https:\/\/jessel.de\/365-tage-sylt\/wp-json\/wp\/v2\/media\/10991"}],"wp:attachment":[{"href":"https:\/\/jessel.de\/365-tage-sylt\/wp-json\/wp\/v2\/media?parent=10989"}],"wp:term":[{"taxonomy":"category","embeddable":true,"href":"https:\/\/jessel.de\/365-tage-sylt\/wp-json\/wp\/v2\/categories?post=10989"},{"taxonomy":"post_tag","embeddable":true,"href":"https:\/\/jessel.de\/365-tage-sylt\/wp-json\/wp\/v2\/tags?post=10989"}],"curies":[{"name":"wp","href":"https:\/\/api.w.org\/{rel}","templated":true}]}}