{"id":11293,"date":"2022-04-24T17:26:39","date_gmt":"2022-04-24T17:26:39","guid":{"rendered":"https:\/\/jessel.de\/365-tage-sylt\/?p=11293"},"modified":"2022-04-25T05:30:08","modified_gmt":"2022-04-25T05:30:08","slug":"24-april-wo-bin-ich","status":"publish","type":"post","link":"https:\/\/jessel.de\/365-tage-sylt\/24-april-wo-bin-ich\/","title":{"rendered":"24. April: Wo bin ich?"},"content":{"rendered":"<p>Foto: Hartmut N.<\/p>\n<p>Einer spontanen Eingebung folgend, besteige ich zu fr\u00fcher Morgenstunde den ersten Zug nach\u2026..:<\/p>\n<p><img loading=\"lazy\" decoding=\"async\" class=\"size-full wp-image-11296\" src=\"https:\/\/jessel.de\/365-tage-sylt\/wp-content\/uploads\/2022\/04\/08B221D6-DE61-4A7E-B7D4-113EB923F1EA.jpeg\" alt=\"\" width=\"1200\" height=\"800\" srcset=\"https:\/\/jessel.de\/365-tage-sylt\/wp-content\/uploads\/2022\/04\/08B221D6-DE61-4A7E-B7D4-113EB923F1EA.jpeg 1200w, https:\/\/jessel.de\/365-tage-sylt\/wp-content\/uploads\/2022\/04\/08B221D6-DE61-4A7E-B7D4-113EB923F1EA-300x200.jpeg 300w, https:\/\/jessel.de\/365-tage-sylt\/wp-content\/uploads\/2022\/04\/08B221D6-DE61-4A7E-B7D4-113EB923F1EA-1024x683.jpeg 1024w, https:\/\/jessel.de\/365-tage-sylt\/wp-content\/uploads\/2022\/04\/08B221D6-DE61-4A7E-B7D4-113EB923F1EA-768x512.jpeg 768w\" sizes=\"auto, (max-width: 1200px) 100vw, 1200px\" \/><\/p>\n<p>\u2026 Hamburg, richtig.<\/p>\n<p>Dort komme ich p\u00fcnktlich um 8:21 Uhr in Altona an, w\u00e4hrend nur 4 Minuten sp\u00e4ter bereits der Startschuss zum Marathon f\u00e4llt, so dass die durchweg dunkelh\u00e4utigen Spitzenl\u00e4ufer bereits an mir vorbei flitzen, w\u00e4hrend ich selber im Laufschritt mit heraush\u00e4ngender Zunge die Rennstrecke erreiche. Boaaaaah, sind die schnell! Jeder normale Radfahrer k\u00f6nnte einen Schnitt von 20 Stundenkilometern kaum \u00fcber 42 Kilometer durchhalten:<\/p>\n<p><img loading=\"lazy\" decoding=\"async\" class=\"alignnone size-full wp-image-11305\" src=\"https:\/\/jessel.de\/365-tage-sylt\/wp-content\/uploads\/2022\/04\/F135CA94-4242-4E14-A57E-B0917501058A.jpeg\" alt=\"\" width=\"1200\" height=\"800\" srcset=\"https:\/\/jessel.de\/365-tage-sylt\/wp-content\/uploads\/2022\/04\/F135CA94-4242-4E14-A57E-B0917501058A.jpeg 1200w, https:\/\/jessel.de\/365-tage-sylt\/wp-content\/uploads\/2022\/04\/F135CA94-4242-4E14-A57E-B0917501058A-300x200.jpeg 300w, https:\/\/jessel.de\/365-tage-sylt\/wp-content\/uploads\/2022\/04\/F135CA94-4242-4E14-A57E-B0917501058A-1024x683.jpeg 1024w, https:\/\/jessel.de\/365-tage-sylt\/wp-content\/uploads\/2022\/04\/F135CA94-4242-4E14-A57E-B0917501058A-768x512.jpeg 768w\" sizes=\"auto, (max-width: 1200px) 100vw, 1200px\" \/><\/p>\n<p>Ich hefte mich den Jungs an die Fersen und geniesse diese gazellenartige Leichtigkeit, mit der die Spitzentruppe durch die Stra\u00dfen Hamburgs fliegt:<\/p>\n<p><img loading=\"lazy\" decoding=\"async\" class=\"alignnone size-full wp-image-11304\" src=\"https:\/\/jessel.de\/365-tage-sylt\/wp-content\/uploads\/2022\/04\/16BB8C1D-4FE2-4850-8EE3-C13B7D99DAFE.jpeg\" alt=\"\" width=\"1200\" height=\"800\" srcset=\"https:\/\/jessel.de\/365-tage-sylt\/wp-content\/uploads\/2022\/04\/16BB8C1D-4FE2-4850-8EE3-C13B7D99DAFE.jpeg 1200w, https:\/\/jessel.de\/365-tage-sylt\/wp-content\/uploads\/2022\/04\/16BB8C1D-4FE2-4850-8EE3-C13B7D99DAFE-300x200.jpeg 300w, https:\/\/jessel.de\/365-tage-sylt\/wp-content\/uploads\/2022\/04\/16BB8C1D-4FE2-4850-8EE3-C13B7D99DAFE-1024x683.jpeg 1024w, https:\/\/jessel.de\/365-tage-sylt\/wp-content\/uploads\/2022\/04\/16BB8C1D-4FE2-4850-8EE3-C13B7D99DAFE-768x512.jpeg 768w\" sizes=\"auto, (max-width: 1200px) 100vw, 1200px\" \/><\/p>\n<p>Die Auslese ist gnadenlos. L\u00e4ufer f\u00fcr L\u00e4ufer f\u00e4llt zur\u00fcck, bis sich bei Kilometer 42, also nur noch knapp 200 Meter vom Ziel entfernt, die letzten beiden Athleten unter dem frenetischen Applaus des Publikums ein Finish liefern wie es packender nicht sein kann:<\/p>\n<p><img loading=\"lazy\" decoding=\"async\" class=\"alignnone size-full wp-image-11303\" src=\"https:\/\/jessel.de\/365-tage-sylt\/wp-content\/uploads\/2022\/04\/052ACCF9-0CDB-4B47-A4E8-F64C9736B1AF.jpeg\" alt=\"\" width=\"1200\" height=\"800\" srcset=\"https:\/\/jessel.de\/365-tage-sylt\/wp-content\/uploads\/2022\/04\/052ACCF9-0CDB-4B47-A4E8-F64C9736B1AF.jpeg 1200w, https:\/\/jessel.de\/365-tage-sylt\/wp-content\/uploads\/2022\/04\/052ACCF9-0CDB-4B47-A4E8-F64C9736B1AF-300x200.jpeg 300w, https:\/\/jessel.de\/365-tage-sylt\/wp-content\/uploads\/2022\/04\/052ACCF9-0CDB-4B47-A4E8-F64C9736B1AF-1024x683.jpeg 1024w, https:\/\/jessel.de\/365-tage-sylt\/wp-content\/uploads\/2022\/04\/052ACCF9-0CDB-4B47-A4E8-F64C9736B1AF-768x512.jpeg 768w\" sizes=\"auto, (max-width: 1200px) 100vw, 1200px\" \/><\/p>\n<p>Nur einer wird gewinnen\u2026 Hammer! Ich bin v\u00f6llig geflasht und brauche erstmal etwas Kr\u00e4ftigendes zu Essen. Ein Sepia ist bei derartigen \u00a0Ersch\u00f6pfungszust\u00e4nden noch nie die schlechteste Wahl gewesen:<\/p>\n<p><img loading=\"lazy\" decoding=\"async\" class=\"size-full wp-image-11302\" src=\"https:\/\/jessel.de\/365-tage-sylt\/wp-content\/uploads\/2022\/04\/72AFDD23-4C67-4BD7-8A3A-03AA6445C61F.jpeg\" alt=\"\" width=\"800\" height=\"1200\" srcset=\"https:\/\/jessel.de\/365-tage-sylt\/wp-content\/uploads\/2022\/04\/72AFDD23-4C67-4BD7-8A3A-03AA6445C61F.jpeg 800w, https:\/\/jessel.de\/365-tage-sylt\/wp-content\/uploads\/2022\/04\/72AFDD23-4C67-4BD7-8A3A-03AA6445C61F-200x300.jpeg 200w, https:\/\/jessel.de\/365-tage-sylt\/wp-content\/uploads\/2022\/04\/72AFDD23-4C67-4BD7-8A3A-03AA6445C61F-683x1024.jpeg 683w, https:\/\/jessel.de\/365-tage-sylt\/wp-content\/uploads\/2022\/04\/72AFDD23-4C67-4BD7-8A3A-03AA6445C61F-768x1152.jpeg 768w\" sizes=\"auto, (max-width: 800px) 100vw, 800px\" \/><\/p>\n<p>Schaaade, schon zu ende, der Spontan-Trip in die Hansestadt. Um 19 Uhr zur\u00fcck auf Sylt.<\/p>\n<p>&nbsp;<\/p>\n","protected":false},"excerpt":{"rendered":"<p>Foto: Hartmut N. Einer spontanen Eingebung folgend, besteige ich zu fr\u00fcher Morgenstunde den ersten Zug nach\u2026..: \u2026 Hamburg, richtig. Dort komme ich p\u00fcnktlich um 8:21 Uhr in Altona an, w\u00e4hrend nur 4 Minuten sp\u00e4ter bereits der Startschuss zum Marathon f\u00e4llt, so dass die durchweg dunkelh\u00e4utigen Spitzenl\u00e4ufer bereits an mir vorbei flitzen, w\u00e4hrend ich selber im Laufschritt mit heraush\u00e4ngender Zunge die Rennstrecke erreiche. Boaaaaah, sind die schnell! Jeder normale Radfahrer k\u00f6nnte&hellip;<\/p>\n","protected":false},"author":2,"featured_media":11297,"comment_status":"open","ping_status":"open","sticky":false,"template":"","format":"standard","meta":{"footnotes":""},"categories":[27,39,41,28,3,30,29,33],"tags":[],"class_list":["post-11293","post","type-post","status-publish","format-standard","has-post-thumbnail","hentry","category-alle-bilder","category-arbeit","category-fruehling","category-haeuser","category-menschen","category-tradition","category-verkehr","category-woanders"],"jetpack_featured_media_url":"https:\/\/jessel.de\/365-tage-sylt\/wp-content\/uploads\/2022\/04\/BAAD37EB-5312-455E-9A6E-5211D1D94779.jpeg","_links":{"self":[{"href":"https:\/\/jessel.de\/365-tage-sylt\/wp-json\/wp\/v2\/posts\/11293","targetHints":{"allow":["GET"]}}],"collection":[{"href":"https:\/\/jessel.de\/365-tage-sylt\/wp-json\/wp\/v2\/posts"}],"about":[{"href":"https:\/\/jessel.de\/365-tage-sylt\/wp-json\/wp\/v2\/types\/post"}],"author":[{"embeddable":true,"href":"https:\/\/jessel.de\/365-tage-sylt\/wp-json\/wp\/v2\/users\/2"}],"replies":[{"embeddable":true,"href":"https:\/\/jessel.de\/365-tage-sylt\/wp-json\/wp\/v2\/comments?post=11293"}],"version-history":[{"count":7,"href":"https:\/\/jessel.de\/365-tage-sylt\/wp-json\/wp\/v2\/posts\/11293\/revisions"}],"predecessor-version":[{"id":11308,"href":"https:\/\/jessel.de\/365-tage-sylt\/wp-json\/wp\/v2\/posts\/11293\/revisions\/11308"}],"wp:featuredmedia":[{"embeddable":true,"href":"https:\/\/jessel.de\/365-tage-sylt\/wp-json\/wp\/v2\/media\/11297"}],"wp:attachment":[{"href":"https:\/\/jessel.de\/365-tage-sylt\/wp-json\/wp\/v2\/media?parent=11293"}],"wp:term":[{"taxonomy":"category","embeddable":true,"href":"https:\/\/jessel.de\/365-tage-sylt\/wp-json\/wp\/v2\/categories?post=11293"},{"taxonomy":"post_tag","embeddable":true,"href":"https:\/\/jessel.de\/365-tage-sylt\/wp-json\/wp\/v2\/tags?post=11293"}],"curies":[{"name":"wp","href":"https:\/\/api.w.org\/{rel}","templated":true}]}}