{"id":11309,"date":"2022-04-25T19:28:45","date_gmt":"2022-04-25T19:28:45","guid":{"rendered":"https:\/\/jessel.de\/365-tage-sylt\/?p=11309"},"modified":"2022-04-25T19:28:45","modified_gmt":"2022-04-25T19:28:45","slug":"25-april-morgens-abends","status":"publish","type":"post","link":"https:\/\/jessel.de\/365-tage-sylt\/25-april-morgens-abends\/","title":{"rendered":"25. April: Morgens\/Abends"},"content":{"rendered":"<p>Herrlichstes Wetter, weiterhin. Aber weniger zum Fotografieren, leider. Mache im Laufe des Tages drei Touren, und fahre verschiedene Punkte mehrmals an. Dabei kommt immerhin ein sch\u00f6ner Vergleich heraus. Hier die J\u00fcckersmarschbr\u00fccke bei Sonnenaufgang:<\/p>\n<p><img loading=\"lazy\" decoding=\"async\" class=\"alignnone size-full wp-image-11313\" src=\"https:\/\/jessel.de\/365-tage-sylt\/wp-content\/uploads\/2022\/04\/2CE092C5-DCE7-483D-95B3-6BED63510EA8.jpeg\" alt=\"\" width=\"1202\" height=\"800\" srcset=\"https:\/\/jessel.de\/365-tage-sylt\/wp-content\/uploads\/2022\/04\/2CE092C5-DCE7-483D-95B3-6BED63510EA8.jpeg 1202w, https:\/\/jessel.de\/365-tage-sylt\/wp-content\/uploads\/2022\/04\/2CE092C5-DCE7-483D-95B3-6BED63510EA8-300x200.jpeg 300w, https:\/\/jessel.de\/365-tage-sylt\/wp-content\/uploads\/2022\/04\/2CE092C5-DCE7-483D-95B3-6BED63510EA8-1024x682.jpeg 1024w, https:\/\/jessel.de\/365-tage-sylt\/wp-content\/uploads\/2022\/04\/2CE092C5-DCE7-483D-95B3-6BED63510EA8-768x511.jpeg 768w\" sizes=\"auto, (max-width: 1202px) 100vw, 1202px\" \/><\/p>\n<p>\u2026 und hier das Gleiche nochmal bei Sonnenuntergang:<\/p>\n<p><img loading=\"lazy\" decoding=\"async\" class=\"alignnone size-full wp-image-11310\" src=\"https:\/\/jessel.de\/365-tage-sylt\/wp-content\/uploads\/2022\/04\/FF9B79B4-EE67-4613-8A21-698E12C443B8.jpeg\" alt=\"\" width=\"1202\" height=\"800\" srcset=\"https:\/\/jessel.de\/365-tage-sylt\/wp-content\/uploads\/2022\/04\/FF9B79B4-EE67-4613-8A21-698E12C443B8.jpeg 1202w, https:\/\/jessel.de\/365-tage-sylt\/wp-content\/uploads\/2022\/04\/FF9B79B4-EE67-4613-8A21-698E12C443B8-300x200.jpeg 300w, https:\/\/jessel.de\/365-tage-sylt\/wp-content\/uploads\/2022\/04\/FF9B79B4-EE67-4613-8A21-698E12C443B8-1024x682.jpeg 1024w, https:\/\/jessel.de\/365-tage-sylt\/wp-content\/uploads\/2022\/04\/FF9B79B4-EE67-4613-8A21-698E12C443B8-768x511.jpeg 768w\" sizes=\"auto, (max-width: 1202px) 100vw, 1202px\" \/><\/p>\n<p>Solche Vergleiche, erg\u00e4nzt durch Mittags-Situationen, habe ich fr\u00fcher gerne in meinen Fotokursen gebracht\u2026 weil auch der Letzte sieht, wie wichtig (und entscheidend) letztlich die Richtung des Lichts in einem Foto ist.<\/p>\n<p>Aber nat\u00fcrlich kann man\/frau auch unbeleckt von derartigem Insiderwissen fotografieren:<\/p>\n<p><img loading=\"lazy\" decoding=\"async\" class=\"size-full wp-image-11311\" src=\"https:\/\/jessel.de\/365-tage-sylt\/wp-content\/uploads\/2022\/04\/44B5CEA9-AECE-49D3-AFCE-D0C724574180.jpeg\" alt=\"\" width=\"1397\" height=\"800\" srcset=\"https:\/\/jessel.de\/365-tage-sylt\/wp-content\/uploads\/2022\/04\/44B5CEA9-AECE-49D3-AFCE-D0C724574180.jpeg 1397w, https:\/\/jessel.de\/365-tage-sylt\/wp-content\/uploads\/2022\/04\/44B5CEA9-AECE-49D3-AFCE-D0C724574180-300x172.jpeg 300w, https:\/\/jessel.de\/365-tage-sylt\/wp-content\/uploads\/2022\/04\/44B5CEA9-AECE-49D3-AFCE-D0C724574180-1024x586.jpeg 1024w, https:\/\/jessel.de\/365-tage-sylt\/wp-content\/uploads\/2022\/04\/44B5CEA9-AECE-49D3-AFCE-D0C724574180-768x440.jpeg 768w\" sizes=\"auto, (max-width: 1397px) 100vw, 1397px\" \/><\/p>\n<p>Gute Nacht!<\/p>\n","protected":false},"excerpt":{"rendered":"<p>Herrlichstes Wetter, weiterhin. Aber weniger zum Fotografieren, leider. Mache im Laufe des Tages drei Touren, und fahre verschiedene Punkte mehrmals an. Dabei kommt immerhin ein sch\u00f6ner Vergleich heraus. Hier die J\u00fcckersmarschbr\u00fccke bei Sonnenaufgang: \u2026 und hier das Gleiche nochmal bei Sonnenuntergang: Solche Vergleiche, erg\u00e4nzt durch Mittags-Situationen, habe ich fr\u00fcher gerne in meinen Fotokursen gebracht\u2026 weil auch der Letzte sieht, wie wichtig (und entscheidend) letztlich die Richtung des Lichts in einem&hellip;<\/p>\n","protected":false},"author":2,"featured_media":11312,"comment_status":"open","ping_status":"open","sticky":false,"template":"","format":"standard","meta":{"footnotes":""},"categories":[27,39,41,28,50,4,30,42],"tags":[],"class_list":["post-11309","post","type-post","status-publish","format-standard","has-post-thumbnail","hentry","category-alle-bilder","category-arbeit","category-fruehling","category-haeuser","category-munkmarsch","category-spuren","category-tradition","category-watt"],"jetpack_featured_media_url":"https:\/\/jessel.de\/365-tage-sylt\/wp-content\/uploads\/2022\/04\/627548DE-6861-4EB6-89DB-B1A2DF2C9C13.jpeg","_links":{"self":[{"href":"https:\/\/jessel.de\/365-tage-sylt\/wp-json\/wp\/v2\/posts\/11309","targetHints":{"allow":["GET"]}}],"collection":[{"href":"https:\/\/jessel.de\/365-tage-sylt\/wp-json\/wp\/v2\/posts"}],"about":[{"href":"https:\/\/jessel.de\/365-tage-sylt\/wp-json\/wp\/v2\/types\/post"}],"author":[{"embeddable":true,"href":"https:\/\/jessel.de\/365-tage-sylt\/wp-json\/wp\/v2\/users\/2"}],"replies":[{"embeddable":true,"href":"https:\/\/jessel.de\/365-tage-sylt\/wp-json\/wp\/v2\/comments?post=11309"}],"version-history":[{"count":1,"href":"https:\/\/jessel.de\/365-tage-sylt\/wp-json\/wp\/v2\/posts\/11309\/revisions"}],"predecessor-version":[{"id":11314,"href":"https:\/\/jessel.de\/365-tage-sylt\/wp-json\/wp\/v2\/posts\/11309\/revisions\/11314"}],"wp:featuredmedia":[{"embeddable":true,"href":"https:\/\/jessel.de\/365-tage-sylt\/wp-json\/wp\/v2\/media\/11312"}],"wp:attachment":[{"href":"https:\/\/jessel.de\/365-tage-sylt\/wp-json\/wp\/v2\/media?parent=11309"}],"wp:term":[{"taxonomy":"category","embeddable":true,"href":"https:\/\/jessel.de\/365-tage-sylt\/wp-json\/wp\/v2\/categories?post=11309"},{"taxonomy":"post_tag","embeddable":true,"href":"https:\/\/jessel.de\/365-tage-sylt\/wp-json\/wp\/v2\/tags?post=11309"}],"curies":[{"name":"wp","href":"https:\/\/api.w.org\/{rel}","templated":true}]}}