{"id":11315,"date":"2022-04-26T19:19:35","date_gmt":"2022-04-26T19:19:35","guid":{"rendered":"https:\/\/jessel.de\/365-tage-sylt\/?p=11315"},"modified":"2022-04-26T19:50:22","modified_gmt":"2022-04-26T19:50:22","slug":"26-april-24-7-fuer-meine-blogleser-im-einsatz","status":"publish","type":"post","link":"https:\/\/jessel.de\/365-tage-sylt\/26-april-24-7-fuer-meine-blogleser-im-einsatz\/","title":{"rendered":"26. April: 24\/7 f\u00fcr meine Blogleser im Einsatz!"},"content":{"rendered":"<p>Foto: Regula G.<\/p>\n<p>Als definitiv noch alle(!) von Euch im s\u00fc\u00dfen Schlummer lagen (um 4:45 Uhr n\u00e4mlich), ist Euer Blogger nat\u00fcrlich schon wieder auf sandigen Pfaden unterwegs gewesen, um die neuesten landschaftlichen Highlights der Insel zu illustrieren:<\/p>\n<p><img loading=\"lazy\" decoding=\"async\" class=\"alignnone size-full wp-image-11320\" src=\"https:\/\/jessel.de\/365-tage-sylt\/wp-content\/uploads\/2022\/04\/7C4DE3EF-35F1-4B0F-B13C-8E1C764F7085.jpeg\" alt=\"\" width=\"1202\" height=\"800\" srcset=\"https:\/\/jessel.de\/365-tage-sylt\/wp-content\/uploads\/2022\/04\/7C4DE3EF-35F1-4B0F-B13C-8E1C764F7085.jpeg 1202w, https:\/\/jessel.de\/365-tage-sylt\/wp-content\/uploads\/2022\/04\/7C4DE3EF-35F1-4B0F-B13C-8E1C764F7085-300x200.jpeg 300w, https:\/\/jessel.de\/365-tage-sylt\/wp-content\/uploads\/2022\/04\/7C4DE3EF-35F1-4B0F-B13C-8E1C764F7085-1024x682.jpeg 1024w, https:\/\/jessel.de\/365-tage-sylt\/wp-content\/uploads\/2022\/04\/7C4DE3EF-35F1-4B0F-B13C-8E1C764F7085-768x511.jpeg 768w\" sizes=\"auto, (max-width: 1202px) 100vw, 1202px\" \/><\/p>\n<p>Wie sch\u00f6n, dass ich ganz offenbar der einzige Irre bin, der dieser zauberhaften Insel in Morgenstunden zu F\u00fc\u00dfen liegt, bevor deren Gestade den Massen zum Fra\u00dfe gereicht werden:<\/p>\n<p><img loading=\"lazy\" decoding=\"async\" class=\"alignnone size-full wp-image-11318\" src=\"https:\/\/jessel.de\/365-tage-sylt\/wp-content\/uploads\/2022\/04\/C8C991D0-7104-4967-A09B-87B8DB9866B5.jpeg\" alt=\"\" width=\"1202\" height=\"800\" srcset=\"https:\/\/jessel.de\/365-tage-sylt\/wp-content\/uploads\/2022\/04\/C8C991D0-7104-4967-A09B-87B8DB9866B5.jpeg 1202w, https:\/\/jessel.de\/365-tage-sylt\/wp-content\/uploads\/2022\/04\/C8C991D0-7104-4967-A09B-87B8DB9866B5-300x200.jpeg 300w, https:\/\/jessel.de\/365-tage-sylt\/wp-content\/uploads\/2022\/04\/C8C991D0-7104-4967-A09B-87B8DB9866B5-1024x682.jpeg 1024w, https:\/\/jessel.de\/365-tage-sylt\/wp-content\/uploads\/2022\/04\/C8C991D0-7104-4967-A09B-87B8DB9866B5-768x511.jpeg 768w\" sizes=\"auto, (max-width: 1202px) 100vw, 1202px\" \/><\/p>\n<p>Kraftspendender Seelenbalsam, bleib noch! Ein paar Minuten nur:<\/p>\n<p><img loading=\"lazy\" decoding=\"async\" class=\"alignnone size-full wp-image-11317\" src=\"https:\/\/jessel.de\/365-tage-sylt\/wp-content\/uploads\/2022\/04\/7D77AD08-0023-46D6-9822-116E8A03087C.jpeg\" alt=\"\" width=\"1603\" height=\"800\" srcset=\"https:\/\/jessel.de\/365-tage-sylt\/wp-content\/uploads\/2022\/04\/7D77AD08-0023-46D6-9822-116E8A03087C.jpeg 1603w, https:\/\/jessel.de\/365-tage-sylt\/wp-content\/uploads\/2022\/04\/7D77AD08-0023-46D6-9822-116E8A03087C-300x150.jpeg 300w, https:\/\/jessel.de\/365-tage-sylt\/wp-content\/uploads\/2022\/04\/7D77AD08-0023-46D6-9822-116E8A03087C-1024x511.jpeg 1024w, https:\/\/jessel.de\/365-tage-sylt\/wp-content\/uploads\/2022\/04\/7D77AD08-0023-46D6-9822-116E8A03087C-768x383.jpeg 768w, https:\/\/jessel.de\/365-tage-sylt\/wp-content\/uploads\/2022\/04\/7D77AD08-0023-46D6-9822-116E8A03087C-1536x767.jpeg 1536w\" sizes=\"auto, (max-width: 1603px) 100vw, 1603px\" \/><\/p>\n<p>Ich h\u00f6re die ersten Seeschwalben, und das Tuckern der Kutter vor der K\u00fcste:<\/p>\n<p><img loading=\"lazy\" decoding=\"async\" class=\"alignnone size-full wp-image-11319\" src=\"https:\/\/jessel.de\/365-tage-sylt\/wp-content\/uploads\/2022\/04\/43EF6D0B-93FE-4853-9C6C-A66B8DCF5296.jpeg\" alt=\"\" width=\"1202\" height=\"800\" srcset=\"https:\/\/jessel.de\/365-tage-sylt\/wp-content\/uploads\/2022\/04\/43EF6D0B-93FE-4853-9C6C-A66B8DCF5296.jpeg 1202w, https:\/\/jessel.de\/365-tage-sylt\/wp-content\/uploads\/2022\/04\/43EF6D0B-93FE-4853-9C6C-A66B8DCF5296-300x200.jpeg 300w, https:\/\/jessel.de\/365-tage-sylt\/wp-content\/uploads\/2022\/04\/43EF6D0B-93FE-4853-9C6C-A66B8DCF5296-1024x682.jpeg 1024w, https:\/\/jessel.de\/365-tage-sylt\/wp-content\/uploads\/2022\/04\/43EF6D0B-93FE-4853-9C6C-A66B8DCF5296-768x511.jpeg 768w\" sizes=\"auto, (max-width: 1202px) 100vw, 1202px\" \/><\/p>\n<p>So k\u00f6nnte es ewig weitergeh\u2018n\u2026 tut\u2018s vielleicht auch noch\u2026<\/p>\n<p>Am Nachmittag gilt es einer Alpenl\u00e4ndischen Gebirgs-Enthusiastin klar zu machen, wo denn der Reiz der Horizontalen Landschaft zu finden sei. \u201eFaaaalsch!\u201c \u2026:<\/p>\n<p><img loading=\"lazy\" decoding=\"async\" class=\"alignnone size-full wp-image-11324\" src=\"https:\/\/jessel.de\/365-tage-sylt\/wp-content\/uploads\/2022\/04\/721CAC35-059F-4FFC-B528-2186DE55C61B.jpeg\" alt=\"\" width=\"1282\" height=\"800\" srcset=\"https:\/\/jessel.de\/365-tage-sylt\/wp-content\/uploads\/2022\/04\/721CAC35-059F-4FFC-B528-2186DE55C61B.jpeg 1282w, https:\/\/jessel.de\/365-tage-sylt\/wp-content\/uploads\/2022\/04\/721CAC35-059F-4FFC-B528-2186DE55C61B-300x187.jpeg 300w, https:\/\/jessel.de\/365-tage-sylt\/wp-content\/uploads\/2022\/04\/721CAC35-059F-4FFC-B528-2186DE55C61B-1024x639.jpeg 1024w, https:\/\/jessel.de\/365-tage-sylt\/wp-content\/uploads\/2022\/04\/721CAC35-059F-4FFC-B528-2186DE55C61B-768x479.jpeg 768w\" sizes=\"auto, (max-width: 1282px) 100vw, 1282px\" \/><\/p>\n<p>\u2026 lieber mal in die Ferne schauen. Hier gibt es n\u00e4mlich einen sogenannten Horizont:<\/p>\n<p><img loading=\"lazy\" decoding=\"async\" class=\"alignnone size-full wp-image-11323\" src=\"https:\/\/jessel.de\/365-tage-sylt\/wp-content\/uploads\/2022\/04\/28C2DA11-5074-4669-9DD4-30C23B5F9B2E.jpeg\" alt=\"\" width=\"1202\" height=\"800\" srcset=\"https:\/\/jessel.de\/365-tage-sylt\/wp-content\/uploads\/2022\/04\/28C2DA11-5074-4669-9DD4-30C23B5F9B2E.jpeg 1202w, https:\/\/jessel.de\/365-tage-sylt\/wp-content\/uploads\/2022\/04\/28C2DA11-5074-4669-9DD4-30C23B5F9B2E-300x200.jpeg 300w, https:\/\/jessel.de\/365-tage-sylt\/wp-content\/uploads\/2022\/04\/28C2DA11-5074-4669-9DD4-30C23B5F9B2E-1024x682.jpeg 1024w, https:\/\/jessel.de\/365-tage-sylt\/wp-content\/uploads\/2022\/04\/28C2DA11-5074-4669-9DD4-30C23B5F9B2E-768x511.jpeg 768w\" sizes=\"auto, (max-width: 1202px) 100vw, 1202px\" \/><\/p>\n<p>Waaaah! DAS ist Landschaft, die den interessierten Betrachter wahrlich fordert &#8211; und nicht einfach verw\u00f6hnt mit Blicken auf gr\u00fcne Grate und eisverkrustete Spitzen, die dem Faszinosum unseres Planeten, dem Horizont, geflissentlich im Wege stehen.<\/p>\n<p>Eine 2.000 Meter Plus &#8211; Frau zeigt sich hier, unterhalb des MTHW-Meeresspiegels, und wir sprechen \u00fcber Gletscherschmelze und Meeresspiegelanstieg, \u00fcber Priele und Schmelzwasserstr\u00f6me, \u00fcber Sand- und Schneebilder:<\/p>\n<p><img loading=\"lazy\" decoding=\"async\" class=\"alignnone size-full wp-image-11325\" src=\"https:\/\/jessel.de\/365-tage-sylt\/wp-content\/uploads\/2022\/04\/B6697175-03E2-472C-8A3E-E59FBF653D36.jpeg\" alt=\"\" width=\"1442\" height=\"800\" srcset=\"https:\/\/jessel.de\/365-tage-sylt\/wp-content\/uploads\/2022\/04\/B6697175-03E2-472C-8A3E-E59FBF653D36.jpeg 1442w, https:\/\/jessel.de\/365-tage-sylt\/wp-content\/uploads\/2022\/04\/B6697175-03E2-472C-8A3E-E59FBF653D36-300x166.jpeg 300w, https:\/\/jessel.de\/365-tage-sylt\/wp-content\/uploads\/2022\/04\/B6697175-03E2-472C-8A3E-E59FBF653D36-1024x568.jpeg 1024w, https:\/\/jessel.de\/365-tage-sylt\/wp-content\/uploads\/2022\/04\/B6697175-03E2-472C-8A3E-E59FBF653D36-768x426.jpeg 768w\" sizes=\"auto, (max-width: 1442px) 100vw, 1442px\" \/><\/p>\n<p>Ein Gegenbesuch des Flachl\u00e4ndisch denkenden Inselbewohners, der das Gebirge nahezu stets gemieden hat, scheint unabdingbar\u2026<\/p>\n","protected":false},"excerpt":{"rendered":"<p>Foto: Regula G. Als definitiv noch alle(!) von Euch im s\u00fc\u00dfen Schlummer lagen (um 4:45 Uhr n\u00e4mlich), ist Euer Blogger nat\u00fcrlich schon wieder auf sandigen Pfaden unterwegs gewesen, um die neuesten landschaftlichen Highlights der Insel zu illustrieren: Wie sch\u00f6n, dass ich ganz offenbar der einzige Irre bin, der dieser zauberhaften Insel in Morgenstunden zu F\u00fc\u00dfen liegt, bevor deren Gestade den Massen zum Fra\u00dfe gereicht werden: Kraftspendender Seelenbalsam, bleib noch! Ein&hellip;<\/p>\n","protected":false},"author":2,"featured_media":11316,"comment_status":"open","ping_status":"open","sticky":false,"template":"","format":"standard","meta":{"footnotes":""},"categories":[27,39,41,1,3,42],"tags":[],"class_list":["post-11315","post","type-post","status-publish","format-standard","has-post-thumbnail","hentry","category-alle-bilder","category-arbeit","category-fruehling","category-uncategorized","category-menschen","category-watt"],"jetpack_featured_media_url":"https:\/\/jessel.de\/365-tage-sylt\/wp-content\/uploads\/2022\/04\/9590A6BA-35EB-402B-9E5E-1E033F2B3B7C.jpeg","_links":{"self":[{"href":"https:\/\/jessel.de\/365-tage-sylt\/wp-json\/wp\/v2\/posts\/11315","targetHints":{"allow":["GET"]}}],"collection":[{"href":"https:\/\/jessel.de\/365-tage-sylt\/wp-json\/wp\/v2\/posts"}],"about":[{"href":"https:\/\/jessel.de\/365-tage-sylt\/wp-json\/wp\/v2\/types\/post"}],"author":[{"embeddable":true,"href":"https:\/\/jessel.de\/365-tage-sylt\/wp-json\/wp\/v2\/users\/2"}],"replies":[{"embeddable":true,"href":"https:\/\/jessel.de\/365-tage-sylt\/wp-json\/wp\/v2\/comments?post=11315"}],"version-history":[{"count":3,"href":"https:\/\/jessel.de\/365-tage-sylt\/wp-json\/wp\/v2\/posts\/11315\/revisions"}],"predecessor-version":[{"id":11326,"href":"https:\/\/jessel.de\/365-tage-sylt\/wp-json\/wp\/v2\/posts\/11315\/revisions\/11326"}],"wp:featuredmedia":[{"embeddable":true,"href":"https:\/\/jessel.de\/365-tage-sylt\/wp-json\/wp\/v2\/media\/11316"}],"wp:attachment":[{"href":"https:\/\/jessel.de\/365-tage-sylt\/wp-json\/wp\/v2\/media?parent=11315"}],"wp:term":[{"taxonomy":"category","embeddable":true,"href":"https:\/\/jessel.de\/365-tage-sylt\/wp-json\/wp\/v2\/categories?post=11315"},{"taxonomy":"post_tag","embeddable":true,"href":"https:\/\/jessel.de\/365-tage-sylt\/wp-json\/wp\/v2\/tags?post=11315"}],"curies":[{"name":"wp","href":"https:\/\/api.w.org\/{rel}","templated":true}]}}