{"id":11327,"date":"2022-04-29T04:18:52","date_gmt":"2022-04-29T04:18:52","guid":{"rendered":"https:\/\/jessel.de\/365-tage-sylt\/?p=11327"},"modified":"2022-04-29T04:31:44","modified_gmt":"2022-04-29T04:31:44","slug":"28-april-ein-weiter-breiter-strand","status":"publish","type":"post","link":"https:\/\/jessel.de\/365-tage-sylt\/28-april-ein-weiter-breiter-strand\/","title":{"rendered":"28. April: Ein weiter, breiter Strand &#8211; wunderbar!"},"content":{"rendered":"<p>Der Tidenhub ist gewaltig in diesen Tagen: Trotz des kr\u00e4ftigen Nordwestwinds fallen die Sandb\u00e4nke vor Rantum trocken wie zu Springtiden-Zeiten. Das Resultat: Ein wunderbar wanderbarer Strand, einfach nur herrlich! Mit Gummistiefeln lassen sich kleine Priele durchwaten, und da kaum ein Mensch zu sehen ist, wird das kurzzeitige Paradies auch nicht von Fu\u00dfspuren durchkreuzt:<\/p>\n<p><img loading=\"lazy\" decoding=\"async\" class=\"alignnone size-full wp-image-11329\" src=\"https:\/\/jessel.de\/365-tage-sylt\/wp-content\/uploads\/2022\/04\/F8FAC98B-4DD3-4306-9E12-81CD8A0E0E01.jpeg\" alt=\"\" width=\"1204\" height=\"800\" srcset=\"https:\/\/jessel.de\/365-tage-sylt\/wp-content\/uploads\/2022\/04\/F8FAC98B-4DD3-4306-9E12-81CD8A0E0E01.jpeg 1204w, https:\/\/jessel.de\/365-tage-sylt\/wp-content\/uploads\/2022\/04\/F8FAC98B-4DD3-4306-9E12-81CD8A0E0E01-300x199.jpeg 300w, https:\/\/jessel.de\/365-tage-sylt\/wp-content\/uploads\/2022\/04\/F8FAC98B-4DD3-4306-9E12-81CD8A0E0E01-1024x680.jpeg 1024w, https:\/\/jessel.de\/365-tage-sylt\/wp-content\/uploads\/2022\/04\/F8FAC98B-4DD3-4306-9E12-81CD8A0E0E01-768x510.jpeg 768w\" sizes=\"auto, (max-width: 1204px) 100vw, 1204px\" \/><\/p>\n<p>Aber der eiskalte Wind ist eine Herausforderung. Gem\u00fctlichkeit ist etwas anderes, was ich besonders merke, als ich mich an einer der verbliebenen Holzpfahlbuhnen \u201efestfresse\u201c, um Natur- und Menschenwerk bildnerisch in Einklang zu bringen:<\/p>\n<p><img loading=\"lazy\" decoding=\"async\" class=\"alignnone size-full wp-image-11330\" src=\"https:\/\/jessel.de\/365-tage-sylt\/wp-content\/uploads\/2022\/04\/FA1FF306-DA95-4707-920E-C038E469D260.jpeg\" alt=\"\" width=\"1204\" height=\"800\" srcset=\"https:\/\/jessel.de\/365-tage-sylt\/wp-content\/uploads\/2022\/04\/FA1FF306-DA95-4707-920E-C038E469D260.jpeg 1204w, https:\/\/jessel.de\/365-tage-sylt\/wp-content\/uploads\/2022\/04\/FA1FF306-DA95-4707-920E-C038E469D260-300x199.jpeg 300w, https:\/\/jessel.de\/365-tage-sylt\/wp-content\/uploads\/2022\/04\/FA1FF306-DA95-4707-920E-C038E469D260-1024x680.jpeg 1024w, https:\/\/jessel.de\/365-tage-sylt\/wp-content\/uploads\/2022\/04\/FA1FF306-DA95-4707-920E-C038E469D260-768x510.jpeg 768w\" sizes=\"auto, (max-width: 1204px) 100vw, 1204px\" \/><\/p>\n<p>St\u00e4ndig muss ich dabei an das zauberhafte Sylt zu Lockdown &#8211; Zeiten denken, so f\u00fchlt sich dieser Abend an. Eine wahre Wohltat, diese Stunde im ausschlie\u00dflichen Rauschen des Meeres\u2026<\/p>\n","protected":false},"excerpt":{"rendered":"<p>Der Tidenhub ist gewaltig in diesen Tagen: Trotz des kr\u00e4ftigen Nordwestwinds fallen die Sandb\u00e4nke vor Rantum trocken wie zu Springtiden-Zeiten. Das Resultat: Ein wunderbar wanderbarer Strand, einfach nur herrlich! Mit Gummistiefeln lassen sich kleine Priele durchwaten, und da kaum ein Mensch zu sehen ist, wird das kurzzeitige Paradies auch nicht von Fu\u00dfspuren durchkreuzt: Aber der eiskalte Wind ist eine Herausforderung. Gem\u00fctlichkeit ist etwas anderes, was ich besonders merke, als ich&hellip;<\/p>\n","protected":false},"author":2,"featured_media":11328,"comment_status":"open","ping_status":"open","sticky":false,"template":"","format":"standard","meta":{"footnotes":""},"categories":[27,39,37,24,41,34,26],"tags":[],"class_list":["post-11327","post","type-post","status-publish","format-standard","has-post-thumbnail","hentry","category-alle-bilder","category-arbeit","category-buhne","category-duenen","category-fruehling","category-rantum","category-strand"],"jetpack_featured_media_url":"https:\/\/jessel.de\/365-tage-sylt\/wp-content\/uploads\/2022\/04\/73EB4568-7D94-44E4-9DBF-9559095292D3.jpeg","_links":{"self":[{"href":"https:\/\/jessel.de\/365-tage-sylt\/wp-json\/wp\/v2\/posts\/11327","targetHints":{"allow":["GET"]}}],"collection":[{"href":"https:\/\/jessel.de\/365-tage-sylt\/wp-json\/wp\/v2\/posts"}],"about":[{"href":"https:\/\/jessel.de\/365-tage-sylt\/wp-json\/wp\/v2\/types\/post"}],"author":[{"embeddable":true,"href":"https:\/\/jessel.de\/365-tage-sylt\/wp-json\/wp\/v2\/users\/2"}],"replies":[{"embeddable":true,"href":"https:\/\/jessel.de\/365-tage-sylt\/wp-json\/wp\/v2\/comments?post=11327"}],"version-history":[{"count":6,"href":"https:\/\/jessel.de\/365-tage-sylt\/wp-json\/wp\/v2\/posts\/11327\/revisions"}],"predecessor-version":[{"id":11336,"href":"https:\/\/jessel.de\/365-tage-sylt\/wp-json\/wp\/v2\/posts\/11327\/revisions\/11336"}],"wp:featuredmedia":[{"embeddable":true,"href":"https:\/\/jessel.de\/365-tage-sylt\/wp-json\/wp\/v2\/media\/11328"}],"wp:attachment":[{"href":"https:\/\/jessel.de\/365-tage-sylt\/wp-json\/wp\/v2\/media?parent=11327"}],"wp:term":[{"taxonomy":"category","embeddable":true,"href":"https:\/\/jessel.de\/365-tage-sylt\/wp-json\/wp\/v2\/categories?post=11327"},{"taxonomy":"post_tag","embeddable":true,"href":"https:\/\/jessel.de\/365-tage-sylt\/wp-json\/wp\/v2\/tags?post=11327"}],"curies":[{"name":"wp","href":"https:\/\/api.w.org\/{rel}","templated":true}]}}