{"id":11644,"date":"2022-05-22T17:35:32","date_gmt":"2022-05-22T17:35:32","guid":{"rendered":"https:\/\/jessel.de\/365-tage-sylt\/?p=11644"},"modified":"2022-05-22T18:17:37","modified_gmt":"2022-05-22T18:17:37","slug":"22-mai-ein-tag-im-reich-der-schoenen-kuenste","status":"publish","type":"post","link":"https:\/\/jessel.de\/365-tage-sylt\/22-mai-ein-tag-im-reich-der-schoenen-kuenste\/","title":{"rendered":"22. Mai: Ein Tag im Reich der sch\u00f6nen K\u00fcnste"},"content":{"rendered":"<p>Mit dem heutigen Tag ist auch meine Seele aus der f\u00fcr mich so beeindruckenden Schweiz er Gebirgslandschaft zur\u00fcckgekehrt ans Meer &#8211; so f\u00fchlt es sich zumindest an.<\/p>\n<p>Vormittags besuche ich die Ausstellungser\u00f6ffnung im Sylter Museum mit Gem\u00e4lden von Andreas Dirks, dessen Tod nun 100 Jahre zur\u00fcckliegt\u2026:<\/p>\n<p><img loading=\"lazy\" decoding=\"async\" class=\"size-full wp-image-11651\" src=\"https:\/\/jessel.de\/365-tage-sylt\/wp-content\/uploads\/2022\/05\/DD70B416-B523-4BA2-A7E8-46498301F337.jpeg\" alt=\"\" width=\"1100\" height=\"800\" srcset=\"https:\/\/jessel.de\/365-tage-sylt\/wp-content\/uploads\/2022\/05\/DD70B416-B523-4BA2-A7E8-46498301F337.jpeg 1100w, https:\/\/jessel.de\/365-tage-sylt\/wp-content\/uploads\/2022\/05\/DD70B416-B523-4BA2-A7E8-46498301F337-300x218.jpeg 300w, https:\/\/jessel.de\/365-tage-sylt\/wp-content\/uploads\/2022\/05\/DD70B416-B523-4BA2-A7E8-46498301F337-1024x745.jpeg 1024w, https:\/\/jessel.de\/365-tage-sylt\/wp-content\/uploads\/2022\/05\/DD70B416-B523-4BA2-A7E8-46498301F337-768x559.jpeg 768w\" sizes=\"auto, (max-width: 1100px) 100vw, 1100px\" \/><\/p>\n<p>\u2026 mit dem Titel:<\/p>\n<p><img loading=\"lazy\" decoding=\"async\" class=\"alignnone size-full wp-image-11648\" src=\"https:\/\/jessel.de\/365-tage-sylt\/wp-content\/uploads\/2022\/05\/F8F6EA70-25BC-4FE4-9D29-737D83DCFEE4.jpeg\" alt=\"\" width=\"800\" height=\"1700\" srcset=\"https:\/\/jessel.de\/365-tage-sylt\/wp-content\/uploads\/2022\/05\/F8F6EA70-25BC-4FE4-9D29-737D83DCFEE4.jpeg 800w, https:\/\/jessel.de\/365-tage-sylt\/wp-content\/uploads\/2022\/05\/F8F6EA70-25BC-4FE4-9D29-737D83DCFEE4-141x300.jpeg 141w, https:\/\/jessel.de\/365-tage-sylt\/wp-content\/uploads\/2022\/05\/F8F6EA70-25BC-4FE4-9D29-737D83DCFEE4-482x1024.jpeg 482w, https:\/\/jessel.de\/365-tage-sylt\/wp-content\/uploads\/2022\/05\/F8F6EA70-25BC-4FE4-9D29-737D83DCFEE4-768x1632.jpeg 768w, https:\/\/jessel.de\/365-tage-sylt\/wp-content\/uploads\/2022\/05\/F8F6EA70-25BC-4FE4-9D29-737D83DCFEE4-723x1536.jpeg 723w\" sizes=\"auto, (max-width: 800px) 100vw, 800px\" \/><\/p>\n<p>Besonders interessant der Beitrag des D\u00fcsseldorfer Fachmanns Dietmar Sch\u00f6nhoff (links), der hier vom Leiter der S\u00f6l\u2018ring Museen Alexander R\u00f6mer zu Dirk\u2019s D\u00fcsseldorfer Wirken interviewt wird):<\/p>\n<p><img loading=\"lazy\" decoding=\"async\" class=\"alignnone size-full wp-image-11649\" src=\"https:\/\/jessel.de\/365-tage-sylt\/wp-content\/uploads\/2022\/05\/CD14A53D-3EC8-4F98-93E3-37D300F61FAB.jpeg\" alt=\"\" width=\"1100\" height=\"800\" srcset=\"https:\/\/jessel.de\/365-tage-sylt\/wp-content\/uploads\/2022\/05\/CD14A53D-3EC8-4F98-93E3-37D300F61FAB.jpeg 1100w, https:\/\/jessel.de\/365-tage-sylt\/wp-content\/uploads\/2022\/05\/CD14A53D-3EC8-4F98-93E3-37D300F61FAB-300x218.jpeg 300w, https:\/\/jessel.de\/365-tage-sylt\/wp-content\/uploads\/2022\/05\/CD14A53D-3EC8-4F98-93E3-37D300F61FAB-1024x745.jpeg 1024w, https:\/\/jessel.de\/365-tage-sylt\/wp-content\/uploads\/2022\/05\/CD14A53D-3EC8-4F98-93E3-37D300F61FAB-768x559.jpeg 768w\" sizes=\"auto, (max-width: 1100px) 100vw, 1100px\" \/><\/p>\n<p>Neben seinen wiederkehrenden Segelschiff-Motiven\u2026:<\/p>\n<p><img loading=\"lazy\" decoding=\"async\" class=\"alignnone size-full wp-image-11650\" src=\"https:\/\/jessel.de\/365-tage-sylt\/wp-content\/uploads\/2022\/05\/BD9E2833-26B0-4F64-A23A-A3335227C102.jpeg\" alt=\"\" width=\"1100\" height=\"800\" srcset=\"https:\/\/jessel.de\/365-tage-sylt\/wp-content\/uploads\/2022\/05\/BD9E2833-26B0-4F64-A23A-A3335227C102.jpeg 1100w, https:\/\/jessel.de\/365-tage-sylt\/wp-content\/uploads\/2022\/05\/BD9E2833-26B0-4F64-A23A-A3335227C102-300x218.jpeg 300w, https:\/\/jessel.de\/365-tage-sylt\/wp-content\/uploads\/2022\/05\/BD9E2833-26B0-4F64-A23A-A3335227C102-1024x745.jpeg 1024w, https:\/\/jessel.de\/365-tage-sylt\/wp-content\/uploads\/2022\/05\/BD9E2833-26B0-4F64-A23A-A3335227C102-768x559.jpeg 768w\" sizes=\"auto, (max-width: 1100px) 100vw, 1100px\" \/><\/p>\n<p>\u2026 gibt\u2019s auch einige Sylter Landschaften zu sehen, die ich mir nachmittags gleich noch einmal vor Ort anschaue, sozusagen \u201elive\u201c also:<\/p>\n<p><img loading=\"lazy\" decoding=\"async\" class=\"alignnone size-full wp-image-11646\" src=\"https:\/\/jessel.de\/365-tage-sylt\/wp-content\/uploads\/2022\/05\/DB34B1FB-859E-4B7C-A4F1-ECF15CECBBE6.jpeg\" alt=\"\" width=\"1100\" height=\"800\" srcset=\"https:\/\/jessel.de\/365-tage-sylt\/wp-content\/uploads\/2022\/05\/DB34B1FB-859E-4B7C-A4F1-ECF15CECBBE6.jpeg 1100w, https:\/\/jessel.de\/365-tage-sylt\/wp-content\/uploads\/2022\/05\/DB34B1FB-859E-4B7C-A4F1-ECF15CECBBE6-300x218.jpeg 300w, https:\/\/jessel.de\/365-tage-sylt\/wp-content\/uploads\/2022\/05\/DB34B1FB-859E-4B7C-A4F1-ECF15CECBBE6-1024x745.jpeg 1024w, https:\/\/jessel.de\/365-tage-sylt\/wp-content\/uploads\/2022\/05\/DB34B1FB-859E-4B7C-A4F1-ECF15CECBBE6-768x559.jpeg 768w\" sizes=\"auto, (max-width: 1100px) 100vw, 1100px\" \/>Foto: Paparazzo Luigi Wiggerto<\/p>\n<p>Es steht n\u00e4mlich die erste Exkursion an f\u00fcr die n\u00e4chste Ausstellung mit meinem gesch\u00e4tzten malenden K\u00fcnstler-Kollegen Lars Wiggert. Wir haben uns ein neues Thema gew\u00e4hlt (das hier noch nicht verraten wird) und testen mal, wie sich das so anf\u00fchlt beim Betreten\u2026<\/p>\n<p>&nbsp;<\/p>\n","protected":false},"excerpt":{"rendered":"<p>Mit dem heutigen Tag ist auch meine Seele aus der f\u00fcr mich so beeindruckenden Schweiz er Gebirgslandschaft zur\u00fcckgekehrt ans Meer &#8211; so f\u00fchlt es sich zumindest an. Vormittags besuche ich die Ausstellungser\u00f6ffnung im Sylter Museum mit Gem\u00e4lden von Andreas Dirks, dessen Tod nun 100 Jahre zur\u00fcckliegt\u2026: \u2026 mit dem Titel: Besonders interessant der Beitrag des D\u00fcsseldorfer Fachmanns Dietmar Sch\u00f6nhoff (links), der hier vom Leiter der S\u00f6l\u2018ring Museen Alexander R\u00f6mer zu&hellip;<\/p>\n","protected":false},"author":2,"featured_media":11645,"comment_status":"open","ping_status":"open","sticky":false,"template":"","format":"standard","meta":{"footnotes":""},"categories":[27,39,24,41,44,7],"tags":[],"class_list":["post-11644","post","type-post","status-publish","format-standard","has-post-thumbnail","hentry","category-alle-bilder","category-arbeit","category-duenen","category-fruehling","category-pflanzen","category-westerland"],"jetpack_featured_media_url":"https:\/\/jessel.de\/365-tage-sylt\/wp-content\/uploads\/2022\/05\/4B7749AC-EAC2-4325-AD0A-9B7D5AB31223.jpeg","_links":{"self":[{"href":"https:\/\/jessel.de\/365-tage-sylt\/wp-json\/wp\/v2\/posts\/11644","targetHints":{"allow":["GET"]}}],"collection":[{"href":"https:\/\/jessel.de\/365-tage-sylt\/wp-json\/wp\/v2\/posts"}],"about":[{"href":"https:\/\/jessel.de\/365-tage-sylt\/wp-json\/wp\/v2\/types\/post"}],"author":[{"embeddable":true,"href":"https:\/\/jessel.de\/365-tage-sylt\/wp-json\/wp\/v2\/users\/2"}],"replies":[{"embeddable":true,"href":"https:\/\/jessel.de\/365-tage-sylt\/wp-json\/wp\/v2\/comments?post=11644"}],"version-history":[{"count":6,"href":"https:\/\/jessel.de\/365-tage-sylt\/wp-json\/wp\/v2\/posts\/11644\/revisions"}],"predecessor-version":[{"id":11657,"href":"https:\/\/jessel.de\/365-tage-sylt\/wp-json\/wp\/v2\/posts\/11644\/revisions\/11657"}],"wp:featuredmedia":[{"embeddable":true,"href":"https:\/\/jessel.de\/365-tage-sylt\/wp-json\/wp\/v2\/media\/11645"}],"wp:attachment":[{"href":"https:\/\/jessel.de\/365-tage-sylt\/wp-json\/wp\/v2\/media?parent=11644"}],"wp:term":[{"taxonomy":"category","embeddable":true,"href":"https:\/\/jessel.de\/365-tage-sylt\/wp-json\/wp\/v2\/categories?post=11644"},{"taxonomy":"post_tag","embeddable":true,"href":"https:\/\/jessel.de\/365-tage-sylt\/wp-json\/wp\/v2\/tags?post=11644"}],"curies":[{"name":"wp","href":"https:\/\/api.w.org\/{rel}","templated":true}]}}