{"id":1166,"date":"2017-05-24T04:33:24","date_gmt":"2017-05-24T04:33:24","guid":{"rendered":"http:\/\/jessel.de\/365-tage-sylt\/?p=1166"},"modified":"2017-05-24T04:58:39","modified_gmt":"2017-05-24T04:58:39","slug":"ein-zug-zurueck","status":"publish","type":"post","link":"https:\/\/jessel.de\/365-tage-sylt\/ein-zug-zurueck\/","title":{"rendered":"Ein Zug zur\u00fcck"},"content":{"rendered":"<p>Meine Alpencross-Tour sollte eigentlich morgen in M\u00fcnchen enden&#8230;<\/p>\n<p>Angekommen in F\u00fcssen, versuche ich gleich, f\u00fcr Donnerstag den IC ab M\u00fcnchen 11:40 Uhr zu buchen. &#8222;Alle Fahrradpl\u00e4tze ausgebucht&#8220;, schallt es mir aus dem Netz entgegen. Mist!<\/p>\n<p>Ich probiere alle m\u00f6glichen Varianten mit anderen Abfahrtsorten, schlie\u00dflich auch f\u00fcr den heutigen Tag: Nichts! Schiete! Kurz vor 16 Uhr schnell noch hin zum Bahnhof&#8230; Schalterschluss um 15:40 Uhr!<\/p>\n<p>O.k., Freunde, dann steht f\u00fcr heute wohl die harte Nummer aufm Programm: Mit einem &#8222;Quer-durchs-Land-Ticket&#8220; einmal quer, bzw. l\u00e4ngs, durch die Republik &#8211; mit Nahverkehrsz\u00fcgen. Start in F\u00fcssen um kurz nach 9 Uhr, 7 mal umsteigen, Ankunft Hamburg- Altona 0:48 Uhr.<\/p>\n<p>Werde nachm Fr\u00fchst\u00fcck mit Sack und Pack zum Bahnhof radeln und mal schauen, wie sich das entwickelt.<\/p>\n<p>Morgen folgt noch ein Abschlussbericht. Adieu F\u00fcssen!<\/p>\n<p><img loading=\"lazy\" decoding=\"async\" class=\"alignnone size-full wp-image-1157\" src=\"http:\/\/jessel.de\/365-tage-sylt\/wp-content\/uploads\/2017\/05\/IMG_0717.jpg\" alt=\"\" width=\"1073\" height=\"745\" srcset=\"https:\/\/jessel.de\/365-tage-sylt\/wp-content\/uploads\/2017\/05\/IMG_0717.jpg 1073w, https:\/\/jessel.de\/365-tage-sylt\/wp-content\/uploads\/2017\/05\/IMG_0717-300x208.jpg 300w, https:\/\/jessel.de\/365-tage-sylt\/wp-content\/uploads\/2017\/05\/IMG_0717-768x533.jpg 768w, https:\/\/jessel.de\/365-tage-sylt\/wp-content\/uploads\/2017\/05\/IMG_0717-1024x711.jpg 1024w\" sizes=\"auto, (max-width: 1073px) 100vw, 1073px\" \/><\/p>\n","protected":false},"excerpt":{"rendered":"<p>Meine Alpencross-Tour sollte eigentlich morgen in M\u00fcnchen enden&#8230; Angekommen in F\u00fcssen, versuche ich gleich, f\u00fcr Donnerstag den IC ab M\u00fcnchen 11:40 Uhr zu buchen. &#8222;Alle Fahrradpl\u00e4tze ausgebucht&#8220;, schallt es mir aus dem Netz entgegen. Mist! Ich probiere alle m\u00f6glichen Varianten mit anderen Abfahrtsorten, schlie\u00dflich auch f\u00fcr den heutigen Tag: Nichts! Schiete! Kurz vor 16 Uhr schnell noch hin zum Bahnhof&#8230; Schalterschluss um 15:40 Uhr! O.k., Freunde, dann steht f\u00fcr heute&hellip;<\/p>\n","protected":false},"author":2,"featured_media":1068,"comment_status":"open","ping_status":"open","sticky":false,"template":"","format":"standard","meta":{"footnotes":""},"categories":[27,39,41,2,33],"tags":[],"class_list":["post-1166","post","type-post","status-publish","format-standard","has-post-thumbnail","hentry","category-alle-bilder","category-arbeit","category-fruehling","category-tourismus","category-woanders"],"jetpack_featured_media_url":"https:\/\/jessel.de\/365-tage-sylt\/wp-content\/uploads\/2017\/05\/IMG_0493.jpg","_links":{"self":[{"href":"https:\/\/jessel.de\/365-tage-sylt\/wp-json\/wp\/v2\/posts\/1166","targetHints":{"allow":["GET"]}}],"collection":[{"href":"https:\/\/jessel.de\/365-tage-sylt\/wp-json\/wp\/v2\/posts"}],"about":[{"href":"https:\/\/jessel.de\/365-tage-sylt\/wp-json\/wp\/v2\/types\/post"}],"author":[{"embeddable":true,"href":"https:\/\/jessel.de\/365-tage-sylt\/wp-json\/wp\/v2\/users\/2"}],"replies":[{"embeddable":true,"href":"https:\/\/jessel.de\/365-tage-sylt\/wp-json\/wp\/v2\/comments?post=1166"}],"version-history":[{"count":4,"href":"https:\/\/jessel.de\/365-tage-sylt\/wp-json\/wp\/v2\/posts\/1166\/revisions"}],"predecessor-version":[{"id":1170,"href":"https:\/\/jessel.de\/365-tage-sylt\/wp-json\/wp\/v2\/posts\/1166\/revisions\/1170"}],"wp:featuredmedia":[{"embeddable":true,"href":"https:\/\/jessel.de\/365-tage-sylt\/wp-json\/wp\/v2\/media\/1068"}],"wp:attachment":[{"href":"https:\/\/jessel.de\/365-tage-sylt\/wp-json\/wp\/v2\/media?parent=1166"}],"wp:term":[{"taxonomy":"category","embeddable":true,"href":"https:\/\/jessel.de\/365-tage-sylt\/wp-json\/wp\/v2\/categories?post=1166"},{"taxonomy":"post_tag","embeddable":true,"href":"https:\/\/jessel.de\/365-tage-sylt\/wp-json\/wp\/v2\/tags?post=1166"}],"curies":[{"name":"wp","href":"https:\/\/api.w.org\/{rel}","templated":true}]}}