{"id":11737,"date":"2022-06-03T09:24:41","date_gmt":"2022-06-03T09:24:41","guid":{"rendered":"https:\/\/jessel.de\/365-tage-sylt\/?p=11737"},"modified":"2022-06-03T09:31:58","modified_gmt":"2022-06-03T09:31:58","slug":"2-juni-mittagsgruesse-von-der-veddel","status":"publish","type":"post","link":"https:\/\/jessel.de\/365-tage-sylt\/2-juni-mittagsgruesse-von-der-veddel\/","title":{"rendered":"2. Juni: Mittagsgr\u00fc\u00dfe von der Veddel!"},"content":{"rendered":"<p>Foto: Luciano Pavarotti<\/p>\n<p>Auf einer Insel f\u00fchlen wir uns doch am wohlsten. Und wir, also Lars und ich, laufen meilenweit f\u00fcr eine Pizza Diabolo in der Pizzaria Piccola auf der Veddel! Incl. obligatem Foto, vom Wirt h\u00f6chstselbst.<\/p>\n<p>Die Wanderung ab Altona f\u00fchrt mich zun\u00e4chst an die Elbe in H\u00f6he der Landungsbr\u00fccken, von wo aus der Blick noch einmal zur aktuellen Weltpolitik, der verpackten (und sichergestellten) 800 Millionen &#8211; Yacht \u201eDilbar\u201c von Herrn Usmanow geht\u2026:<\/p>\n<p><img loading=\"lazy\" decoding=\"async\" class=\"size-full wp-image-11743\" src=\"https:\/\/jessel.de\/365-tage-sylt\/wp-content\/uploads\/2022\/06\/98E366D7-E98F-4F83-B90D-2E4AB31439A9.jpeg\" alt=\"\" width=\"1200\" height=\"800\" srcset=\"https:\/\/jessel.de\/365-tage-sylt\/wp-content\/uploads\/2022\/06\/98E366D7-E98F-4F83-B90D-2E4AB31439A9.jpeg 1200w, https:\/\/jessel.de\/365-tage-sylt\/wp-content\/uploads\/2022\/06\/98E366D7-E98F-4F83-B90D-2E4AB31439A9-300x200.jpeg 300w, https:\/\/jessel.de\/365-tage-sylt\/wp-content\/uploads\/2022\/06\/98E366D7-E98F-4F83-B90D-2E4AB31439A9-1024x683.jpeg 1024w, https:\/\/jessel.de\/365-tage-sylt\/wp-content\/uploads\/2022\/06\/98E366D7-E98F-4F83-B90D-2E4AB31439A9-768x512.jpeg 768w\" sizes=\"auto, (max-width: 1200px) 100vw, 1200px\" \/><\/p>\n<p>\u2026 dann weiter durch das Touristenmekka Hamburgs\u2026:<\/p>\n<p><img loading=\"lazy\" decoding=\"async\" class=\"size-full wp-image-11742\" src=\"https:\/\/jessel.de\/365-tage-sylt\/wp-content\/uploads\/2022\/06\/99F8067B-043B-4457-9142-BAD0FB22402D.jpeg\" alt=\"\" width=\"1200\" height=\"800\" srcset=\"https:\/\/jessel.de\/365-tage-sylt\/wp-content\/uploads\/2022\/06\/99F8067B-043B-4457-9142-BAD0FB22402D.jpeg 1200w, https:\/\/jessel.de\/365-tage-sylt\/wp-content\/uploads\/2022\/06\/99F8067B-043B-4457-9142-BAD0FB22402D-300x200.jpeg 300w, https:\/\/jessel.de\/365-tage-sylt\/wp-content\/uploads\/2022\/06\/99F8067B-043B-4457-9142-BAD0FB22402D-1024x683.jpeg 1024w, https:\/\/jessel.de\/365-tage-sylt\/wp-content\/uploads\/2022\/06\/99F8067B-043B-4457-9142-BAD0FB22402D-768x512.jpeg 768w\" sizes=\"auto, (max-width: 1200px) 100vw, 1200px\" \/><\/p>\n<p>\u2026 vorbei an der Elphi\u2026:<\/p>\n<p><img loading=\"lazy\" decoding=\"async\" class=\"size-full wp-image-11741\" src=\"https:\/\/jessel.de\/365-tage-sylt\/wp-content\/uploads\/2022\/06\/9F65C343-BAFF-44F1-B609-F4CDCB2192D6.jpeg\" alt=\"\" width=\"1200\" height=\"800\" srcset=\"https:\/\/jessel.de\/365-tage-sylt\/wp-content\/uploads\/2022\/06\/9F65C343-BAFF-44F1-B609-F4CDCB2192D6.jpeg 1200w, https:\/\/jessel.de\/365-tage-sylt\/wp-content\/uploads\/2022\/06\/9F65C343-BAFF-44F1-B609-F4CDCB2192D6-300x200.jpeg 300w, https:\/\/jessel.de\/365-tage-sylt\/wp-content\/uploads\/2022\/06\/9F65C343-BAFF-44F1-B609-F4CDCB2192D6-1024x683.jpeg 1024w, https:\/\/jessel.de\/365-tage-sylt\/wp-content\/uploads\/2022\/06\/9F65C343-BAFF-44F1-B609-F4CDCB2192D6-768x512.jpeg 768w\" sizes=\"auto, (max-width: 1200px) 100vw, 1200px\" \/><\/p>\n<p>\u2026 durch eine der derzeit gr\u00f6\u00dften Baustellen Europas, die Hafencity\u2026:<\/p>\n<p><img loading=\"lazy\" decoding=\"async\" class=\"size-full wp-image-11740\" src=\"https:\/\/jessel.de\/365-tage-sylt\/wp-content\/uploads\/2022\/06\/070085BA-3813-4BC7-AC3B-4C7043C59D13.jpeg\" alt=\"\" width=\"1200\" height=\"800\" srcset=\"https:\/\/jessel.de\/365-tage-sylt\/wp-content\/uploads\/2022\/06\/070085BA-3813-4BC7-AC3B-4C7043C59D13.jpeg 1200w, https:\/\/jessel.de\/365-tage-sylt\/wp-content\/uploads\/2022\/06\/070085BA-3813-4BC7-AC3B-4C7043C59D13-300x200.jpeg 300w, https:\/\/jessel.de\/365-tage-sylt\/wp-content\/uploads\/2022\/06\/070085BA-3813-4BC7-AC3B-4C7043C59D13-1024x683.jpeg 1024w, https:\/\/jessel.de\/365-tage-sylt\/wp-content\/uploads\/2022\/06\/070085BA-3813-4BC7-AC3B-4C7043C59D13-768x512.jpeg 768w\" sizes=\"auto, (max-width: 1200px) 100vw, 1200px\" \/><\/p>\n<p>\u2026 bei recht k\u00fchlen, windigen und teilweise nieseligen Bedingungen\u2026. Aber ich schreibe diese Zeilen nach der R\u00fcckkehr nach Sylt, wo wir heute, am 3. Juni, einen Traumtag erleben:<\/p>\n<p><img loading=\"lazy\" decoding=\"async\" class=\"alignnone size-full wp-image-11738\" src=\"https:\/\/jessel.de\/365-tage-sylt\/wp-content\/uploads\/2022\/06\/FC1EB10E-9FE2-4C88-A7B1-6F743439B518.jpeg\" alt=\"\" width=\"1475\" height=\"800\" srcset=\"https:\/\/jessel.de\/365-tage-sylt\/wp-content\/uploads\/2022\/06\/FC1EB10E-9FE2-4C88-A7B1-6F743439B518.jpeg 1475w, https:\/\/jessel.de\/365-tage-sylt\/wp-content\/uploads\/2022\/06\/FC1EB10E-9FE2-4C88-A7B1-6F743439B518-300x163.jpeg 300w, https:\/\/jessel.de\/365-tage-sylt\/wp-content\/uploads\/2022\/06\/FC1EB10E-9FE2-4C88-A7B1-6F743439B518-1024x555.jpeg 1024w, https:\/\/jessel.de\/365-tage-sylt\/wp-content\/uploads\/2022\/06\/FC1EB10E-9FE2-4C88-A7B1-6F743439B518-768x417.jpeg 768w\" sizes=\"auto, (max-width: 1475px) 100vw, 1475px\" \/><\/p>\n","protected":false},"excerpt":{"rendered":"<p>Foto: Luciano Pavarotti Auf einer Insel f\u00fchlen wir uns doch am wohlsten. Und wir, also Lars und ich, laufen meilenweit f\u00fcr eine Pizza Diabolo in der Pizzaria Piccola auf der Veddel! Incl. obligatem Foto, vom Wirt h\u00f6chstselbst. Die Wanderung ab Altona f\u00fchrt mich zun\u00e4chst an die Elbe in H\u00f6he der Landungsbr\u00fccken, von wo aus der Blick noch einmal zur aktuellen Weltpolitik, der verpackten (und sichergestellten) 800 Millionen &#8211; Yacht \u201eDilbar\u201c&hellip;<\/p>\n","protected":false},"author":2,"featured_media":11739,"comment_status":"open","ping_status":"open","sticky":false,"template":"","format":"standard","meta":{"footnotes":""},"categories":[27,39,41,28,43,3,35,2,30,33],"tags":[],"class_list":["post-11737","post","type-post","status-publish","format-standard","has-post-thumbnail","hentry","category-alle-bilder","category-arbeit","category-fruehling","category-haeuser","category-kulinarik","category-menschen","category-schlechtes-wetter","category-tourismus","category-tradition","category-woanders"],"jetpack_featured_media_url":"https:\/\/jessel.de\/365-tage-sylt\/wp-content\/uploads\/2022\/06\/44A035B7-B6AA-49B6-8D00-4D5D8A79C141.jpeg","_links":{"self":[{"href":"https:\/\/jessel.de\/365-tage-sylt\/wp-json\/wp\/v2\/posts\/11737","targetHints":{"allow":["GET"]}}],"collection":[{"href":"https:\/\/jessel.de\/365-tage-sylt\/wp-json\/wp\/v2\/posts"}],"about":[{"href":"https:\/\/jessel.de\/365-tage-sylt\/wp-json\/wp\/v2\/types\/post"}],"author":[{"embeddable":true,"href":"https:\/\/jessel.de\/365-tage-sylt\/wp-json\/wp\/v2\/users\/2"}],"replies":[{"embeddable":true,"href":"https:\/\/jessel.de\/365-tage-sylt\/wp-json\/wp\/v2\/comments?post=11737"}],"version-history":[{"count":4,"href":"https:\/\/jessel.de\/365-tage-sylt\/wp-json\/wp\/v2\/posts\/11737\/revisions"}],"predecessor-version":[{"id":11747,"href":"https:\/\/jessel.de\/365-tage-sylt\/wp-json\/wp\/v2\/posts\/11737\/revisions\/11747"}],"wp:featuredmedia":[{"embeddable":true,"href":"https:\/\/jessel.de\/365-tage-sylt\/wp-json\/wp\/v2\/media\/11739"}],"wp:attachment":[{"href":"https:\/\/jessel.de\/365-tage-sylt\/wp-json\/wp\/v2\/media?parent=11737"}],"wp:term":[{"taxonomy":"category","embeddable":true,"href":"https:\/\/jessel.de\/365-tage-sylt\/wp-json\/wp\/v2\/categories?post=11737"},{"taxonomy":"post_tag","embeddable":true,"href":"https:\/\/jessel.de\/365-tage-sylt\/wp-json\/wp\/v2\/tags?post=11737"}],"curies":[{"name":"wp","href":"https:\/\/api.w.org\/{rel}","templated":true}]}}