{"id":11793,"date":"2022-06-10T05:10:49","date_gmt":"2022-06-10T05:10:49","guid":{"rendered":"https:\/\/jessel.de\/365-tage-sylt\/?p=11793"},"modified":"2022-06-10T14:07:06","modified_gmt":"2022-06-10T14:07:06","slug":"10-juni-guten-morgen-sylt","status":"publish","type":"post","link":"https:\/\/jessel.de\/365-tage-sylt\/10-juni-guten-morgen-sylt\/","title":{"rendered":"10. Juni: Guten Morgen, Sylt\u2026"},"content":{"rendered":"<p>\u2026 und besten Dank f\u00fcr die tolle Stimmung. Da startet der Fotograf beschwingt in den Tag.<\/p>\n<p>Irgendwie sieht die Nordsee heute nach Ostsee aus:<\/p>\n<p><img loading=\"lazy\" decoding=\"async\" class=\"alignnone size-full wp-image-11796\" src=\"https:\/\/jessel.de\/365-tage-sylt\/wp-content\/uploads\/2022\/06\/23F73CA6-AE5F-4119-AE0B-C7DE6683FB11.jpeg\" alt=\"\" width=\"1202\" height=\"800\" srcset=\"https:\/\/jessel.de\/365-tage-sylt\/wp-content\/uploads\/2022\/06\/23F73CA6-AE5F-4119-AE0B-C7DE6683FB11.jpeg 1202w, https:\/\/jessel.de\/365-tage-sylt\/wp-content\/uploads\/2022\/06\/23F73CA6-AE5F-4119-AE0B-C7DE6683FB11-300x200.jpeg 300w, https:\/\/jessel.de\/365-tage-sylt\/wp-content\/uploads\/2022\/06\/23F73CA6-AE5F-4119-AE0B-C7DE6683FB11-1024x682.jpeg 1024w, https:\/\/jessel.de\/365-tage-sylt\/wp-content\/uploads\/2022\/06\/23F73CA6-AE5F-4119-AE0B-C7DE6683FB11-768x511.jpeg 768w\" sizes=\"auto, (max-width: 1202px) 100vw, 1202px\" \/><\/p>\n<p>Die Promenaden-Strandk\u00f6rbe warten auf Kundschaft\u2026:<\/p>\n<p><img loading=\"lazy\" decoding=\"async\" class=\"alignnone size-full wp-image-11798\" src=\"https:\/\/jessel.de\/365-tage-sylt\/wp-content\/uploads\/2022\/06\/154A2C83-A394-4550-AB3C-5A9E6C5F3F7C.jpeg\" alt=\"\" width=\"1202\" height=\"800\" srcset=\"https:\/\/jessel.de\/365-tage-sylt\/wp-content\/uploads\/2022\/06\/154A2C83-A394-4550-AB3C-5A9E6C5F3F7C.jpeg 1202w, https:\/\/jessel.de\/365-tage-sylt\/wp-content\/uploads\/2022\/06\/154A2C83-A394-4550-AB3C-5A9E6C5F3F7C-300x200.jpeg 300w, https:\/\/jessel.de\/365-tage-sylt\/wp-content\/uploads\/2022\/06\/154A2C83-A394-4550-AB3C-5A9E6C5F3F7C-1024x682.jpeg 1024w, https:\/\/jessel.de\/365-tage-sylt\/wp-content\/uploads\/2022\/06\/154A2C83-A394-4550-AB3C-5A9E6C5F3F7C-768x511.jpeg 768w\" sizes=\"auto, (max-width: 1202px) 100vw, 1202px\" \/><\/p>\n<p>\u2026 die sich noch nicht entscheiden m\u00f6chte:<\/p>\n<p><img loading=\"lazy\" decoding=\"async\" class=\"alignnone size-full wp-image-11800\" src=\"https:\/\/jessel.de\/365-tage-sylt\/wp-content\/uploads\/2022\/06\/7B50D9C8-02E4-4CAC-941D-71660A964609.jpeg\" alt=\"\" width=\"1202\" height=\"800\" srcset=\"https:\/\/jessel.de\/365-tage-sylt\/wp-content\/uploads\/2022\/06\/7B50D9C8-02E4-4CAC-941D-71660A964609.jpeg 1202w, https:\/\/jessel.de\/365-tage-sylt\/wp-content\/uploads\/2022\/06\/7B50D9C8-02E4-4CAC-941D-71660A964609-300x200.jpeg 300w, https:\/\/jessel.de\/365-tage-sylt\/wp-content\/uploads\/2022\/06\/7B50D9C8-02E4-4CAC-941D-71660A964609-1024x682.jpeg 1024w, https:\/\/jessel.de\/365-tage-sylt\/wp-content\/uploads\/2022\/06\/7B50D9C8-02E4-4CAC-941D-71660A964609-768x511.jpeg 768w\" sizes=\"auto, (max-width: 1202px) 100vw, 1202px\" \/><\/p>\n<p>Immerhin: Es sind genug Strandm\u00f6bel f\u00fcr alle da, und die M\u00fcllentsorgung ist auch geregelt:<\/p>\n<p><img loading=\"lazy\" decoding=\"async\" class=\"alignnone size-full wp-image-11799\" src=\"https:\/\/jessel.de\/365-tage-sylt\/wp-content\/uploads\/2022\/06\/180DEDC7-F6B7-4591-8906-50E2D3F0C653.jpeg\" alt=\"\" width=\"1202\" height=\"800\" srcset=\"https:\/\/jessel.de\/365-tage-sylt\/wp-content\/uploads\/2022\/06\/180DEDC7-F6B7-4591-8906-50E2D3F0C653.jpeg 1202w, https:\/\/jessel.de\/365-tage-sylt\/wp-content\/uploads\/2022\/06\/180DEDC7-F6B7-4591-8906-50E2D3F0C653-300x200.jpeg 300w, https:\/\/jessel.de\/365-tage-sylt\/wp-content\/uploads\/2022\/06\/180DEDC7-F6B7-4591-8906-50E2D3F0C653-1024x682.jpeg 1024w, https:\/\/jessel.de\/365-tage-sylt\/wp-content\/uploads\/2022\/06\/180DEDC7-F6B7-4591-8906-50E2D3F0C653-768x511.jpeg 768w\" sizes=\"auto, (max-width: 1202px) 100vw, 1202px\" \/><\/p>\n","protected":false},"excerpt":{"rendered":"<p>\u2026 und besten Dank f\u00fcr die tolle Stimmung. Da startet der Fotograf beschwingt in den Tag. Irgendwie sieht die Nordsee heute nach Ostsee aus: Die Promenaden-Strandk\u00f6rbe warten auf Kundschaft\u2026: \u2026 die sich noch nicht entscheiden m\u00f6chte: Immerhin: Es sind genug Strandm\u00f6bel f\u00fcr alle da, und die M\u00fcllentsorgung ist auch geregelt:<\/p>\n","protected":false},"author":2,"featured_media":11794,"comment_status":"open","ping_status":"open","sticky":false,"template":"","format":"standard","meta":{"footnotes":""},"categories":[27,39,24,41,25,44,4,26],"tags":[],"class_list":["post-11793","post","type-post","status-publish","format-standard","has-post-thumbnail","hentry","category-alle-bilder","category-arbeit","category-duenen","category-fruehling","category-kampen","category-pflanzen","category-spuren","category-strand"],"jetpack_featured_media_url":"https:\/\/jessel.de\/365-tage-sylt\/wp-content\/uploads\/2022\/06\/8FD0125B-16F8-4AAF-B718-3AE9AA14DC43.jpeg","_links":{"self":[{"href":"https:\/\/jessel.de\/365-tage-sylt\/wp-json\/wp\/v2\/posts\/11793","targetHints":{"allow":["GET"]}}],"collection":[{"href":"https:\/\/jessel.de\/365-tage-sylt\/wp-json\/wp\/v2\/posts"}],"about":[{"href":"https:\/\/jessel.de\/365-tage-sylt\/wp-json\/wp\/v2\/types\/post"}],"author":[{"embeddable":true,"href":"https:\/\/jessel.de\/365-tage-sylt\/wp-json\/wp\/v2\/users\/2"}],"replies":[{"embeddable":true,"href":"https:\/\/jessel.de\/365-tage-sylt\/wp-json\/wp\/v2\/comments?post=11793"}],"version-history":[{"count":3,"href":"https:\/\/jessel.de\/365-tage-sylt\/wp-json\/wp\/v2\/posts\/11793\/revisions"}],"predecessor-version":[{"id":11801,"href":"https:\/\/jessel.de\/365-tage-sylt\/wp-json\/wp\/v2\/posts\/11793\/revisions\/11801"}],"wp:featuredmedia":[{"embeddable":true,"href":"https:\/\/jessel.de\/365-tage-sylt\/wp-json\/wp\/v2\/media\/11794"}],"wp:attachment":[{"href":"https:\/\/jessel.de\/365-tage-sylt\/wp-json\/wp\/v2\/media?parent=11793"}],"wp:term":[{"taxonomy":"category","embeddable":true,"href":"https:\/\/jessel.de\/365-tage-sylt\/wp-json\/wp\/v2\/categories?post=11793"},{"taxonomy":"post_tag","embeddable":true,"href":"https:\/\/jessel.de\/365-tage-sylt\/wp-json\/wp\/v2\/tags?post=11793"}],"curies":[{"name":"wp","href":"https:\/\/api.w.org\/{rel}","templated":true}]}}