{"id":11802,"date":"2022-06-11T06:07:16","date_gmt":"2022-06-11T06:07:16","guid":{"rendered":"https:\/\/jessel.de\/365-tage-sylt\/?p=11802"},"modified":"2022-06-11T07:35:56","modified_gmt":"2022-06-11T07:35:56","slug":"11-juni-guten-morgen-sylt-die-zweite","status":"publish","type":"post","link":"https:\/\/jessel.de\/365-tage-sylt\/11-juni-guten-morgen-sylt-die-zweite\/","title":{"rendered":"11. Juni: Guten Morgen, Sylt &#8211; die Zweite\u2026"},"content":{"rendered":"<p>Nach einer derart netten Begr\u00fc\u00dfung des Tages geht\u2019s auf den Rantum Becken Deich. Wegen dieser Wolke bin ich hier\u2026 eigentlich hatte ich f\u00fcr heute fr\u00fch eine ganz andere Tour in den Sylter S\u00fcden im Programm:<\/p>\n<p><img loading=\"lazy\" decoding=\"async\" class=\"alignnone size-full wp-image-11807\" src=\"https:\/\/jessel.de\/365-tage-sylt\/wp-content\/uploads\/2022\/06\/C2E6E1D9-D570-46D0-82E8-DBADAB873D32.jpeg\" alt=\"\" width=\"1202\" height=\"800\" srcset=\"https:\/\/jessel.de\/365-tage-sylt\/wp-content\/uploads\/2022\/06\/C2E6E1D9-D570-46D0-82E8-DBADAB873D32.jpeg 1202w, https:\/\/jessel.de\/365-tage-sylt\/wp-content\/uploads\/2022\/06\/C2E6E1D9-D570-46D0-82E8-DBADAB873D32-300x200.jpeg 300w, https:\/\/jessel.de\/365-tage-sylt\/wp-content\/uploads\/2022\/06\/C2E6E1D9-D570-46D0-82E8-DBADAB873D32-1024x682.jpeg 1024w, https:\/\/jessel.de\/365-tage-sylt\/wp-content\/uploads\/2022\/06\/C2E6E1D9-D570-46D0-82E8-DBADAB873D32-768x511.jpeg 768w\" sizes=\"auto, (max-width: 1202px) 100vw, 1202px\" \/><\/p>\n<p>Heute passt das Licht f\u00fcr ein Foto vom \u00d6stlichen Deichsiel und dem Entw\u00e4sserungspriel ins Watt:<\/p>\n<p><img loading=\"lazy\" decoding=\"async\" class=\"alignnone size-full wp-image-11809\" src=\"https:\/\/jessel.de\/365-tage-sylt\/wp-content\/uploads\/2022\/06\/5490C053-36BA-4B65-8C0A-004711724F32.jpeg\" alt=\"\" width=\"1202\" height=\"800\" srcset=\"https:\/\/jessel.de\/365-tage-sylt\/wp-content\/uploads\/2022\/06\/5490C053-36BA-4B65-8C0A-004711724F32.jpeg 1202w, https:\/\/jessel.de\/365-tage-sylt\/wp-content\/uploads\/2022\/06\/5490C053-36BA-4B65-8C0A-004711724F32-300x200.jpeg 300w, https:\/\/jessel.de\/365-tage-sylt\/wp-content\/uploads\/2022\/06\/5490C053-36BA-4B65-8C0A-004711724F32-1024x682.jpeg 1024w, https:\/\/jessel.de\/365-tage-sylt\/wp-content\/uploads\/2022\/06\/5490C053-36BA-4B65-8C0A-004711724F32-768x511.jpeg 768w\" sizes=\"auto, (max-width: 1202px) 100vw, 1202px\" \/><\/p>\n<p>Schlie\u00dflich fahre ich weiter Richtung Westk\u00fcste. An diesem Beispiel ist gut zu sehen, was die Rosa Rugosa anstellt, wenn man sie l\u00e4sst wie sie m\u00f6chte:<\/p>\n<p><img loading=\"lazy\" decoding=\"async\" class=\"alignnone size-full wp-image-11806\" src=\"https:\/\/jessel.de\/365-tage-sylt\/wp-content\/uploads\/2022\/06\/13503E28-35FE-43D9-8273-6AA127D57759.jpeg\" alt=\"\" width=\"1630\" height=\"800\" srcset=\"https:\/\/jessel.de\/365-tage-sylt\/wp-content\/uploads\/2022\/06\/13503E28-35FE-43D9-8273-6AA127D57759.jpeg 1630w, https:\/\/jessel.de\/365-tage-sylt\/wp-content\/uploads\/2022\/06\/13503E28-35FE-43D9-8273-6AA127D57759-300x147.jpeg 300w, https:\/\/jessel.de\/365-tage-sylt\/wp-content\/uploads\/2022\/06\/13503E28-35FE-43D9-8273-6AA127D57759-1024x503.jpeg 1024w, https:\/\/jessel.de\/365-tage-sylt\/wp-content\/uploads\/2022\/06\/13503E28-35FE-43D9-8273-6AA127D57759-768x377.jpeg 768w, https:\/\/jessel.de\/365-tage-sylt\/wp-content\/uploads\/2022\/06\/13503E28-35FE-43D9-8273-6AA127D57759-1536x754.jpeg 1536w\" sizes=\"auto, (max-width: 1630px) 100vw, 1630px\" \/><\/p>\n<p>Diese D\u00fcne war noch vor Jahren mit Strandhafer bewachsen, aber der hat auf Dauer kaum eine Chance.<\/p>\n<p>Unten am Strand erschrecke ich schnell noch ein paar M\u00f6wen, womit dieser Morgeneinsatz auch beendet w\u00e4re:<\/p>\n<p><img loading=\"lazy\" decoding=\"async\" class=\"alignnone size-full wp-image-11805\" src=\"https:\/\/jessel.de\/365-tage-sylt\/wp-content\/uploads\/2022\/06\/87B3D15A-F6BC-4119-AD88-E11C5104D0E6.jpeg\" alt=\"\" width=\"1200\" height=\"800\" srcset=\"https:\/\/jessel.de\/365-tage-sylt\/wp-content\/uploads\/2022\/06\/87B3D15A-F6BC-4119-AD88-E11C5104D0E6.jpeg 1200w, https:\/\/jessel.de\/365-tage-sylt\/wp-content\/uploads\/2022\/06\/87B3D15A-F6BC-4119-AD88-E11C5104D0E6-300x200.jpeg 300w, https:\/\/jessel.de\/365-tage-sylt\/wp-content\/uploads\/2022\/06\/87B3D15A-F6BC-4119-AD88-E11C5104D0E6-1024x683.jpeg 1024w, https:\/\/jessel.de\/365-tage-sylt\/wp-content\/uploads\/2022\/06\/87B3D15A-F6BC-4119-AD88-E11C5104D0E6-768x512.jpeg 768w\" sizes=\"auto, (max-width: 1200px) 100vw, 1200px\" \/><\/p>\n","protected":false},"excerpt":{"rendered":"<p>Nach einer derart netten Begr\u00fc\u00dfung des Tages geht\u2019s auf den Rantum Becken Deich. Wegen dieser Wolke bin ich hier\u2026 eigentlich hatte ich f\u00fcr heute fr\u00fch eine ganz andere Tour in den Sylter S\u00fcden im Programm: Heute passt das Licht f\u00fcr ein Foto vom \u00d6stlichen Deichsiel und dem Entw\u00e4sserungspriel ins Watt: Schlie\u00dflich fahre ich weiter Richtung Westk\u00fcste. An diesem Beispiel ist gut zu sehen, was die Rosa Rugosa anstellt, wenn man&hellip;<\/p>\n","protected":false},"author":2,"featured_media":11803,"comment_status":"open","ping_status":"open","sticky":false,"template":"","format":"standard","meta":{"footnotes":""},"categories":[27,39,41,28,40,31,30],"tags":[],"class_list":["post-11802","post","type-post","status-publish","format-standard","has-post-thumbnail","hentry","category-alle-bilder","category-arbeit","category-fruehling","category-haeuser","category-tiere","category-tinnum","category-tradition"],"jetpack_featured_media_url":"https:\/\/jessel.de\/365-tage-sylt\/wp-content\/uploads\/2022\/06\/D6D8BFBE-94D9-45A3-AA66-7ABF6F4BA1D8.jpeg","_links":{"self":[{"href":"https:\/\/jessel.de\/365-tage-sylt\/wp-json\/wp\/v2\/posts\/11802","targetHints":{"allow":["GET"]}}],"collection":[{"href":"https:\/\/jessel.de\/365-tage-sylt\/wp-json\/wp\/v2\/posts"}],"about":[{"href":"https:\/\/jessel.de\/365-tage-sylt\/wp-json\/wp\/v2\/types\/post"}],"author":[{"embeddable":true,"href":"https:\/\/jessel.de\/365-tage-sylt\/wp-json\/wp\/v2\/users\/2"}],"replies":[{"embeddable":true,"href":"https:\/\/jessel.de\/365-tage-sylt\/wp-json\/wp\/v2\/comments?post=11802"}],"version-history":[{"count":3,"href":"https:\/\/jessel.de\/365-tage-sylt\/wp-json\/wp\/v2\/posts\/11802\/revisions"}],"predecessor-version":[{"id":11810,"href":"https:\/\/jessel.de\/365-tage-sylt\/wp-json\/wp\/v2\/posts\/11802\/revisions\/11810"}],"wp:featuredmedia":[{"embeddable":true,"href":"https:\/\/jessel.de\/365-tage-sylt\/wp-json\/wp\/v2\/media\/11803"}],"wp:attachment":[{"href":"https:\/\/jessel.de\/365-tage-sylt\/wp-json\/wp\/v2\/media?parent=11802"}],"wp:term":[{"taxonomy":"category","embeddable":true,"href":"https:\/\/jessel.de\/365-tage-sylt\/wp-json\/wp\/v2\/categories?post=11802"},{"taxonomy":"post_tag","embeddable":true,"href":"https:\/\/jessel.de\/365-tage-sylt\/wp-json\/wp\/v2\/tags?post=11802"}],"curies":[{"name":"wp","href":"https:\/\/api.w.org\/{rel}","templated":true}]}}