{"id":1191,"date":"2017-05-27T15:12:32","date_gmt":"2017-05-27T15:12:32","guid":{"rendered":"http:\/\/jessel.de\/365-tage-sylt\/?p=1191"},"modified":"2017-05-27T15:35:37","modified_gmt":"2017-05-27T15:35:37","slug":"immer-zuerst-die-pferde","status":"publish","type":"post","link":"https:\/\/jessel.de\/365-tage-sylt\/immer-zuerst-die-pferde\/","title":{"rendered":"Immer &#8222;zuerst die Pferde&#8230;!&#8220; :-("},"content":{"rendered":"<p>Sylt macht einen seiner Zaubertage auf. Ich erreiche das Gr\u00fcne Kliff am Keitumer Wattufer, als die Sonne aufgeht. 5 Uhr &#8211; der Kaffee musste ausfallen heute.<\/p>\n<p>Die Luft wirkt\u00a0zart wie Samt, der Duft dieses Tages ist noch beeindruckender: Rhododendren, Flieder, Goldregen, Kastanien &#8211; alles in voller Bl\u00fcte. Bin schon vom Atmen satt.<\/p>\n<p>Ich schaue, was es zu fotografieren g\u00e4be, da kommt mir gem\u00e4\u00dfigten Schrittes ein \u00e4lterer Herr entgegen. Gepflegte Kleidung, gebildetes \u00c4u\u00dferes, Gehstock. Wir gr\u00fc\u00dfen uns, er schreitet vom Weg ins Gras, um mich, das Fahrrad schiebend, vorbei zu lassen. &#8222;Sie kommen von rechts&#8220;, sagt er. Wir kommen ins Gespr\u00e4ch, \u00fcber die Sch\u00f6nheit dieses morgendlichen Augenblicks: &#8222;Ich komme seit 45 Jahren auf die Insel, aber solch` einen intensiven Duft habe ich noch nie erlebt&#8220;&#8230; und &#8211; parallel dazu &#8211; das momentane Elend in vielen Teilen der Welt. Die &#8222;Bomben \u00fcber Aleppo&#8220; machen ihm &#8211; und mir ebenso &#8211; zu schaffen, und wie gl\u00fccklich wir uns sch\u00e4tzen d\u00fcrfen, hier auf Sylt in dieser Idylle zu sein. Ja, wir sind die, die Gl\u00fcck gehabt haben&#8230; noch einige Worte hin und her, dann liftet er h\u00f6flich seinen Hut, dreht sich im Gehen noch einmal um und sagt: &#8222;Wie sch\u00f6n, dass Sie das auch so sehen. Ich danke Ihnen.&#8220; Gro\u00dfer Auftritt, an einem Samstagmorgen um 5:15 Uhr.<\/p>\n<p>Ich radel` durch Keitum. Tiefer Nebel \u00fcber dem Archsumer Anwachs. Wunderbares, weiches Licht &#8211; und herrlich warm bereits nach dem gestrigen Seenebel:<\/p>\n<p><img loading=\"lazy\" decoding=\"async\" class=\"alignnone size-full wp-image-1192\" src=\"http:\/\/jessel.de\/365-tage-sylt\/wp-content\/uploads\/2017\/05\/20170527_061138.jpg\" alt=\"\" width=\"2500\" height=\"761\" srcset=\"https:\/\/jessel.de\/365-tage-sylt\/wp-content\/uploads\/2017\/05\/20170527_061138.jpg 2500w, https:\/\/jessel.de\/365-tage-sylt\/wp-content\/uploads\/2017\/05\/20170527_061138-300x91.jpg 300w, https:\/\/jessel.de\/365-tage-sylt\/wp-content\/uploads\/2017\/05\/20170527_061138-768x234.jpg 768w, https:\/\/jessel.de\/365-tage-sylt\/wp-content\/uploads\/2017\/05\/20170527_061138-1024x312.jpg 1024w\" sizes=\"auto, (max-width: 2500px) 100vw, 2500px\" \/><\/p>\n<p>Es wird mir jetzt etwas zu(!) sch\u00f6n so langsam:<\/p>\n<p><img loading=\"lazy\" decoding=\"async\" class=\"alignnone size-full wp-image-1194\" src=\"http:\/\/jessel.de\/365-tage-sylt\/wp-content\/uploads\/2017\/05\/L1005861.jpg\" alt=\"\" width=\"1516\" height=\"800\" srcset=\"https:\/\/jessel.de\/365-tage-sylt\/wp-content\/uploads\/2017\/05\/L1005861.jpg 1516w, https:\/\/jessel.de\/365-tage-sylt\/wp-content\/uploads\/2017\/05\/L1005861-300x158.jpg 300w, https:\/\/jessel.de\/365-tage-sylt\/wp-content\/uploads\/2017\/05\/L1005861-768x405.jpg 768w, https:\/\/jessel.de\/365-tage-sylt\/wp-content\/uploads\/2017\/05\/L1005861-1024x540.jpg 1024w\" sizes=\"auto, (max-width: 1516px) 100vw, 1516px\" \/><\/p>\n<p>Auf dem R\u00fcckweg Richtung Westerland hole ich mir meinen Morgenkaffee in Raffelh\u00fcschens Backstube im Tinnumer Gewerbegebiet ab &#8211; und besuche im Anschluss des Tierfriedhof im Sjipwai:<\/p>\n<p><img loading=\"lazy\" decoding=\"async\" class=\"alignnone size-full wp-image-1195\" src=\"http:\/\/jessel.de\/365-tage-sylt\/wp-content\/uploads\/2017\/05\/L1005900.jpg\" alt=\"\" width=\"566\" height=\"800\" srcset=\"https:\/\/jessel.de\/365-tage-sylt\/wp-content\/uploads\/2017\/05\/L1005900.jpg 566w, https:\/\/jessel.de\/365-tage-sylt\/wp-content\/uploads\/2017\/05\/L1005900-212x300.jpg 212w\" sizes=\"auto, (max-width: 566px) 100vw, 566px\" \/><\/p>\n<p>&nbsp;<\/p>\n","protected":false},"excerpt":{"rendered":"<p>Sylt macht einen seiner Zaubertage auf. Ich erreiche das Gr\u00fcne Kliff am Keitumer Wattufer, als die Sonne aufgeht. 5 Uhr &#8211; der Kaffee musste ausfallen heute. Die Luft wirkt\u00a0zart wie Samt, der Duft dieses Tages ist noch beeindruckender: Rhododendren, Flieder, Goldregen, Kastanien &#8211; alles in voller Bl\u00fcte. Bin schon vom Atmen satt. Ich schaue, was es zu fotografieren g\u00e4be, da kommt mir gem\u00e4\u00dfigten Schrittes ein \u00e4lterer Herr entgegen. Gepflegte Kleidung,&hellip;<\/p>\n","protected":false},"author":2,"featured_media":1193,"comment_status":"open","ping_status":"open","sticky":false,"template":"","format":"standard","meta":{"footnotes":""},"categories":[27,41,28,32,40],"tags":[],"class_list":["post-1191","post","type-post","status-publish","format-standard","has-post-thumbnail","hentry","category-alle-bilder","category-fruehling","category-haeuser","category-keitum","category-tiere"],"jetpack_featured_media_url":"https:\/\/jessel.de\/365-tage-sylt\/wp-content\/uploads\/2017\/05\/L1005841.jpg","_links":{"self":[{"href":"https:\/\/jessel.de\/365-tage-sylt\/wp-json\/wp\/v2\/posts\/1191","targetHints":{"allow":["GET"]}}],"collection":[{"href":"https:\/\/jessel.de\/365-tage-sylt\/wp-json\/wp\/v2\/posts"}],"about":[{"href":"https:\/\/jessel.de\/365-tage-sylt\/wp-json\/wp\/v2\/types\/post"}],"author":[{"embeddable":true,"href":"https:\/\/jessel.de\/365-tage-sylt\/wp-json\/wp\/v2\/users\/2"}],"replies":[{"embeddable":true,"href":"https:\/\/jessel.de\/365-tage-sylt\/wp-json\/wp\/v2\/comments?post=1191"}],"version-history":[{"count":4,"href":"https:\/\/jessel.de\/365-tage-sylt\/wp-json\/wp\/v2\/posts\/1191\/revisions"}],"predecessor-version":[{"id":1199,"href":"https:\/\/jessel.de\/365-tage-sylt\/wp-json\/wp\/v2\/posts\/1191\/revisions\/1199"}],"wp:featuredmedia":[{"embeddable":true,"href":"https:\/\/jessel.de\/365-tage-sylt\/wp-json\/wp\/v2\/media\/1193"}],"wp:attachment":[{"href":"https:\/\/jessel.de\/365-tage-sylt\/wp-json\/wp\/v2\/media?parent=1191"}],"wp:term":[{"taxonomy":"category","embeddable":true,"href":"https:\/\/jessel.de\/365-tage-sylt\/wp-json\/wp\/v2\/categories?post=1191"},{"taxonomy":"post_tag","embeddable":true,"href":"https:\/\/jessel.de\/365-tage-sylt\/wp-json\/wp\/v2\/tags?post=1191"}],"curies":[{"name":"wp","href":"https:\/\/api.w.org\/{rel}","templated":true}]}}