{"id":1200,"date":"2017-05-28T15:48:10","date_gmt":"2017-05-28T15:48:10","guid":{"rendered":"http:\/\/jessel.de\/365-tage-sylt\/?p=1200"},"modified":"2017-05-29T09:01:22","modified_gmt":"2017-05-29T09:01:22","slug":"fast-eine-tropische-nacht","status":"publish","type":"post","link":"https:\/\/jessel.de\/365-tage-sylt\/fast-eine-tropische-nacht\/","title":{"rendered":"Fast eine &#8222;Tropische Nacht&#8220; \u00fcber Sylt!"},"content":{"rendered":"<p>Dem Zaubertag folgt eine Fast-Tropen-Nacht, denn die Niedrigsttemperatur betr\u00e4gt 19 Grad. Der S\u00fcdwind bringt warme Luftmassen aus mediterranen Regionen bis zu uns herauf.<\/p>\n<p>Ich verlasse um 4:45 Uhr das Haus und radel` dorthin, wo \u00fcberm nord\u00f6stlichen Horizont der einzige wolkenfreie Himmelsfleck zu sehen ist. Mit etwas Gl\u00fcck gibt das ein fabelhaftes Licht. Bingo! Das blinkende Licht ist der Reflex der aufgehenden Sonne:<\/p>\n<div id=\"attachment_1201\" style=\"width: 1213px\" class=\"wp-caption alignnone\"><img loading=\"lazy\" decoding=\"async\" aria-describedby=\"caption-attachment-1201\" class=\"size-full wp-image-1201\" src=\"http:\/\/jessel.de\/365-tage-sylt\/wp-content\/uploads\/2017\/05\/L1005952.jpg\" alt=\"\" width=\"1203\" height=\"800\" srcset=\"https:\/\/jessel.de\/365-tage-sylt\/wp-content\/uploads\/2017\/05\/L1005952.jpg 1203w, https:\/\/jessel.de\/365-tage-sylt\/wp-content\/uploads\/2017\/05\/L1005952-300x200.jpg 300w, https:\/\/jessel.de\/365-tage-sylt\/wp-content\/uploads\/2017\/05\/L1005952-768x511.jpg 768w, https:\/\/jessel.de\/365-tage-sylt\/wp-content\/uploads\/2017\/05\/L1005952-1024x681.jpg 1024w\" sizes=\"auto, (max-width: 1203px) 100vw, 1203px\" \/><p id=\"caption-attachment-1201\" class=\"wp-caption-text\">Sylt_Kampen_Leuchtturm &#8222;Rote Kliff&#8220;_Erste Sonnenstrahlen_Dunkles Gewoelk_<\/p><\/div>\n<p>Weiter geht`s runter zur Kupferkanne, wo es so aussieht, als w\u00fcrden die jahrelangen Versuche seitens der Naturschutzgemeinschaft Fr\u00fcchte tragen, einen Jahrzehnte alten &#8222;Wildwechsel&#8220; durch die Heide abzuriegeln&#8230; bravo!<\/p>\n<p><img loading=\"lazy\" decoding=\"async\" class=\"alignnone size-full wp-image-1230\" src=\"http:\/\/jessel.de\/365-tage-sylt\/wp-content\/uploads\/2017\/05\/L1005983.jpg\" alt=\"\" width=\"1203\" height=\"800\" srcset=\"https:\/\/jessel.de\/365-tage-sylt\/wp-content\/uploads\/2017\/05\/L1005983.jpg 1203w, https:\/\/jessel.de\/365-tage-sylt\/wp-content\/uploads\/2017\/05\/L1005983-300x200.jpg 300w, https:\/\/jessel.de\/365-tage-sylt\/wp-content\/uploads\/2017\/05\/L1005983-768x511.jpg 768w, https:\/\/jessel.de\/365-tage-sylt\/wp-content\/uploads\/2017\/05\/L1005983-1024x681.jpg 1024w\" sizes=\"auto, (max-width: 1203px) 100vw, 1203px\" \/><\/p>\n<p>Der Wind ist bald nach Sonnenaufgang nach S\u00fcdwest umgeschlagen -und bringt deutlich k\u00fchlere Temperaturen jetzt, die im Laufe des Tages bis auf 13 Grad herunter gehen. Noch um 7 Uhr h\u00f6re ich hier unten am Watt &#8211; neben Vogelgezwitscher und Wellengepl\u00e4tscher das Gewummer vom Club &#8222;Pony&#8220;, auch das Gegr\u00f6hle diverser Betrunkener, die zu &#8222;Griechischem Wein&#8220; von Udo J\u00fcrgens singen &#8211; bzw. dieses versuchen.<\/p>\n<p>Bis ca. 8 Uhr schaue ich mich noch ein wenig in Kampen um. Ich treffe tats\u00e4chlich an diesem Sonntagmorgen nicht einen(!) Menschen. Bzw. doch, hier:<\/p>\n<p><img loading=\"lazy\" decoding=\"async\" class=\"alignnone size-full wp-image-1235\" src=\"http:\/\/jessel.de\/365-tage-sylt\/wp-content\/uploads\/2017\/05\/L1005960-1.jpg\" alt=\"\" width=\"1203\" height=\"800\" srcset=\"https:\/\/jessel.de\/365-tage-sylt\/wp-content\/uploads\/2017\/05\/L1005960-1.jpg 1203w, https:\/\/jessel.de\/365-tage-sylt\/wp-content\/uploads\/2017\/05\/L1005960-1-300x200.jpg 300w, https:\/\/jessel.de\/365-tage-sylt\/wp-content\/uploads\/2017\/05\/L1005960-1-768x511.jpg 768w, https:\/\/jessel.de\/365-tage-sylt\/wp-content\/uploads\/2017\/05\/L1005960-1-1024x681.jpg 1024w\" sizes=\"auto, (max-width: 1203px) 100vw, 1203px\" \/><\/p>\n<p>Aufm R\u00fcckweg geniesse ich den k\u00fchlen Hauch vom Meer vor Wenningstedt:<\/p>\n<p><img loading=\"lazy\" decoding=\"async\" class=\"alignnone size-full wp-image-1233\" src=\"http:\/\/jessel.de\/365-tage-sylt\/wp-content\/uploads\/2017\/05\/L1005995.jpg\" alt=\"\" width=\"1203\" height=\"800\" srcset=\"https:\/\/jessel.de\/365-tage-sylt\/wp-content\/uploads\/2017\/05\/L1005995.jpg 1203w, https:\/\/jessel.de\/365-tage-sylt\/wp-content\/uploads\/2017\/05\/L1005995-300x200.jpg 300w, https:\/\/jessel.de\/365-tage-sylt\/wp-content\/uploads\/2017\/05\/L1005995-768x511.jpg 768w, https:\/\/jessel.de\/365-tage-sylt\/wp-content\/uploads\/2017\/05\/L1005995-1024x681.jpg 1024w\" sizes=\"auto, (max-width: 1203px) 100vw, 1203px\" \/><\/p>\n","protected":false},"excerpt":{"rendered":"<p>Dem Zaubertag folgt eine Fast-Tropen-Nacht, denn die Niedrigsttemperatur betr\u00e4gt 19 Grad. Der S\u00fcdwind bringt warme Luftmassen aus mediterranen Regionen bis zu uns herauf. Ich verlasse um 4:45 Uhr das Haus und radel` dorthin, wo \u00fcberm nord\u00f6stlichen Horizont der einzige wolkenfreie Himmelsfleck zu sehen ist. Mit etwas Gl\u00fcck gibt das ein fabelhaftes Licht. Bingo! Das blinkende Licht ist der Reflex der aufgehenden Sonne: Weiter geht`s runter zur Kupferkanne, wo es so&hellip;<\/p>\n","protected":false},"author":2,"featured_media":1229,"comment_status":"open","ping_status":"open","sticky":false,"template":"","format":"standard","meta":{"footnotes":""},"categories":[27,41,25,42],"tags":[],"class_list":["post-1200","post","type-post","status-publish","format-standard","has-post-thumbnail","hentry","category-alle-bilder","category-fruehling","category-kampen","category-watt"],"jetpack_featured_media_url":"https:\/\/jessel.de\/365-tage-sylt\/wp-content\/uploads\/2017\/05\/L1005970.jpg","_links":{"self":[{"href":"https:\/\/jessel.de\/365-tage-sylt\/wp-json\/wp\/v2\/posts\/1200","targetHints":{"allow":["GET"]}}],"collection":[{"href":"https:\/\/jessel.de\/365-tage-sylt\/wp-json\/wp\/v2\/posts"}],"about":[{"href":"https:\/\/jessel.de\/365-tage-sylt\/wp-json\/wp\/v2\/types\/post"}],"author":[{"embeddable":true,"href":"https:\/\/jessel.de\/365-tage-sylt\/wp-json\/wp\/v2\/users\/2"}],"replies":[{"embeddable":true,"href":"https:\/\/jessel.de\/365-tage-sylt\/wp-json\/wp\/v2\/comments?post=1200"}],"version-history":[{"count":4,"href":"https:\/\/jessel.de\/365-tage-sylt\/wp-json\/wp\/v2\/posts\/1200\/revisions"}],"predecessor-version":[{"id":1236,"href":"https:\/\/jessel.de\/365-tage-sylt\/wp-json\/wp\/v2\/posts\/1200\/revisions\/1236"}],"wp:featuredmedia":[{"embeddable":true,"href":"https:\/\/jessel.de\/365-tage-sylt\/wp-json\/wp\/v2\/media\/1229"}],"wp:attachment":[{"href":"https:\/\/jessel.de\/365-tage-sylt\/wp-json\/wp\/v2\/media?parent=1200"}],"wp:term":[{"taxonomy":"category","embeddable":true,"href":"https:\/\/jessel.de\/365-tage-sylt\/wp-json\/wp\/v2\/categories?post=1200"},{"taxonomy":"post_tag","embeddable":true,"href":"https:\/\/jessel.de\/365-tage-sylt\/wp-json\/wp\/v2\/tags?post=1200"}],"curies":[{"name":"wp","href":"https:\/\/api.w.org\/{rel}","templated":true}]}}