{"id":12033,"date":"2022-07-19T07:06:54","date_gmt":"2022-07-19T07:06:54","guid":{"rendered":"https:\/\/jessel.de\/365-tage-sylt\/?p=12033"},"modified":"2022-07-19T07:21:40","modified_gmt":"2022-07-19T07:21:40","slug":"19-juli-ein-gastbeitrag-von-lars","status":"publish","type":"post","link":"https:\/\/jessel.de\/365-tage-sylt\/19-juli-ein-gastbeitrag-von-lars\/","title":{"rendered":"19. Juli: Ein Gastbeitrag von Lars"},"content":{"rendered":"<p>Foto: Lars Wiggert<\/p>\n<p>\u2026 Wiggert:<\/p>\n<p>\u201eWenn der Sylt-Maler allein losziehen muss\u2026<\/p>\n<p>W\u00e4hrend sich Hans dieser Tage intensiver Schreibarbeit hingibt &#8211; s. die Blogeintr\u00e4ge vom 16. Juni und 15. Juli &#8211; unternehme ich in den Vormittagsstunden ausgedehnte Wanderungen. Heute Vormittag zieht es mich in den Insels\u00fcden zur Bushaltestelle \u201eWassertal &#8211; Sansibar\u201c. Vor vier Jahren unternahmen Hans und ich von hier aus unsere erste gemeinsame Exkursion. Wir fragten uns damals: \u201eWorin besteht der Zauber der Alten Sylter Landschaften und welche Ereignisse wirken in uns und auf uns ein, dass sie uns &#8211; jeden auf seine einzigartige Weise &#8211; zur k\u00fcnstlerischen Auseinandersetzung antreiben?\u201c<\/p>\n<p>Als ich heute Morgen um 9 Uhr an meinem Lieblingsort &#8211; die Wattlandschaft vor der Sansibar &#8211; eintreffe, wird mir schnell bewusst, dass ich keinem \u201eechten Jessel\u201c in der Natur begegnen werde. Daf\u00fcr h\u00e4tte ich viel fr\u00fcher unterwegs sein m\u00fcssen &#8211; und erkenne einmal mehr eine herausragende Begabung meines K\u00fcnstler-Kompagnons: das optimale Timing.<\/p>\n<p>Aus dieser einmaligen Erweckungs- und Sehnsuchtslandschaft sende ich Dir, werter Mitstreiter, die besten Gr\u00fc\u00dfe hin\u00fcber in die Schreibstube!\u201c<\/p>\n<p>Lars Wiggert, 18. Juli 2022<\/p>\n<p><img loading=\"lazy\" decoding=\"async\" class=\"alignnone size-full wp-image-12035\" src=\"https:\/\/jessel.de\/365-tage-sylt\/wp-content\/uploads\/2022\/07\/6807C71E-7E37-4998-8FD0-2021E5876D96.jpeg\" alt=\"\" width=\"1100\" height=\"800\" srcset=\"https:\/\/jessel.de\/365-tage-sylt\/wp-content\/uploads\/2022\/07\/6807C71E-7E37-4998-8FD0-2021E5876D96.jpeg 1100w, https:\/\/jessel.de\/365-tage-sylt\/wp-content\/uploads\/2022\/07\/6807C71E-7E37-4998-8FD0-2021E5876D96-300x218.jpeg 300w, https:\/\/jessel.de\/365-tage-sylt\/wp-content\/uploads\/2022\/07\/6807C71E-7E37-4998-8FD0-2021E5876D96-1024x745.jpeg 1024w, https:\/\/jessel.de\/365-tage-sylt\/wp-content\/uploads\/2022\/07\/6807C71E-7E37-4998-8FD0-2021E5876D96-768x559.jpeg 768w\" sizes=\"auto, (max-width: 1100px) 100vw, 1100px\" \/><\/p>\n<p>Daaanke Lars!<\/p>\n","protected":false},"excerpt":{"rendered":"<p>Foto: Lars Wiggert \u2026 Wiggert: \u201eWenn der Sylt-Maler allein losziehen muss\u2026 W\u00e4hrend sich Hans dieser Tage intensiver Schreibarbeit hingibt &#8211; s. die Blogeintr\u00e4ge vom 16. Juni und 15. Juli &#8211; unternehme ich in den Vormittagsstunden ausgedehnte Wanderungen. Heute Vormittag zieht es mich in den Insels\u00fcden zur Bushaltestelle \u201eWassertal &#8211; Sansibar\u201c. Vor vier Jahren unternahmen Hans und ich von hier aus unsere erste gemeinsame Exkursion. Wir fragten uns damals: \u201eWorin besteht&hellip;<\/p>\n","protected":false},"author":2,"featured_media":12034,"comment_status":"open","ping_status":"open","sticky":false,"template":"","format":"standard","meta":{"footnotes":""},"categories":[27,39,24,1,44,46,42],"tags":[],"class_list":["post-12033","post","type-post","status-publish","format-standard","has-post-thumbnail","hentry","category-alle-bilder","category-arbeit","category-duenen","category-uncategorized","category-pflanzen","category-sommer","category-watt"],"jetpack_featured_media_url":"https:\/\/jessel.de\/365-tage-sylt\/wp-content\/uploads\/2022\/07\/8F4CDA41-872F-4011-9D26-B97DC8EEE98A.jpeg","_links":{"self":[{"href":"https:\/\/jessel.de\/365-tage-sylt\/wp-json\/wp\/v2\/posts\/12033","targetHints":{"allow":["GET"]}}],"collection":[{"href":"https:\/\/jessel.de\/365-tage-sylt\/wp-json\/wp\/v2\/posts"}],"about":[{"href":"https:\/\/jessel.de\/365-tage-sylt\/wp-json\/wp\/v2\/types\/post"}],"author":[{"embeddable":true,"href":"https:\/\/jessel.de\/365-tage-sylt\/wp-json\/wp\/v2\/users\/2"}],"replies":[{"embeddable":true,"href":"https:\/\/jessel.de\/365-tage-sylt\/wp-json\/wp\/v2\/comments?post=12033"}],"version-history":[{"count":4,"href":"https:\/\/jessel.de\/365-tage-sylt\/wp-json\/wp\/v2\/posts\/12033\/revisions"}],"predecessor-version":[{"id":12039,"href":"https:\/\/jessel.de\/365-tage-sylt\/wp-json\/wp\/v2\/posts\/12033\/revisions\/12039"}],"wp:featuredmedia":[{"embeddable":true,"href":"https:\/\/jessel.de\/365-tage-sylt\/wp-json\/wp\/v2\/media\/12034"}],"wp:attachment":[{"href":"https:\/\/jessel.de\/365-tage-sylt\/wp-json\/wp\/v2\/media?parent=12033"}],"wp:term":[{"taxonomy":"category","embeddable":true,"href":"https:\/\/jessel.de\/365-tage-sylt\/wp-json\/wp\/v2\/categories?post=12033"},{"taxonomy":"post_tag","embeddable":true,"href":"https:\/\/jessel.de\/365-tage-sylt\/wp-json\/wp\/v2\/tags?post=12033"}],"curies":[{"name":"wp","href":"https:\/\/api.w.org\/{rel}","templated":true}]}}