{"id":12062,"date":"2022-08-01T15:40:56","date_gmt":"2022-08-01T15:40:56","guid":{"rendered":"https:\/\/jessel.de\/365-tage-sylt\/?p=12062"},"modified":"2022-08-01T18:20:37","modified_gmt":"2022-08-01T18:20:37","slug":"die-letzten-tage-hundetage-nein-huehnertage","status":"publish","type":"post","link":"https:\/\/jessel.de\/365-tage-sylt\/die-letzten-tage-hundetage-nein-huehnertage\/","title":{"rendered":"Die letzten Tage im Juli: Hundstage? Nein, H\u00fchnertage! ;-)"},"content":{"rendered":"<p>Wenn ich vormittags zu meinem Schreib-Platz im Garten gehe, werde ich bereits erwartet:<\/p>\n<p><img loading=\"lazy\" decoding=\"async\" class=\"alignnone size-full wp-image-12071\" src=\"https:\/\/jessel.de\/365-tage-sylt\/wp-content\/uploads\/2022\/08\/5801969E-2485-4EF4-9575-C1B5805A02A9.jpeg\" alt=\"\" width=\"1100\" height=\"800\" srcset=\"https:\/\/jessel.de\/365-tage-sylt\/wp-content\/uploads\/2022\/08\/5801969E-2485-4EF4-9575-C1B5805A02A9.jpeg 1100w, https:\/\/jessel.de\/365-tage-sylt\/wp-content\/uploads\/2022\/08\/5801969E-2485-4EF4-9575-C1B5805A02A9-300x218.jpeg 300w, https:\/\/jessel.de\/365-tage-sylt\/wp-content\/uploads\/2022\/08\/5801969E-2485-4EF4-9575-C1B5805A02A9-1024x745.jpeg 1024w, https:\/\/jessel.de\/365-tage-sylt\/wp-content\/uploads\/2022\/08\/5801969E-2485-4EF4-9575-C1B5805A02A9-768x559.jpeg 768w\" sizes=\"auto, (max-width: 1100px) 100vw, 1100px\" \/><\/p>\n<p>Underdog ist goldig, im wahrsten Sinne des Wortes. Als \u00e4ltere Dame h\u00e4lt sie sich vom Jungvolk meist entfernt und betrachtet den Trubel &#8211; direkt zu meinen F\u00fc\u00dfen &#8211; mit weisem Blick:<\/p>\n<p><img loading=\"lazy\" decoding=\"async\" class=\"alignnone size-full wp-image-12067\" src=\"https:\/\/jessel.de\/365-tage-sylt\/wp-content\/uploads\/2022\/08\/451CC423-36EB-4C6C-937A-9C9A011E4646.jpeg\" alt=\"\" width=\"1100\" height=\"800\" srcset=\"https:\/\/jessel.de\/365-tage-sylt\/wp-content\/uploads\/2022\/08\/451CC423-36EB-4C6C-937A-9C9A011E4646.jpeg 1100w, https:\/\/jessel.de\/365-tage-sylt\/wp-content\/uploads\/2022\/08\/451CC423-36EB-4C6C-937A-9C9A011E4646-300x218.jpeg 300w, https:\/\/jessel.de\/365-tage-sylt\/wp-content\/uploads\/2022\/08\/451CC423-36EB-4C6C-937A-9C9A011E4646-1024x745.jpeg 1024w, https:\/\/jessel.de\/365-tage-sylt\/wp-content\/uploads\/2022\/08\/451CC423-36EB-4C6C-937A-9C9A011E4646-768x559.jpeg 768w\" sizes=\"auto, (max-width: 1100px) 100vw, 1100px\" \/><\/p>\n<p>\u2026 und hat es nicht etwa mit den Bandscheiben, sondern zeigt uns hier, wie man Huhn-gerecht sonnenbadet. Das ist zum Piepen:<\/p>\n<p><img loading=\"lazy\" decoding=\"async\" class=\"alignnone size-full wp-image-12068\" src=\"https:\/\/jessel.de\/365-tage-sylt\/wp-content\/uploads\/2022\/08\/9F5D3965-8290-446B-81F1-617FF807A27F.jpeg\" alt=\"\" width=\"1100\" height=\"800\" srcset=\"https:\/\/jessel.de\/365-tage-sylt\/wp-content\/uploads\/2022\/08\/9F5D3965-8290-446B-81F1-617FF807A27F.jpeg 1100w, https:\/\/jessel.de\/365-tage-sylt\/wp-content\/uploads\/2022\/08\/9F5D3965-8290-446B-81F1-617FF807A27F-300x218.jpeg 300w, https:\/\/jessel.de\/365-tage-sylt\/wp-content\/uploads\/2022\/08\/9F5D3965-8290-446B-81F1-617FF807A27F-1024x745.jpeg 1024w, https:\/\/jessel.de\/365-tage-sylt\/wp-content\/uploads\/2022\/08\/9F5D3965-8290-446B-81F1-617FF807A27F-768x559.jpeg 768w\" sizes=\"auto, (max-width: 1100px) 100vw, 1100px\" \/><\/p>\n<p>Die Barni &#8211; Junghennenschar hat sich diese Verrenkung in Tagesfrist abgeschaut &#8211; hier beim ersten Versuch\u2026 der allerdings bald endet, weil es unter einem schwarzen Federkleid doch schnell zu warm wird:<\/p>\n<p><img loading=\"lazy\" decoding=\"async\" class=\"alignnone size-full wp-image-12065\" src=\"https:\/\/jessel.de\/365-tage-sylt\/wp-content\/uploads\/2022\/08\/FBFE722C-87A5-4916-B1FD-6470BB05F556.jpeg\" alt=\"\" width=\"1100\" height=\"800\" srcset=\"https:\/\/jessel.de\/365-tage-sylt\/wp-content\/uploads\/2022\/08\/FBFE722C-87A5-4916-B1FD-6470BB05F556.jpeg 1100w, https:\/\/jessel.de\/365-tage-sylt\/wp-content\/uploads\/2022\/08\/FBFE722C-87A5-4916-B1FD-6470BB05F556-300x218.jpeg 300w, https:\/\/jessel.de\/365-tage-sylt\/wp-content\/uploads\/2022\/08\/FBFE722C-87A5-4916-B1FD-6470BB05F556-1024x745.jpeg 1024w, https:\/\/jessel.de\/365-tage-sylt\/wp-content\/uploads\/2022\/08\/FBFE722C-87A5-4916-B1FD-6470BB05F556-768x559.jpeg 768w\" sizes=\"auto, (max-width: 1100px) 100vw, 1100px\" \/><\/p>\n<p>Im Anschluss wird vorgef\u00fchrt, wie h\u00fcbsch eine Barnevelder Henne in perfekter K\u00f6rperhaltung aussehen kann:<\/p>\n<p><img loading=\"lazy\" decoding=\"async\" class=\"size-full wp-image-12069\" src=\"https:\/\/jessel.de\/365-tage-sylt\/wp-content\/uploads\/2022\/08\/FB68E3BA-D794-4EF4-86AE-9DE9D29D2F19.jpeg\" alt=\"\" width=\"1100\" height=\"800\" srcset=\"https:\/\/jessel.de\/365-tage-sylt\/wp-content\/uploads\/2022\/08\/FB68E3BA-D794-4EF4-86AE-9DE9D29D2F19.jpeg 1100w, https:\/\/jessel.de\/365-tage-sylt\/wp-content\/uploads\/2022\/08\/FB68E3BA-D794-4EF4-86AE-9DE9D29D2F19-300x218.jpeg 300w, https:\/\/jessel.de\/365-tage-sylt\/wp-content\/uploads\/2022\/08\/FB68E3BA-D794-4EF4-86AE-9DE9D29D2F19-1024x745.jpeg 1024w, https:\/\/jessel.de\/365-tage-sylt\/wp-content\/uploads\/2022\/08\/FB68E3BA-D794-4EF4-86AE-9DE9D29D2F19-768x559.jpeg 768w\" sizes=\"auto, (max-width: 1100px) 100vw, 1100px\" \/><\/p>\n<p>Pflegehuhn Nandu ist von derlei Vorstellungen nicht begeistert, soll doch meine Aufmerksamkeit mehr ihr gewidmet sein:<\/p>\n<p><img loading=\"lazy\" decoding=\"async\" class=\"size-full wp-image-12063\" src=\"https:\/\/jessel.de\/365-tage-sylt\/wp-content\/uploads\/2022\/08\/A11C062C-A57E-412C-92E1-0136E7C28057.jpeg\" alt=\"\" width=\"1100\" height=\"800\" srcset=\"https:\/\/jessel.de\/365-tage-sylt\/wp-content\/uploads\/2022\/08\/A11C062C-A57E-412C-92E1-0136E7C28057.jpeg 1100w, https:\/\/jessel.de\/365-tage-sylt\/wp-content\/uploads\/2022\/08\/A11C062C-A57E-412C-92E1-0136E7C28057-300x218.jpeg 300w, https:\/\/jessel.de\/365-tage-sylt\/wp-content\/uploads\/2022\/08\/A11C062C-A57E-412C-92E1-0136E7C28057-1024x745.jpeg 1024w, https:\/\/jessel.de\/365-tage-sylt\/wp-content\/uploads\/2022\/08\/A11C062C-A57E-412C-92E1-0136E7C28057-768x559.jpeg 768w\" sizes=\"auto, (max-width: 1100px) 100vw, 1100px\" \/><\/p>\n<p>Auch wenn man es nur bei genauerer Betrachtung sieht: Ihr geschundenes Gefieder sieht von Woche zu Woche besser aus, und \u00a0sie hat sich mit den anderen H\u00fchnern tats\u00e4chlich angefreundet. Und ihre Intelligenz ist wirklich beachtlich. Wir mussten sie zum Schlafen in unseren Fahrradschuppen umquartieren, weil sie sich anfangs nicht mit dem Rest der Truppe vertragen wollte. Diese abendliche Separation war immer nur mit viel gutem Zureden, etwas Futter und mancher Rennerei m\u00f6glich &#8211; weil H\u00fchner nun mal nicht gerne alleine sein wollen in der Nacht. Gestern Abend suche ich Nandu im Garten\u2026 kein Nandu da! Dann h\u00f6re ich ein Ger\u00e4usch aus dem Fahrradschuppen: Da ist dieses Tier doch tats\u00e4chlich eigenst\u00e4ndig \u00fcber unsere R\u00e4der auf ihren ca. 1,40 Meter hohen Schlaf &#8211; Ast hochgeklettert und erwartet mich bereits. Da war ich doch baff. Zur Belohnung gab\u2019s ein paar getrocknete Insekten!<\/p>\n<p>Neben der ganzen Schreiberei und H\u00fchnerei war ich auch nochmal kurz aufm Kontinent. Mit der Bahn nach Altona, von dort per Rad runter nach Neum\u00fchlen an die Elbe\u2026:<\/p>\n<p><img loading=\"lazy\" decoding=\"async\" class=\"size-full wp-image-12064\" src=\"https:\/\/jessel.de\/365-tage-sylt\/wp-content\/uploads\/2022\/08\/DFAAF5BD-731A-454B-9676-74963F920BAD.jpeg\" alt=\"\" width=\"800\" height=\"1100\" srcset=\"https:\/\/jessel.de\/365-tage-sylt\/wp-content\/uploads\/2022\/08\/DFAAF5BD-731A-454B-9676-74963F920BAD.jpeg 800w, https:\/\/jessel.de\/365-tage-sylt\/wp-content\/uploads\/2022\/08\/DFAAF5BD-731A-454B-9676-74963F920BAD-218x300.jpeg 218w, https:\/\/jessel.de\/365-tage-sylt\/wp-content\/uploads\/2022\/08\/DFAAF5BD-731A-454B-9676-74963F920BAD-745x1024.jpeg 745w, https:\/\/jessel.de\/365-tage-sylt\/wp-content\/uploads\/2022\/08\/DFAAF5BD-731A-454B-9676-74963F920BAD-768x1056.jpeg 768w\" sizes=\"auto, (max-width: 800px) 100vw, 800px\" \/><\/p>\n<p>\u2026von dort mit der F\u00e4hre nach Finkenwerder, und dann per pedales nach Twielenfleth ins Alte Land zu einer Hochzeitsfeier, die eigentlich schon vor zwei Jahren stattfinden sollte, wegen Corona aber vertagt werden musste. Das tat der Stimmung keinen Abbruch, ganz im Gegenteil:<\/p>\n<p><img loading=\"lazy\" decoding=\"async\" class=\"size-full wp-image-12070\" src=\"https:\/\/jessel.de\/365-tage-sylt\/wp-content\/uploads\/2022\/08\/E040BF0E-B911-4346-B2DC-544DDF84DDDE.jpeg\" alt=\"\" width=\"1100\" height=\"800\" srcset=\"https:\/\/jessel.de\/365-tage-sylt\/wp-content\/uploads\/2022\/08\/E040BF0E-B911-4346-B2DC-544DDF84DDDE.jpeg 1100w, https:\/\/jessel.de\/365-tage-sylt\/wp-content\/uploads\/2022\/08\/E040BF0E-B911-4346-B2DC-544DDF84DDDE-300x218.jpeg 300w, https:\/\/jessel.de\/365-tage-sylt\/wp-content\/uploads\/2022\/08\/E040BF0E-B911-4346-B2DC-544DDF84DDDE-1024x745.jpeg 1024w, https:\/\/jessel.de\/365-tage-sylt\/wp-content\/uploads\/2022\/08\/E040BF0E-B911-4346-B2DC-544DDF84DDDE-768x559.jpeg 768w\" sizes=\"auto, (max-width: 1100px) 100vw, 1100px\" \/><\/p>\n<p>Letzte Meldung f\u00fcr heute: Mit meinem Syltbuch geht es gut voran, 250 von gut 300 Seiten sind fertig. Allerdings werde ich mich noch einige Tage im H\u00fchnergarten inspirieren lassen m\u00fcssen bis zur Fertigstellung. Gut Ding will eben Weile haben. Das Erscheinungsdatum bleibt der September.<\/p>\n<p>Nachtrag um 20:20 Uhr:<\/p>\n<div id=\"attachment_12083\" style=\"width: 1110px\" class=\"wp-caption alignnone\"><img loading=\"lazy\" decoding=\"async\" aria-describedby=\"caption-attachment-12083\" class=\"size-full wp-image-12083\" src=\"https:\/\/jessel.de\/365-tage-sylt\/wp-content\/uploads\/2022\/08\/4D498A5B-B5EB-4166-BA60-947042EF5395.jpeg\" alt=\"\" width=\"1100\" height=\"800\" srcset=\"https:\/\/jessel.de\/365-tage-sylt\/wp-content\/uploads\/2022\/08\/4D498A5B-B5EB-4166-BA60-947042EF5395.jpeg 1100w, https:\/\/jessel.de\/365-tage-sylt\/wp-content\/uploads\/2022\/08\/4D498A5B-B5EB-4166-BA60-947042EF5395-300x218.jpeg 300w, https:\/\/jessel.de\/365-tage-sylt\/wp-content\/uploads\/2022\/08\/4D498A5B-B5EB-4166-BA60-947042EF5395-1024x745.jpeg 1024w, https:\/\/jessel.de\/365-tage-sylt\/wp-content\/uploads\/2022\/08\/4D498A5B-B5EB-4166-BA60-947042EF5395-768x559.jpeg 768w\" sizes=\"auto, (max-width: 1100px) 100vw, 1100px\" \/><p id=\"caption-attachment-12083\" class=\"wp-caption-text\">hdr<\/p><\/div>\n<p>&nbsp;<\/p>\n","protected":false},"excerpt":{"rendered":"<p>Wenn ich vormittags zu meinem Schreib-Platz im Garten gehe, werde ich bereits erwartet: Underdog ist goldig, im wahrsten Sinne des Wortes. Als \u00e4ltere Dame h\u00e4lt sie sich vom Jungvolk meist entfernt und betrachtet den Trubel &#8211; direkt zu meinen F\u00fc\u00dfen &#8211; mit weisem Blick: \u2026 und hat es nicht etwa mit den Bandscheiben, sondern zeigt uns hier, wie man Huhn-gerecht sonnenbadet. Das ist zum Piepen: Die Barni &#8211; Junghennenschar hat&hellip;<\/p>\n","protected":false},"author":2,"featured_media":12066,"comment_status":"open","ping_status":"open","sticky":false,"template":"","format":"standard","meta":{"footnotes":""},"categories":[27,39,3,46,40,7],"tags":[],"class_list":["post-12062","post","type-post","status-publish","format-standard","has-post-thumbnail","hentry","category-alle-bilder","category-arbeit","category-menschen","category-sommer","category-tiere","category-westerland"],"jetpack_featured_media_url":"https:\/\/jessel.de\/365-tage-sylt\/wp-content\/uploads\/2022\/08\/C74E41CA-86C2-4F93-B667-E1DA43FC5D55.jpeg","_links":{"self":[{"href":"https:\/\/jessel.de\/365-tage-sylt\/wp-json\/wp\/v2\/posts\/12062","targetHints":{"allow":["GET"]}}],"collection":[{"href":"https:\/\/jessel.de\/365-tage-sylt\/wp-json\/wp\/v2\/posts"}],"about":[{"href":"https:\/\/jessel.de\/365-tage-sylt\/wp-json\/wp\/v2\/types\/post"}],"author":[{"embeddable":true,"href":"https:\/\/jessel.de\/365-tage-sylt\/wp-json\/wp\/v2\/users\/2"}],"replies":[{"embeddable":true,"href":"https:\/\/jessel.de\/365-tage-sylt\/wp-json\/wp\/v2\/comments?post=12062"}],"version-history":[{"count":12,"href":"https:\/\/jessel.de\/365-tage-sylt\/wp-json\/wp\/v2\/posts\/12062\/revisions"}],"predecessor-version":[{"id":12084,"href":"https:\/\/jessel.de\/365-tage-sylt\/wp-json\/wp\/v2\/posts\/12062\/revisions\/12084"}],"wp:featuredmedia":[{"embeddable":true,"href":"https:\/\/jessel.de\/365-tage-sylt\/wp-json\/wp\/v2\/media\/12066"}],"wp:attachment":[{"href":"https:\/\/jessel.de\/365-tage-sylt\/wp-json\/wp\/v2\/media?parent=12062"}],"wp:term":[{"taxonomy":"category","embeddable":true,"href":"https:\/\/jessel.de\/365-tage-sylt\/wp-json\/wp\/v2\/categories?post=12062"},{"taxonomy":"post_tag","embeddable":true,"href":"https:\/\/jessel.de\/365-tage-sylt\/wp-json\/wp\/v2\/tags?post=12062"}],"curies":[{"name":"wp","href":"https:\/\/api.w.org\/{rel}","templated":true}]}}