{"id":12087,"date":"2022-08-05T14:29:06","date_gmt":"2022-08-05T14:29:06","guid":{"rendered":"https:\/\/jessel.de\/365-tage-sylt\/?p=12087"},"modified":"2022-08-05T14:46:26","modified_gmt":"2022-08-05T14:46:26","slug":"5-august-fundstueck","status":"publish","type":"post","link":"https:\/\/jessel.de\/365-tage-sylt\/5-august-fundstueck\/","title":{"rendered":"5. August: Tolles Fundst\u00fcck"},"content":{"rendered":"<p>Zur Zeit sind noch einige Fotos anzufertigen, speziell f\u00fcr die geschichtlichen Kapitel. Da ist mir Alexander R\u00f6mer vom Sylt Museum als Kunsthistoriker eine gro\u00dfe Hilfe, bis hin zum perfekten Fotoassistenten. Kein noch so kleines Ausstellungsst\u00fcck bleibt unpoliert, bevor es mir vor die Linse kommen darf.<\/p>\n<p>Als heutiger Titel mein bisheriges Lieblingsst\u00fcck, ein sogenannter LICHTSTOCKHALTER, vom Anfang des 19. Jahrhunderts, also gut 200 Jahre alt. Ist das Teil nicht goldich!?<\/p>\n<p>Eine Info noch an alle, die tagt\u00e4glich nach News in diesem Sylt-Blog Ausschau halten: Zur Belohnung f\u00fcr die Treue steht, nach Abschluss der Syltbuch- Arbeiten, wieder eine Reise an, die mich\/uns in andere Welten f\u00fchren wird\u2026 und zwar auf eine Insel, die knapp 1.200 km Luftlinie, per Bahn 1.500 km von Sylt entfernt liegt und genau halb so gro\u00df ist. Sie ist bekannt f\u00fcr ihre Mimosenbl\u00fcte (im Fr\u00fchjahr), und besteht zu einem gro\u00dfen Teil aus Salzg\u00e4rten und Austernkulturen\u2026 Ihr k\u00f6nnt ja schon mal raten\u2026 \ud83d\ude09<\/p>\n","protected":false},"excerpt":{"rendered":"<p>Zur Zeit sind noch einige Fotos anzufertigen, speziell f\u00fcr die geschichtlichen Kapitel. Da ist mir Alexander R\u00f6mer vom Sylt Museum als Kunsthistoriker eine gro\u00dfe Hilfe, bis hin zum perfekten Fotoassistenten. Kein noch so kleines Ausstellungsst\u00fcck bleibt unpoliert, bevor es mir vor die Linse kommen darf. Als heutiger Titel mein bisheriges Lieblingsst\u00fcck, ein sogenannter LICHTSTOCKHALTER, vom Anfang des 19. Jahrhunderts, also gut 200 Jahre alt. Ist das Teil nicht goldich!? Eine&hellip;<\/p>\n","protected":false},"author":2,"featured_media":12088,"comment_status":"open","ping_status":"open","sticky":false,"template":"","format":"standard","meta":{"footnotes":""},"categories":[27,39,28,32,46,30],"tags":[],"class_list":["post-12087","post","type-post","status-publish","format-standard","has-post-thumbnail","hentry","category-alle-bilder","category-arbeit","category-haeuser","category-keitum","category-sommer","category-tradition"],"jetpack_featured_media_url":"https:\/\/jessel.de\/365-tage-sylt\/wp-content\/uploads\/2022\/08\/240DD69A-C85A-4AA7-BB79-2123C0DE90EA.jpeg","_links":{"self":[{"href":"https:\/\/jessel.de\/365-tage-sylt\/wp-json\/wp\/v2\/posts\/12087","targetHints":{"allow":["GET"]}}],"collection":[{"href":"https:\/\/jessel.de\/365-tage-sylt\/wp-json\/wp\/v2\/posts"}],"about":[{"href":"https:\/\/jessel.de\/365-tage-sylt\/wp-json\/wp\/v2\/types\/post"}],"author":[{"embeddable":true,"href":"https:\/\/jessel.de\/365-tage-sylt\/wp-json\/wp\/v2\/users\/2"}],"replies":[{"embeddable":true,"href":"https:\/\/jessel.de\/365-tage-sylt\/wp-json\/wp\/v2\/comments?post=12087"}],"version-history":[{"count":6,"href":"https:\/\/jessel.de\/365-tage-sylt\/wp-json\/wp\/v2\/posts\/12087\/revisions"}],"predecessor-version":[{"id":12094,"href":"https:\/\/jessel.de\/365-tage-sylt\/wp-json\/wp\/v2\/posts\/12087\/revisions\/12094"}],"wp:featuredmedia":[{"embeddable":true,"href":"https:\/\/jessel.de\/365-tage-sylt\/wp-json\/wp\/v2\/media\/12088"}],"wp:attachment":[{"href":"https:\/\/jessel.de\/365-tage-sylt\/wp-json\/wp\/v2\/media?parent=12087"}],"wp:term":[{"taxonomy":"category","embeddable":true,"href":"https:\/\/jessel.de\/365-tage-sylt\/wp-json\/wp\/v2\/categories?post=12087"},{"taxonomy":"post_tag","embeddable":true,"href":"https:\/\/jessel.de\/365-tage-sylt\/wp-json\/wp\/v2\/tags?post=12087"}],"curies":[{"name":"wp","href":"https:\/\/api.w.org\/{rel}","templated":true}]}}