{"id":12095,"date":"2022-08-06T16:59:44","date_gmt":"2022-08-06T16:59:44","guid":{"rendered":"https:\/\/jessel.de\/365-tage-sylt\/?p=12095"},"modified":"2022-08-06T17:01:55","modified_gmt":"2022-08-06T17:01:55","slug":"6-august-auf-blitzbesuch-zur-nachbarinsel","status":"publish","type":"post","link":"https:\/\/jessel.de\/365-tage-sylt\/6-august-auf-blitzbesuch-zur-nachbarinsel\/","title":{"rendered":"6. August: Auf Blitzbesuch zur Nachbarinsel"},"content":{"rendered":"<p>Liebe Freunde verbringen ihren Urlaub auf Amrum\u2026 da schauen wir doch mal nach dem Rechten. Frei nach dem Motto: \u201eThe same procedure than every year!\u201c<\/p>\n<p><img loading=\"lazy\" decoding=\"async\" class=\"alignnone size-full wp-image-12096\" src=\"https:\/\/jessel.de\/365-tage-sylt\/wp-content\/uploads\/2022\/08\/6B944A17-CC4B-4A21-B75B-A65FBFF2BC64.jpeg\" alt=\"\" width=\"1100\" height=\"800\" srcset=\"https:\/\/jessel.de\/365-tage-sylt\/wp-content\/uploads\/2022\/08\/6B944A17-CC4B-4A21-B75B-A65FBFF2BC64.jpeg 1100w, https:\/\/jessel.de\/365-tage-sylt\/wp-content\/uploads\/2022\/08\/6B944A17-CC4B-4A21-B75B-A65FBFF2BC64-300x218.jpeg 300w, https:\/\/jessel.de\/365-tage-sylt\/wp-content\/uploads\/2022\/08\/6B944A17-CC4B-4A21-B75B-A65FBFF2BC64-1024x745.jpeg 1024w, https:\/\/jessel.de\/365-tage-sylt\/wp-content\/uploads\/2022\/08\/6B944A17-CC4B-4A21-B75B-A65FBFF2BC64-768x559.jpeg 768w\" sizes=\"auto, (max-width: 1100px) 100vw, 1100px\" \/><\/p>\n<p>Nach einem st\u00e4rkenden Mahl aus der Wittd\u00fcner Fischbratk\u00fcche geht\u2019s \u00fcber die D\u00fcnen auf den Kniepsand\u2026:<\/p>\n<p><img loading=\"lazy\" decoding=\"async\" class=\"alignnone size-full wp-image-12104\" src=\"https:\/\/jessel.de\/365-tage-sylt\/wp-content\/uploads\/2022\/08\/A12ADB19-3E6C-4B88-8334-400B53525C9F.jpeg\" alt=\"\" width=\"1471\" height=\"800\" srcset=\"https:\/\/jessel.de\/365-tage-sylt\/wp-content\/uploads\/2022\/08\/A12ADB19-3E6C-4B88-8334-400B53525C9F.jpeg 1471w, https:\/\/jessel.de\/365-tage-sylt\/wp-content\/uploads\/2022\/08\/A12ADB19-3E6C-4B88-8334-400B53525C9F-300x163.jpeg 300w, https:\/\/jessel.de\/365-tage-sylt\/wp-content\/uploads\/2022\/08\/A12ADB19-3E6C-4B88-8334-400B53525C9F-1024x557.jpeg 1024w, https:\/\/jessel.de\/365-tage-sylt\/wp-content\/uploads\/2022\/08\/A12ADB19-3E6C-4B88-8334-400B53525C9F-768x418.jpeg 768w\" sizes=\"auto, (max-width: 1471px) 100vw, 1471px\" \/><\/p>\n<p>\u2026 in das Great White Open. Mich interessieren die Prim\u00e4rd\u00fcnen, die sich dort ca. 800 Meter s\u00fcdwestlich der eigentlichen D\u00fcnenlandschaft bilden. Dabei kommen wir an gro\u00dfen Fl\u00e4chen mit Queller vorbei\u2026:<\/p>\n<p><img loading=\"lazy\" decoding=\"async\" class=\"alignnone size-full wp-image-12101\" src=\"https:\/\/jessel.de\/365-tage-sylt\/wp-content\/uploads\/2022\/08\/B10CCB47-9B40-49FA-AE35-FA9662C919CD.jpeg\" alt=\"\" width=\"1385\" height=\"800\" srcset=\"https:\/\/jessel.de\/365-tage-sylt\/wp-content\/uploads\/2022\/08\/B10CCB47-9B40-49FA-AE35-FA9662C919CD.jpeg 1385w, https:\/\/jessel.de\/365-tage-sylt\/wp-content\/uploads\/2022\/08\/B10CCB47-9B40-49FA-AE35-FA9662C919CD-300x173.jpeg 300w, https:\/\/jessel.de\/365-tage-sylt\/wp-content\/uploads\/2022\/08\/B10CCB47-9B40-49FA-AE35-FA9662C919CD-1024x591.jpeg 1024w, https:\/\/jessel.de\/365-tage-sylt\/wp-content\/uploads\/2022\/08\/B10CCB47-9B40-49FA-AE35-FA9662C919CD-768x444.jpeg 768w\" sizes=\"auto, (max-width: 1385px) 100vw, 1385px\" \/><\/p>\n<p>\u2026 die in immer dichteren Best\u00e4nden als Sandf\u00e4nger dienen:<\/p>\n<p><img loading=\"lazy\" decoding=\"async\" class=\"alignnone size-full wp-image-12103\" src=\"https:\/\/jessel.de\/365-tage-sylt\/wp-content\/uploads\/2022\/08\/4C448D98-432B-4294-8AAE-BA8D3C450A91.jpeg\" alt=\"\" width=\"1202\" height=\"800\" srcset=\"https:\/\/jessel.de\/365-tage-sylt\/wp-content\/uploads\/2022\/08\/4C448D98-432B-4294-8AAE-BA8D3C450A91.jpeg 1202w, https:\/\/jessel.de\/365-tage-sylt\/wp-content\/uploads\/2022\/08\/4C448D98-432B-4294-8AAE-BA8D3C450A91-300x200.jpeg 300w, https:\/\/jessel.de\/365-tage-sylt\/wp-content\/uploads\/2022\/08\/4C448D98-432B-4294-8AAE-BA8D3C450A91-1024x682.jpeg 1024w, https:\/\/jessel.de\/365-tage-sylt\/wp-content\/uploads\/2022\/08\/4C448D98-432B-4294-8AAE-BA8D3C450A91-768x511.jpeg 768w\" sizes=\"auto, (max-width: 1202px) 100vw, 1202px\" \/><\/p>\n<p>Seeseitig haben sich l\u00e4ngst bis zwei Meter hohe Sekund\u00e4rd\u00fcnen gebildet, die dem Meer bei Sturmfluten bereits Paroli zu bieten verm\u00f6gen. Hier der Blick zur\u00fcck Richtung Wittd\u00fcn:<\/p>\n<p><img loading=\"lazy\" decoding=\"async\" class=\"alignnone size-full wp-image-12102\" src=\"https:\/\/jessel.de\/365-tage-sylt\/wp-content\/uploads\/2022\/08\/568B32FD-2E43-4010-8B5A-9FEDE5862530.jpeg\" alt=\"\" width=\"1202\" height=\"800\" srcset=\"https:\/\/jessel.de\/365-tage-sylt\/wp-content\/uploads\/2022\/08\/568B32FD-2E43-4010-8B5A-9FEDE5862530.jpeg 1202w, https:\/\/jessel.de\/365-tage-sylt\/wp-content\/uploads\/2022\/08\/568B32FD-2E43-4010-8B5A-9FEDE5862530-300x200.jpeg 300w, https:\/\/jessel.de\/365-tage-sylt\/wp-content\/uploads\/2022\/08\/568B32FD-2E43-4010-8B5A-9FEDE5862530-1024x682.jpeg 1024w, https:\/\/jessel.de\/365-tage-sylt\/wp-content\/uploads\/2022\/08\/568B32FD-2E43-4010-8B5A-9FEDE5862530-768x511.jpeg 768w\" sizes=\"auto, (max-width: 1202px) 100vw, 1202px\" \/><\/p>\n<p>Amrums Strand wird bei Niedrigwasser nochmals um hunderte von Metern breiter:<\/p>\n<p><img loading=\"lazy\" decoding=\"async\" class=\"alignnone size-full wp-image-12100\" src=\"https:\/\/jessel.de\/365-tage-sylt\/wp-content\/uploads\/2022\/08\/859D142E-4E73-4684-B640-928C771CCF2C.jpeg\" alt=\"\" width=\"1421\" height=\"800\" srcset=\"https:\/\/jessel.de\/365-tage-sylt\/wp-content\/uploads\/2022\/08\/859D142E-4E73-4684-B640-928C771CCF2C.jpeg 1421w, https:\/\/jessel.de\/365-tage-sylt\/wp-content\/uploads\/2022\/08\/859D142E-4E73-4684-B640-928C771CCF2C-300x169.jpeg 300w, https:\/\/jessel.de\/365-tage-sylt\/wp-content\/uploads\/2022\/08\/859D142E-4E73-4684-B640-928C771CCF2C-1024x576.jpeg 1024w, https:\/\/jessel.de\/365-tage-sylt\/wp-content\/uploads\/2022\/08\/859D142E-4E73-4684-B640-928C771CCF2C-768x432.jpeg 768w\" sizes=\"auto, (max-width: 1421px) 100vw, 1421px\" \/><\/p>\n<p>Und trotz Hochsaison ist kaum ein Mensch zu sehen. Damit hat sich dieser Ausflug f\u00fcr mich schon mal gelohnt:<\/p>\n<p><img loading=\"lazy\" decoding=\"async\" class=\"alignnone size-full wp-image-12099\" src=\"https:\/\/jessel.de\/365-tage-sylt\/wp-content\/uploads\/2022\/08\/6528BA12-F75C-4FFA-8870-5A6DFCE130F6.jpeg\" alt=\"\" width=\"1373\" height=\"800\" srcset=\"https:\/\/jessel.de\/365-tage-sylt\/wp-content\/uploads\/2022\/08\/6528BA12-F75C-4FFA-8870-5A6DFCE130F6.jpeg 1373w, https:\/\/jessel.de\/365-tage-sylt\/wp-content\/uploads\/2022\/08\/6528BA12-F75C-4FFA-8870-5A6DFCE130F6-300x175.jpeg 300w, https:\/\/jessel.de\/365-tage-sylt\/wp-content\/uploads\/2022\/08\/6528BA12-F75C-4FFA-8870-5A6DFCE130F6-1024x597.jpeg 1024w, https:\/\/jessel.de\/365-tage-sylt\/wp-content\/uploads\/2022\/08\/6528BA12-F75C-4FFA-8870-5A6DFCE130F6-768x447.jpeg 768w\" sizes=\"auto, (max-width: 1373px) 100vw, 1373px\" \/><\/p>\n<p>Und die Stimmung in der Wandergruppe ist ebenfalls nicht die Schlechteste:<\/p>\n<p><img loading=\"lazy\" decoding=\"async\" class=\"alignnone size-full wp-image-12098\" src=\"https:\/\/jessel.de\/365-tage-sylt\/wp-content\/uploads\/2022\/08\/8503EDC5-37FD-406A-82C4-02B963DFEC1A.jpeg\" alt=\"\" width=\"1202\" height=\"800\" srcset=\"https:\/\/jessel.de\/365-tage-sylt\/wp-content\/uploads\/2022\/08\/8503EDC5-37FD-406A-82C4-02B963DFEC1A.jpeg 1202w, https:\/\/jessel.de\/365-tage-sylt\/wp-content\/uploads\/2022\/08\/8503EDC5-37FD-406A-82C4-02B963DFEC1A-300x200.jpeg 300w, https:\/\/jessel.de\/365-tage-sylt\/wp-content\/uploads\/2022\/08\/8503EDC5-37FD-406A-82C4-02B963DFEC1A-1024x682.jpeg 1024w, https:\/\/jessel.de\/365-tage-sylt\/wp-content\/uploads\/2022\/08\/8503EDC5-37FD-406A-82C4-02B963DFEC1A-768x511.jpeg 768w\" sizes=\"auto, (max-width: 1202px) 100vw, 1202px\" \/><\/p>\n<p>Leider haben es Kurzaufenthalte so an sich, da\u00df sie schnell vor\u00fcber sind. Aber in dreieinhalb Stunden haben wir ne Menge gesehen. Deshalb biegen wir ab, zur\u00fcck nach Wittd\u00fcn:<\/p>\n<p><img loading=\"lazy\" decoding=\"async\" class=\"alignnone size-full wp-image-12097\" src=\"https:\/\/jessel.de\/365-tage-sylt\/wp-content\/uploads\/2022\/08\/63DED647-0CD8-46C3-8B33-AE5C4F56EE39.jpeg\" alt=\"\" width=\"1202\" height=\"800\" srcset=\"https:\/\/jessel.de\/365-tage-sylt\/wp-content\/uploads\/2022\/08\/63DED647-0CD8-46C3-8B33-AE5C4F56EE39.jpeg 1202w, https:\/\/jessel.de\/365-tage-sylt\/wp-content\/uploads\/2022\/08\/63DED647-0CD8-46C3-8B33-AE5C4F56EE39-300x200.jpeg 300w, https:\/\/jessel.de\/365-tage-sylt\/wp-content\/uploads\/2022\/08\/63DED647-0CD8-46C3-8B33-AE5C4F56EE39-1024x682.jpeg 1024w, https:\/\/jessel.de\/365-tage-sylt\/wp-content\/uploads\/2022\/08\/63DED647-0CD8-46C3-8B33-AE5C4F56EE39-768x511.jpeg 768w\" sizes=\"auto, (max-width: 1202px) 100vw, 1202px\" \/><\/p>\n<p>Ein herrlicher Nordseetag, und ein gro\u00dfer Dank an Jutta und Klaus, nicht nur f\u00fcr die nette Bewirtung!<\/p>\n","protected":false},"excerpt":{"rendered":"<p>Liebe Freunde verbringen ihren Urlaub auf Amrum\u2026 da schauen wir doch mal nach dem Rechten. Frei nach dem Motto: \u201eThe same procedure than every year!\u201c Nach einem st\u00e4rkenden Mahl aus der Wittd\u00fcner Fischbratk\u00fcche geht\u2019s \u00fcber die D\u00fcnen auf den Kniepsand\u2026: \u2026 in das Great White Open. Mich interessieren die Prim\u00e4rd\u00fcnen, die sich dort ca. 800 Meter s\u00fcdwestlich der eigentlichen D\u00fcnenlandschaft bilden. Dabei kommen wir an gro\u00dfen Fl\u00e4chen mit Queller vorbei\u2026:&hellip;<\/p>\n","protected":false},"author":2,"featured_media":12104,"comment_status":"open","ping_status":"open","sticky":false,"template":"","format":"standard","meta":{"footnotes":""},"categories":[27,39,24,3,46,4,26,30,42,33],"tags":[],"class_list":["post-12095","post","type-post","status-publish","format-standard","has-post-thumbnail","hentry","category-alle-bilder","category-arbeit","category-duenen","category-menschen","category-sommer","category-spuren","category-strand","category-tradition","category-watt","category-woanders"],"jetpack_featured_media_url":"https:\/\/jessel.de\/365-tage-sylt\/wp-content\/uploads\/2022\/08\/A12ADB19-3E6C-4B88-8334-400B53525C9F.jpeg","_links":{"self":[{"href":"https:\/\/jessel.de\/365-tage-sylt\/wp-json\/wp\/v2\/posts\/12095","targetHints":{"allow":["GET"]}}],"collection":[{"href":"https:\/\/jessel.de\/365-tage-sylt\/wp-json\/wp\/v2\/posts"}],"about":[{"href":"https:\/\/jessel.de\/365-tage-sylt\/wp-json\/wp\/v2\/types\/post"}],"author":[{"embeddable":true,"href":"https:\/\/jessel.de\/365-tage-sylt\/wp-json\/wp\/v2\/users\/2"}],"replies":[{"embeddable":true,"href":"https:\/\/jessel.de\/365-tage-sylt\/wp-json\/wp\/v2\/comments?post=12095"}],"version-history":[{"count":4,"href":"https:\/\/jessel.de\/365-tage-sylt\/wp-json\/wp\/v2\/posts\/12095\/revisions"}],"predecessor-version":[{"id":12108,"href":"https:\/\/jessel.de\/365-tage-sylt\/wp-json\/wp\/v2\/posts\/12095\/revisions\/12108"}],"wp:featuredmedia":[{"embeddable":true,"href":"https:\/\/jessel.de\/365-tage-sylt\/wp-json\/wp\/v2\/media\/12104"}],"wp:attachment":[{"href":"https:\/\/jessel.de\/365-tage-sylt\/wp-json\/wp\/v2\/media?parent=12095"}],"wp:term":[{"taxonomy":"category","embeddable":true,"href":"https:\/\/jessel.de\/365-tage-sylt\/wp-json\/wp\/v2\/categories?post=12095"},{"taxonomy":"post_tag","embeddable":true,"href":"https:\/\/jessel.de\/365-tage-sylt\/wp-json\/wp\/v2\/tags?post=12095"}],"curies":[{"name":"wp","href":"https:\/\/api.w.org\/{rel}","templated":true}]}}