{"id":12174,"date":"2022-08-16T16:05:16","date_gmt":"2022-08-16T16:05:16","guid":{"rendered":"https:\/\/jessel.de\/365-tage-sylt\/?p=12174"},"modified":"2022-08-18T02:10:15","modified_gmt":"2022-08-18T02:10:15","slug":"16-august-wo-bin-ich","status":"publish","type":"post","link":"https:\/\/jessel.de\/365-tage-sylt\/16-august-wo-bin-ich\/","title":{"rendered":"16. August: Wo bin ich? Bzw: O\u00f9 suis-je?"},"content":{"rendered":"<p>Dar\u00fcber k\u00f6nnt Ihr ja schon mal ein wenig nachdenken\u2026 ich sortiere derweil meine heutigen Reisefotos und reite hier gleichzeitig einen gewaltigen Gewitterschauer ab, der &#8211; gl\u00fccklicherweise &#8211; erst begann, als ich mein Hotel in \u2026.. erreicht hatte.<\/p>\n<p>Heute morgen geht es in Altona fr\u00fch los:<\/p>\n<p><img loading=\"lazy\" decoding=\"async\" class=\"alignnone size-full wp-image-12178\" src=\"https:\/\/jessel.de\/365-tage-sylt\/wp-content\/uploads\/2022\/08\/E4EC7CB4-09DF-4E9A-ABE5-1069915AFDC2.jpeg\" alt=\"\" width=\"1100\" height=\"800\" srcset=\"https:\/\/jessel.de\/365-tage-sylt\/wp-content\/uploads\/2022\/08\/E4EC7CB4-09DF-4E9A-ABE5-1069915AFDC2.jpeg 1100w, https:\/\/jessel.de\/365-tage-sylt\/wp-content\/uploads\/2022\/08\/E4EC7CB4-09DF-4E9A-ABE5-1069915AFDC2-300x218.jpeg 300w, https:\/\/jessel.de\/365-tage-sylt\/wp-content\/uploads\/2022\/08\/E4EC7CB4-09DF-4E9A-ABE5-1069915AFDC2-1024x745.jpeg 1024w, https:\/\/jessel.de\/365-tage-sylt\/wp-content\/uploads\/2022\/08\/E4EC7CB4-09DF-4E9A-ABE5-1069915AFDC2-768x559.jpeg 768w\" sizes=\"auto, (max-width: 1100px) 100vw, 1100px\" \/><\/p>\n<p>Es geht zun\u00e4chst mal in Richtung S\u00fcden, sogar superp\u00fcnktlich, bis\u2026 Frankfurt, ab dort ist mein Anschluss in Karlsruhe wegen einer gut 20-min\u00fctigen Versp\u00e4tung in Gefahr:<\/p>\n<p><img loading=\"lazy\" decoding=\"async\" class=\"size-full wp-image-12179\" src=\"https:\/\/jessel.de\/365-tage-sylt\/wp-content\/uploads\/2022\/08\/718FE3E0-3FA7-47BB-A121-877BCD789CB0.jpeg\" alt=\"\" width=\"800\" height=\"1100\" srcset=\"https:\/\/jessel.de\/365-tage-sylt\/wp-content\/uploads\/2022\/08\/718FE3E0-3FA7-47BB-A121-877BCD789CB0.jpeg 800w, https:\/\/jessel.de\/365-tage-sylt\/wp-content\/uploads\/2022\/08\/718FE3E0-3FA7-47BB-A121-877BCD789CB0-218x300.jpeg 218w, https:\/\/jessel.de\/365-tage-sylt\/wp-content\/uploads\/2022\/08\/718FE3E0-3FA7-47BB-A121-877BCD789CB0-745x1024.jpeg 745w, https:\/\/jessel.de\/365-tage-sylt\/wp-content\/uploads\/2022\/08\/718FE3E0-3FA7-47BB-A121-877BCD789CB0-768x1056.jpeg 768w\" sizes=\"auto, (max-width: 800px) 100vw, 800px\" \/><\/p>\n<p>Aber da sich der ICE von Stuttgart auch versp\u00e4tet, steht der flotten Weiterfahrt nichts mehr im Wege:<\/p>\n<p><img loading=\"lazy\" decoding=\"async\" class=\"alignnone size-full wp-image-12180\" src=\"https:\/\/jessel.de\/365-tage-sylt\/wp-content\/uploads\/2022\/08\/2FCC7D07-A677-4431-8707-FC270E6B0B7A.jpeg\" alt=\"\" width=\"1100\" height=\"800\" srcset=\"https:\/\/jessel.de\/365-tage-sylt\/wp-content\/uploads\/2022\/08\/2FCC7D07-A677-4431-8707-FC270E6B0B7A.jpeg 1100w, https:\/\/jessel.de\/365-tage-sylt\/wp-content\/uploads\/2022\/08\/2FCC7D07-A677-4431-8707-FC270E6B0B7A-300x218.jpeg 300w, https:\/\/jessel.de\/365-tage-sylt\/wp-content\/uploads\/2022\/08\/2FCC7D07-A677-4431-8707-FC270E6B0B7A-1024x745.jpeg 1024w, https:\/\/jessel.de\/365-tage-sylt\/wp-content\/uploads\/2022\/08\/2FCC7D07-A677-4431-8707-FC270E6B0B7A-768x559.jpeg 768w\" sizes=\"auto, (max-width: 1100px) 100vw, 1100px\" \/><\/p>\n<p>Man\/frau mu\u00df sich das mal auf der Zunge zergehen lassen: F\u00fcr die \u00fcber 400 Kilometer von Stra\u00dfburg nach Paris ben\u00f6tigen die Z\u00fcge deutlich weniger als zwei Stunden. Oder anders herum: Wenn dieser Zug die 240 km von Sylt nach Hamburg fahren w\u00fcrde, w\u00fcrde die Tour 45 Minuten(!) dauern. Sogar die 10-min\u00fctige Versp\u00e4tung holt der noch auf, so da\u00df ich den Pariser Gare de l\u2018Est tats\u00e4chlich um kurz nach 14:05 Uhr erreiche.<\/p>\n<p>Der Zug ist proppevoll. Nach der Ankunft (siehe heutiger Titel) komme ich mir vor wie in der Central Station von Neu Dehli. Deshalb gehe ich vom Bahnhof direkt zum Canal Saint Martin, der sich wirklich nur zwei Steinw\u00fcrfe entfernt Richtung Innenstadt schl\u00e4ngelt. Hier herrscht beschauliche Ruhe:<\/p>\n<p>&nbsp;<\/p>\n<p><img loading=\"lazy\" decoding=\"async\" class=\"size-full wp-image-12181\" src=\"https:\/\/jessel.de\/365-tage-sylt\/wp-content\/uploads\/2022\/08\/67F3A81B-AC6F-49AF-A9B9-BA29E5AADEAD.jpeg\" alt=\"\" width=\"1100\" height=\"800\" srcset=\"https:\/\/jessel.de\/365-tage-sylt\/wp-content\/uploads\/2022\/08\/67F3A81B-AC6F-49AF-A9B9-BA29E5AADEAD.jpeg 1100w, https:\/\/jessel.de\/365-tage-sylt\/wp-content\/uploads\/2022\/08\/67F3A81B-AC6F-49AF-A9B9-BA29E5AADEAD-300x218.jpeg 300w, https:\/\/jessel.de\/365-tage-sylt\/wp-content\/uploads\/2022\/08\/67F3A81B-AC6F-49AF-A9B9-BA29E5AADEAD-1024x745.jpeg 1024w, https:\/\/jessel.de\/365-tage-sylt\/wp-content\/uploads\/2022\/08\/67F3A81B-AC6F-49AF-A9B9-BA29E5AADEAD-768x559.jpeg 768w\" sizes=\"auto, (max-width: 1100px) 100vw, 1100px\" \/><\/p>\n<p>Auf der rechten Seite wird der Kanal von einer schmalen Stra\u00dfe begleitet, die in erster Linie Fu\u00dfg\u00e4ngern und Radfahrern vorbehalten ist. Und keine Ecke ohne ein einladendes Terrassen-Bistrot:<\/p>\n<p><img loading=\"lazy\" decoding=\"async\" class=\"size-full wp-image-12182\" src=\"https:\/\/jessel.de\/365-tage-sylt\/wp-content\/uploads\/2022\/08\/0DCFC223-42CC-4B7C-A932-C47C5BB4F979.jpeg\" alt=\"\" width=\"1100\" height=\"800\" srcset=\"https:\/\/jessel.de\/365-tage-sylt\/wp-content\/uploads\/2022\/08\/0DCFC223-42CC-4B7C-A932-C47C5BB4F979.jpeg 1100w, https:\/\/jessel.de\/365-tage-sylt\/wp-content\/uploads\/2022\/08\/0DCFC223-42CC-4B7C-A932-C47C5BB4F979-300x218.jpeg 300w, https:\/\/jessel.de\/365-tage-sylt\/wp-content\/uploads\/2022\/08\/0DCFC223-42CC-4B7C-A932-C47C5BB4F979-1024x745.jpeg 1024w, https:\/\/jessel.de\/365-tage-sylt\/wp-content\/uploads\/2022\/08\/0DCFC223-42CC-4B7C-A932-C47C5BB4F979-768x559.jpeg 768w\" sizes=\"auto, (max-width: 1100px) 100vw, 1100px\" \/><\/p>\n<p>So erreiche ich nach einer dreiviertel Stunde das MARAIS, mein Pariser Lieblingsviertel. F\u00fcr Nachteulen wie mich (harhar) genau das richtige Viertel. Es ist warm (26 Grad) und zunehmend schw\u00fcl. Dann beginnt urpl\u00f6tzlich ein sintflutartiger Regen und ein gewaltiges Gewitter, was ich mir &#8211; gl\u00fccklicherweise &#8211; schon aus meinem trockenen Hotelzimmer direkt an der Metrostation St. Paul ansehen darf:<\/p>\n<p><img loading=\"lazy\" decoding=\"async\" class=\"size-full wp-image-12184\" src=\"https:\/\/jessel.de\/365-tage-sylt\/wp-content\/uploads\/2022\/08\/0B98EB89-38F0-4E8C-8001-AA6F4DF11828.jpeg\" alt=\"\" width=\"1100\" height=\"800\" srcset=\"https:\/\/jessel.de\/365-tage-sylt\/wp-content\/uploads\/2022\/08\/0B98EB89-38F0-4E8C-8001-AA6F4DF11828.jpeg 1100w, https:\/\/jessel.de\/365-tage-sylt\/wp-content\/uploads\/2022\/08\/0B98EB89-38F0-4E8C-8001-AA6F4DF11828-300x218.jpeg 300w, https:\/\/jessel.de\/365-tage-sylt\/wp-content\/uploads\/2022\/08\/0B98EB89-38F0-4E8C-8001-AA6F4DF11828-1024x745.jpeg 1024w, https:\/\/jessel.de\/365-tage-sylt\/wp-content\/uploads\/2022\/08\/0B98EB89-38F0-4E8C-8001-AA6F4DF11828-768x559.jpeg 768w\" sizes=\"auto, (max-width: 1100px) 100vw, 1100px\" \/><\/p>\n<p>Das Zimmer ist eine oberschr\u00e4ge Nummer, und die schallisolierten Fenster werden f\u00fcr eine ungest\u00f6rte Nachtruhe sorgen:<\/p>\n<p><img loading=\"lazy\" decoding=\"async\" class=\"size-full wp-image-12183\" src=\"https:\/\/jessel.de\/365-tage-sylt\/wp-content\/uploads\/2022\/08\/D2B241A3-2070-4B94-8FC7-50D001A14FE4.jpeg\" alt=\"\" width=\"800\" height=\"1100\" srcset=\"https:\/\/jessel.de\/365-tage-sylt\/wp-content\/uploads\/2022\/08\/D2B241A3-2070-4B94-8FC7-50D001A14FE4.jpeg 800w, https:\/\/jessel.de\/365-tage-sylt\/wp-content\/uploads\/2022\/08\/D2B241A3-2070-4B94-8FC7-50D001A14FE4-218x300.jpeg 218w, https:\/\/jessel.de\/365-tage-sylt\/wp-content\/uploads\/2022\/08\/D2B241A3-2070-4B94-8FC7-50D001A14FE4-745x1024.jpeg 745w, https:\/\/jessel.de\/365-tage-sylt\/wp-content\/uploads\/2022\/08\/D2B241A3-2070-4B94-8FC7-50D001A14FE4-768x1056.jpeg 768w\" sizes=\"auto, (max-width: 800px) 100vw, 800px\" \/><\/p>\n<p>Morgen wird\u2019s nun spannend. Gegen Mittag verlasse ich Paris wiederum per Hochgeschwindigkeitszug, und dann folgen noch zwei Stunden Busfahrt, bis ich auf meiner angepeilten Insel bin. Die Badehose liegt im Rucksack bereits obenauf!<\/p>\n","protected":false},"excerpt":{"rendered":"<p>Dar\u00fcber k\u00f6nnt Ihr ja schon mal ein wenig nachdenken\u2026 ich sortiere derweil meine heutigen Reisefotos und reite hier gleichzeitig einen gewaltigen Gewitterschauer ab, der &#8211; gl\u00fccklicherweise &#8211; erst begann, als ich mein Hotel in \u2026.. erreicht hatte. Heute morgen geht es in Altona fr\u00fch los: Es geht zun\u00e4chst mal in Richtung S\u00fcden, sogar superp\u00fcnktlich, bis\u2026 Frankfurt, ab dort ist mein Anschluss in Karlsruhe wegen einer gut 20-min\u00fctigen Versp\u00e4tung in Gefahr:&hellip;<\/p>\n","protected":false},"author":2,"featured_media":12175,"comment_status":"open","ping_status":"open","sticky":false,"template":"","format":"standard","meta":{"footnotes":""},"categories":[27,39,28,3,35,46,2,29,33],"tags":[],"class_list":["post-12174","post","type-post","status-publish","format-standard","has-post-thumbnail","hentry","category-alle-bilder","category-arbeit","category-haeuser","category-menschen","category-schlechtes-wetter","category-sommer","category-tourismus","category-verkehr","category-woanders"],"jetpack_featured_media_url":"https:\/\/jessel.de\/365-tage-sylt\/wp-content\/uploads\/2022\/08\/6EE51205-1F57-4C3F-936F-65A285209DFC.jpeg","_links":{"self":[{"href":"https:\/\/jessel.de\/365-tage-sylt\/wp-json\/wp\/v2\/posts\/12174","targetHints":{"allow":["GET"]}}],"collection":[{"href":"https:\/\/jessel.de\/365-tage-sylt\/wp-json\/wp\/v2\/posts"}],"about":[{"href":"https:\/\/jessel.de\/365-tage-sylt\/wp-json\/wp\/v2\/types\/post"}],"author":[{"embeddable":true,"href":"https:\/\/jessel.de\/365-tage-sylt\/wp-json\/wp\/v2\/users\/2"}],"replies":[{"embeddable":true,"href":"https:\/\/jessel.de\/365-tage-sylt\/wp-json\/wp\/v2\/comments?post=12174"}],"version-history":[{"count":6,"href":"https:\/\/jessel.de\/365-tage-sylt\/wp-json\/wp\/v2\/posts\/12174\/revisions"}],"predecessor-version":[{"id":12218,"href":"https:\/\/jessel.de\/365-tage-sylt\/wp-json\/wp\/v2\/posts\/12174\/revisions\/12218"}],"wp:featuredmedia":[{"embeddable":true,"href":"https:\/\/jessel.de\/365-tage-sylt\/wp-json\/wp\/v2\/media\/12175"}],"wp:attachment":[{"href":"https:\/\/jessel.de\/365-tage-sylt\/wp-json\/wp\/v2\/media?parent=12174"}],"wp:term":[{"taxonomy":"category","embeddable":true,"href":"https:\/\/jessel.de\/365-tage-sylt\/wp-json\/wp\/v2\/categories?post=12174"},{"taxonomy":"post_tag","embeddable":true,"href":"https:\/\/jessel.de\/365-tage-sylt\/wp-json\/wp\/v2\/tags?post=12174"}],"curies":[{"name":"wp","href":"https:\/\/api.w.org\/{rel}","templated":true}]}}