{"id":12289,"date":"2022-08-21T09:16:12","date_gmt":"2022-08-21T09:16:12","guid":{"rendered":"https:\/\/jessel.de\/365-tage-sylt\/?p=12289"},"modified":"2022-08-21T09:28:56","modified_gmt":"2022-08-21T09:28:56","slug":"20-21-august-au-revoir-noirmoutier","status":"publish","type":"post","link":"https:\/\/jessel.de\/365-tage-sylt\/20-21-august-au-revoir-noirmoutier\/","title":{"rendered":"20.\/21. August: \u201eAu revoir, Noirmoutier!\u201c"},"content":{"rendered":"<p>Schon gemein, da\u00df Noirmoutier zur Abreise noch einmal das beste Wetter auff\u00e4hrt. Aber es hilft ja nix: Um 8:50 Uhr geht mein Bus nach Nantes. Eine viertel Stunde vor Abfahrt ist der schon ziemlich gut gef\u00fcllt, und f\u00e4hrt zu meinem Erstaunen auch gleich nach meinem Einsteigen ab! Bis ich sehe, da\u00df da l\u00e4ngst noch ein zweiter Bus parat steht. Beide wechseln sich nun an den folgenden Haltestellen ab, so da\u00df wir trotz des dichten Verkehrs p\u00fcnktlich nach 1:40 Stunden am Bahnhof in Nantes ankommen. Bravo, so geht \u00d6PNV, wenn man Kunden zufrieden stellen und f\u00fcr sich gewinnen m\u00f6chte:<\/p>\n<p><img loading=\"lazy\" decoding=\"async\" class=\"alignnone size-full wp-image-12301\" src=\"https:\/\/jessel.de\/365-tage-sylt\/wp-content\/uploads\/2022\/08\/41BBF5E5-B1B3-4DE0-B44F-923019EDD56F.jpeg\" alt=\"\" width=\"1100\" height=\"800\" srcset=\"https:\/\/jessel.de\/365-tage-sylt\/wp-content\/uploads\/2022\/08\/41BBF5E5-B1B3-4DE0-B44F-923019EDD56F.jpeg 1100w, https:\/\/jessel.de\/365-tage-sylt\/wp-content\/uploads\/2022\/08\/41BBF5E5-B1B3-4DE0-B44F-923019EDD56F-300x218.jpeg 300w, https:\/\/jessel.de\/365-tage-sylt\/wp-content\/uploads\/2022\/08\/41BBF5E5-B1B3-4DE0-B44F-923019EDD56F-1024x745.jpeg 1024w, https:\/\/jessel.de\/365-tage-sylt\/wp-content\/uploads\/2022\/08\/41BBF5E5-B1B3-4DE0-B44F-923019EDD56F-768x559.jpeg 768w\" sizes=\"auto, (max-width: 1100px) 100vw, 1100px\" \/><\/p>\n<p>Im Zug von Nantes nach Paris, bei gepflegten 320 Stundenkilometern, rechne ich gegen 12 Uhr mal \u00fcberschlagsm\u00e4\u00dfig durch: Wenn ich mit diesem Zug einfach durchfahren k\u00f6nnte bis Sylt, w\u00e4re ich locker um 17 Uhr zuhause. Ich w\u00fcrde aber trotzdem einen zweist\u00fcndigen Stop in Paris w\u00e4hlen, einfach deshalb:<\/p>\n<p><img loading=\"lazy\" decoding=\"async\" class=\"size-full wp-image-12294\" src=\"https:\/\/jessel.de\/365-tage-sylt\/wp-content\/uploads\/2022\/08\/EC1EB524-FA1E-4B23-8911-2EFB09B9AD32.jpeg\" alt=\"\" width=\"1100\" height=\"800\" srcset=\"https:\/\/jessel.de\/365-tage-sylt\/wp-content\/uploads\/2022\/08\/EC1EB524-FA1E-4B23-8911-2EFB09B9AD32.jpeg 1100w, https:\/\/jessel.de\/365-tage-sylt\/wp-content\/uploads\/2022\/08\/EC1EB524-FA1E-4B23-8911-2EFB09B9AD32-300x218.jpeg 300w, https:\/\/jessel.de\/365-tage-sylt\/wp-content\/uploads\/2022\/08\/EC1EB524-FA1E-4B23-8911-2EFB09B9AD32-1024x745.jpeg 1024w, https:\/\/jessel.de\/365-tage-sylt\/wp-content\/uploads\/2022\/08\/EC1EB524-FA1E-4B23-8911-2EFB09B9AD32-768x559.jpeg 768w\" sizes=\"auto, (max-width: 1100px) 100vw, 1100px\" \/><\/p>\n<p>Im Bistrot \u201eL\u2018Elefant du Nil\u201c an der Place R\u00e9public w\u00fcrde ich einen hausgefertigten Burger futtern\u2026:<\/p>\n<div id=\"attachment_12295\" style=\"width: 1110px\" class=\"wp-caption alignnone\"><img loading=\"lazy\" decoding=\"async\" aria-describedby=\"caption-attachment-12295\" class=\"size-full wp-image-12295\" src=\"https:\/\/jessel.de\/365-tage-sylt\/wp-content\/uploads\/2022\/08\/3BE94553-2049-4A22-BE48-F1493B2A44C9.jpeg\" alt=\"\" width=\"1100\" height=\"800\" srcset=\"https:\/\/jessel.de\/365-tage-sylt\/wp-content\/uploads\/2022\/08\/3BE94553-2049-4A22-BE48-F1493B2A44C9.jpeg 1100w, https:\/\/jessel.de\/365-tage-sylt\/wp-content\/uploads\/2022\/08\/3BE94553-2049-4A22-BE48-F1493B2A44C9-300x218.jpeg 300w, https:\/\/jessel.de\/365-tage-sylt\/wp-content\/uploads\/2022\/08\/3BE94553-2049-4A22-BE48-F1493B2A44C9-1024x745.jpeg 1024w, https:\/\/jessel.de\/365-tage-sylt\/wp-content\/uploads\/2022\/08\/3BE94553-2049-4A22-BE48-F1493B2A44C9-768x559.jpeg 768w\" sizes=\"auto, (max-width: 1100px) 100vw, 1100px\" \/><p id=\"caption-attachment-12295\" class=\"wp-caption-text\"><span style=\"color: #000000; font-size: 15px;\">\u2026 anschlie\u00dfend in der Confiserie \u201eManon\u201c diesen \u201eFor\u00eat Noir\u201c (oben rechts) mitnehmen, f\u00fcr h\u00e4rtere Zeiten:<\/span><\/p><\/div>\n<p><img loading=\"lazy\" decoding=\"async\" class=\"alignnone size-full wp-image-12292\" src=\"https:\/\/jessel.de\/365-tage-sylt\/wp-content\/uploads\/2022\/08\/F4289B33-F306-48BB-8C5C-C17823994101.jpeg\" alt=\"\" width=\"800\" height=\"1100\" srcset=\"https:\/\/jessel.de\/365-tage-sylt\/wp-content\/uploads\/2022\/08\/F4289B33-F306-48BB-8C5C-C17823994101.jpeg 800w, https:\/\/jessel.de\/365-tage-sylt\/wp-content\/uploads\/2022\/08\/F4289B33-F306-48BB-8C5C-C17823994101-218x300.jpeg 218w, https:\/\/jessel.de\/365-tage-sylt\/wp-content\/uploads\/2022\/08\/F4289B33-F306-48BB-8C5C-C17823994101-745x1024.jpeg 745w, https:\/\/jessel.de\/365-tage-sylt\/wp-content\/uploads\/2022\/08\/F4289B33-F306-48BB-8C5C-C17823994101-768x1056.jpeg 768w\" sizes=\"auto, (max-width: 800px) 100vw, 800px\" \/><\/p>\n<p>Leider w\u00fcrde die Zeit nicht reichen, dem \u201eMaison de la Photographie Europ\u00e9enne\u201c noch einen Besuch abzustatten, denn die Einlass-Schlange w\u00e4re wieder einmal zu lang\u2026:<\/p>\n<p><img loading=\"lazy\" decoding=\"async\" class=\"size-full wp-image-12293\" src=\"https:\/\/jessel.de\/365-tage-sylt\/wp-content\/uploads\/2022\/08\/396D3348-0BF7-436E-9007-8C5EC76B806A.jpeg\" alt=\"\" width=\"1100\" height=\"800\" srcset=\"https:\/\/jessel.de\/365-tage-sylt\/wp-content\/uploads\/2022\/08\/396D3348-0BF7-436E-9007-8C5EC76B806A.jpeg 1100w, https:\/\/jessel.de\/365-tage-sylt\/wp-content\/uploads\/2022\/08\/396D3348-0BF7-436E-9007-8C5EC76B806A-300x218.jpeg 300w, https:\/\/jessel.de\/365-tage-sylt\/wp-content\/uploads\/2022\/08\/396D3348-0BF7-436E-9007-8C5EC76B806A-1024x745.jpeg 1024w, https:\/\/jessel.de\/365-tage-sylt\/wp-content\/uploads\/2022\/08\/396D3348-0BF7-436E-9007-8C5EC76B806A-768x559.jpeg 768w\" sizes=\"auto, (max-width: 1100px) 100vw, 1100px\" \/><\/p>\n<p>\u2026 aber egal, f\u00fcr einen Spaziergang durch den entz\u00fcckenden Park \u201eVillemin\u201c\u2026:<\/p>\n<p><img loading=\"lazy\" decoding=\"async\" class=\"size-full wp-image-12299\" src=\"https:\/\/jessel.de\/365-tage-sylt\/wp-content\/uploads\/2022\/08\/67AE9212-67FE-4E00-B635-F826733A8DDC.jpeg\" alt=\"\" width=\"1100\" height=\"800\" srcset=\"https:\/\/jessel.de\/365-tage-sylt\/wp-content\/uploads\/2022\/08\/67AE9212-67FE-4E00-B635-F826733A8DDC.jpeg 1100w, https:\/\/jessel.de\/365-tage-sylt\/wp-content\/uploads\/2022\/08\/67AE9212-67FE-4E00-B635-F826733A8DDC-300x218.jpeg 300w, https:\/\/jessel.de\/365-tage-sylt\/wp-content\/uploads\/2022\/08\/67AE9212-67FE-4E00-B635-F826733A8DDC-1024x745.jpeg 1024w, https:\/\/jessel.de\/365-tage-sylt\/wp-content\/uploads\/2022\/08\/67AE9212-67FE-4E00-B635-F826733A8DDC-768x559.jpeg 768w\" sizes=\"auto, (max-width: 1100px) 100vw, 1100px\" \/><\/p>\n<p>\u2026 hinunter zum Canal Saint Martin\u2026:<\/p>\n<p><img loading=\"lazy\" decoding=\"async\" class=\"size-full wp-image-12296\" src=\"https:\/\/jessel.de\/365-tage-sylt\/wp-content\/uploads\/2022\/08\/67D0F442-F053-4DDD-A2E4-234769B57AA3.jpeg\" alt=\"\" width=\"1100\" height=\"800\" srcset=\"https:\/\/jessel.de\/365-tage-sylt\/wp-content\/uploads\/2022\/08\/67D0F442-F053-4DDD-A2E4-234769B57AA3.jpeg 1100w, https:\/\/jessel.de\/365-tage-sylt\/wp-content\/uploads\/2022\/08\/67D0F442-F053-4DDD-A2E4-234769B57AA3-300x218.jpeg 300w, https:\/\/jessel.de\/365-tage-sylt\/wp-content\/uploads\/2022\/08\/67D0F442-F053-4DDD-A2E4-234769B57AA3-1024x745.jpeg 1024w, https:\/\/jessel.de\/365-tage-sylt\/wp-content\/uploads\/2022\/08\/67D0F442-F053-4DDD-A2E4-234769B57AA3-768x559.jpeg 768w\" sizes=\"auto, (max-width: 1100px) 100vw, 1100px\" \/><\/p>\n<p>\u2026 w\u00fcrde es noch reichen. Dann k\u00f6nnte es von mir aus, ausger\u00fcstet mit ausreichend Fl\u00fcssigkeit, weitergehen in Richtung Deutschland:<\/p>\n<p><img loading=\"lazy\" decoding=\"async\" class=\"alignnone size-full wp-image-12291\" src=\"https:\/\/jessel.de\/365-tage-sylt\/wp-content\/uploads\/2022\/08\/2CB2EAFF-D5A3-49C8-BA2C-7A708DECFC90.jpeg\" alt=\"\" width=\"800\" height=\"1100\" srcset=\"https:\/\/jessel.de\/365-tage-sylt\/wp-content\/uploads\/2022\/08\/2CB2EAFF-D5A3-49C8-BA2C-7A708DECFC90.jpeg 800w, https:\/\/jessel.de\/365-tage-sylt\/wp-content\/uploads\/2022\/08\/2CB2EAFF-D5A3-49C8-BA2C-7A708DECFC90-218x300.jpeg 218w, https:\/\/jessel.de\/365-tage-sylt\/wp-content\/uploads\/2022\/08\/2CB2EAFF-D5A3-49C8-BA2C-7A708DECFC90-745x1024.jpeg 745w, https:\/\/jessel.de\/365-tage-sylt\/wp-content\/uploads\/2022\/08\/2CB2EAFF-D5A3-49C8-BA2C-7A708DECFC90-768x1056.jpeg 768w\" sizes=\"auto, (max-width: 800px) 100vw, 800px\" \/><\/p>\n","protected":false},"excerpt":{"rendered":"<p>Schon gemein, da\u00df Noirmoutier zur Abreise noch einmal das beste Wetter auff\u00e4hrt. Aber es hilft ja nix: Um 8:50 Uhr geht mein Bus nach Nantes. Eine viertel Stunde vor Abfahrt ist der schon ziemlich gut gef\u00fcllt, und f\u00e4hrt zu meinem Erstaunen auch gleich nach meinem Einsteigen ab! Bis ich sehe, da\u00df da l\u00e4ngst noch ein zweiter Bus parat steht. Beide wechseln sich nun an den folgenden Haltestellen ab, so da\u00df&hellip;<\/p>\n","protected":false},"author":2,"featured_media":12290,"comment_status":"open","ping_status":"open","sticky":false,"template":"","format":"standard","meta":{"footnotes":""},"categories":[27,39,43,3,46,30,29,33],"tags":[],"class_list":["post-12289","post","type-post","status-publish","format-standard","has-post-thumbnail","hentry","category-alle-bilder","category-arbeit","category-kulinarik","category-menschen","category-sommer","category-tradition","category-verkehr","category-woanders"],"jetpack_featured_media_url":"https:\/\/jessel.de\/365-tage-sylt\/wp-content\/uploads\/2022\/08\/2874A01F-DE17-485F-BF83-156083F433B1.jpeg","_links":{"self":[{"href":"https:\/\/jessel.de\/365-tage-sylt\/wp-json\/wp\/v2\/posts\/12289","targetHints":{"allow":["GET"]}}],"collection":[{"href":"https:\/\/jessel.de\/365-tage-sylt\/wp-json\/wp\/v2\/posts"}],"about":[{"href":"https:\/\/jessel.de\/365-tage-sylt\/wp-json\/wp\/v2\/types\/post"}],"author":[{"embeddable":true,"href":"https:\/\/jessel.de\/365-tage-sylt\/wp-json\/wp\/v2\/users\/2"}],"replies":[{"embeddable":true,"href":"https:\/\/jessel.de\/365-tage-sylt\/wp-json\/wp\/v2\/comments?post=12289"}],"version-history":[{"count":5,"href":"https:\/\/jessel.de\/365-tage-sylt\/wp-json\/wp\/v2\/posts\/12289\/revisions"}],"predecessor-version":[{"id":12306,"href":"https:\/\/jessel.de\/365-tage-sylt\/wp-json\/wp\/v2\/posts\/12289\/revisions\/12306"}],"wp:featuredmedia":[{"embeddable":true,"href":"https:\/\/jessel.de\/365-tage-sylt\/wp-json\/wp\/v2\/media\/12290"}],"wp:attachment":[{"href":"https:\/\/jessel.de\/365-tage-sylt\/wp-json\/wp\/v2\/media?parent=12289"}],"wp:term":[{"taxonomy":"category","embeddable":true,"href":"https:\/\/jessel.de\/365-tage-sylt\/wp-json\/wp\/v2\/categories?post=12289"},{"taxonomy":"post_tag","embeddable":true,"href":"https:\/\/jessel.de\/365-tage-sylt\/wp-json\/wp\/v2\/tags?post=12289"}],"curies":[{"name":"wp","href":"https:\/\/api.w.org\/{rel}","templated":true}]}}