{"id":1237,"date":"2017-05-29T19:02:13","date_gmt":"2017-05-29T19:02:13","guid":{"rendered":"http:\/\/jessel.de\/365-tage-sylt\/?p=1237"},"modified":"2017-05-29T19:56:13","modified_gmt":"2017-05-29T19:56:13","slug":"heute-keine-lust","status":"publish","type":"post","link":"https:\/\/jessel.de\/365-tage-sylt\/heute-keine-lust\/","title":{"rendered":"Heute keine Lust auf Fotos!"},"content":{"rendered":"<p>Was f\u00fcr ein usseliges Wetter! Ich warte den ganzen Tag auf den zun\u00e4chst f\u00fcr den fr\u00fchen Nachmittag versprochenen Sonnendurchbruch &#8211; aber der wird st\u00fcndlich weiter nach hinten vertagt. Daf\u00fcr, neben gelegentlichem Schn\u00fcrl-Regen, am sp\u00e4teren Nachmittag sogar noch schauerartige Niederschl\u00e4ge.<\/p>\n<p>Solche Tage nutze ich gerne f\u00fcr geruhsame Eink\u00e4ufe, Essensvorbereitungen &#8211; es gibt Gem\u00fcse-Spaghettinis mit einer Tomaten-Ziegenk\u00e4se-Salsa -, der Schreibtisch wartet mit einigen Arbeiten, und im Garten ziehe ich einen Weidezaun, damit die H\u00fchner etwas mehr Auslauf bekommen.<\/p>\n<p>Erst jetzt, es ist bereits nach 21 Uhr, tut sich da etwas in Richtung Auflockerung&#8230; zu sp\u00e4t leider! Die Sonne wird sich nicht mehr sehen lassen.<\/p>\n<p>Was tun? Ich schaue mal im Archiv der letzten drei Wochen, was sich noch Witziges findet: Die Schlangenfarm! \u00a0Tipp: Wer mal einen Urlaub in besonders ruhiger Umgebung erleben m\u00f6chte, der miete sich doch hier ein. \ud83d\ude09<\/p>\n<p>Morgen fr\u00fch wird&#8217;s hoffentlich spannender. Immerhin sind zwischen 6 und 9 Uhr gewittrige St\u00f6rungen annonciert; k\u00f6nnte also interessant werden&#8230;<\/p>\n<p>&nbsp;<\/p>\n<p>&nbsp;<\/p>\n","protected":false},"excerpt":{"rendered":"<p>Was f\u00fcr ein usseliges Wetter! Ich warte den ganzen Tag auf den zun\u00e4chst f\u00fcr den fr\u00fchen Nachmittag versprochenen Sonnendurchbruch &#8211; aber der wird st\u00fcndlich weiter nach hinten vertagt. Daf\u00fcr, neben gelegentlichem Schn\u00fcrl-Regen, am sp\u00e4teren Nachmittag sogar noch schauerartige Niederschl\u00e4ge. Solche Tage nutze ich gerne f\u00fcr geruhsame Eink\u00e4ufe, Essensvorbereitungen &#8211; es gibt Gem\u00fcse-Spaghettinis mit einer Tomaten-Ziegenk\u00e4se-Salsa -, der Schreibtisch wartet mit einigen Arbeiten, und im Garten ziehe ich einen Weidezaun, damit&hellip;<\/p>\n","protected":false},"author":2,"featured_media":972,"comment_status":"open","ping_status":"open","sticky":false,"template":"","format":"standard","meta":{"footnotes":""},"categories":[27,41,28,31,2],"tags":[],"class_list":["post-1237","post","type-post","status-publish","format-standard","has-post-thumbnail","hentry","category-alle-bilder","category-fruehling","category-haeuser","category-tinnum","category-tourismus"],"jetpack_featured_media_url":"https:\/\/jessel.de\/365-tage-sylt\/wp-content\/uploads\/2017\/05\/L1005554.jpg","_links":{"self":[{"href":"https:\/\/jessel.de\/365-tage-sylt\/wp-json\/wp\/v2\/posts\/1237","targetHints":{"allow":["GET"]}}],"collection":[{"href":"https:\/\/jessel.de\/365-tage-sylt\/wp-json\/wp\/v2\/posts"}],"about":[{"href":"https:\/\/jessel.de\/365-tage-sylt\/wp-json\/wp\/v2\/types\/post"}],"author":[{"embeddable":true,"href":"https:\/\/jessel.de\/365-tage-sylt\/wp-json\/wp\/v2\/users\/2"}],"replies":[{"embeddable":true,"href":"https:\/\/jessel.de\/365-tage-sylt\/wp-json\/wp\/v2\/comments?post=1237"}],"version-history":[{"count":6,"href":"https:\/\/jessel.de\/365-tage-sylt\/wp-json\/wp\/v2\/posts\/1237\/revisions"}],"predecessor-version":[{"id":1243,"href":"https:\/\/jessel.de\/365-tage-sylt\/wp-json\/wp\/v2\/posts\/1237\/revisions\/1243"}],"wp:featuredmedia":[{"embeddable":true,"href":"https:\/\/jessel.de\/365-tage-sylt\/wp-json\/wp\/v2\/media\/972"}],"wp:attachment":[{"href":"https:\/\/jessel.de\/365-tage-sylt\/wp-json\/wp\/v2\/media?parent=1237"}],"wp:term":[{"taxonomy":"category","embeddable":true,"href":"https:\/\/jessel.de\/365-tage-sylt\/wp-json\/wp\/v2\/categories?post=1237"},{"taxonomy":"post_tag","embeddable":true,"href":"https:\/\/jessel.de\/365-tage-sylt\/wp-json\/wp\/v2\/tags?post=1237"}],"curies":[{"name":"wp","href":"https:\/\/api.w.org\/{rel}","templated":true}]}}