{"id":12389,"date":"2022-09-11T16:33:12","date_gmt":"2022-09-11T16:33:12","guid":{"rendered":"https:\/\/jessel.de\/365-tage-sylt\/?p=12389"},"modified":"2022-09-11T16:35:43","modified_gmt":"2022-09-11T16:35:43","slug":"11-september-historische-landschaften","status":"publish","type":"post","link":"https:\/\/jessel.de\/365-tage-sylt\/11-september-historische-landschaften\/","title":{"rendered":"11. September: Historische Landschaften"},"content":{"rendered":"<p>Sicher habt Ihr l\u00e4ngst bemerkt, dass mich Landschaften, denen ich noch ihre Historie ansehen kann, magisch anziehen. Deshalb g\u00f6nne ich mir heute auf dem R\u00fcckweg von Flensburg nach Nieb\u00fcll den kleinen Umweg \u00fcber den Ochsenweg bei Klintum\u2026:<\/p>\n<p><img loading=\"lazy\" decoding=\"async\" class=\"size-full wp-image-12391\" src=\"https:\/\/jessel.de\/365-tage-sylt\/wp-content\/uploads\/2022\/09\/28FCE7DE-B33F-43FB-8F19-29CBE35514AC.jpeg\" alt=\"\" width=\"1100\" height=\"800\" srcset=\"https:\/\/jessel.de\/365-tage-sylt\/wp-content\/uploads\/2022\/09\/28FCE7DE-B33F-43FB-8F19-29CBE35514AC.jpeg 1100w, https:\/\/jessel.de\/365-tage-sylt\/wp-content\/uploads\/2022\/09\/28FCE7DE-B33F-43FB-8F19-29CBE35514AC-300x218.jpeg 300w, https:\/\/jessel.de\/365-tage-sylt\/wp-content\/uploads\/2022\/09\/28FCE7DE-B33F-43FB-8F19-29CBE35514AC-1024x745.jpeg 1024w, https:\/\/jessel.de\/365-tage-sylt\/wp-content\/uploads\/2022\/09\/28FCE7DE-B33F-43FB-8F19-29CBE35514AC-768x559.jpeg 768w\" sizes=\"auto, (max-width: 1100px) 100vw, 1100px\" \/><\/p>\n<p>Hier habe ich zumindest eine \u00e4hnliche Perspektive getroffen &#8211; und soooviel ver\u00e4ndert hat sich gar nicht in den letzten 18 Jahren. In den Jahrhunderten des Ochsentriebes allerdings gab es in dieser Binnend\u00fcnenlandschaft nahezu keine B\u00e4ume. Diese wurden angepflanzt, um den Sandflug zu stoppen, was ja auch gelang.<\/p>\n<p>Ich radel\u2018 heute morgen bei Kaiserwetter los, durchquere Forsten\u2026:<\/p>\n<p><img loading=\"lazy\" decoding=\"async\" class=\"size-full wp-image-12394\" src=\"https:\/\/jessel.de\/365-tage-sylt\/wp-content\/uploads\/2022\/09\/58699519-4ED1-4A85-848F-DE7DE47603A3.jpeg\" alt=\"\" width=\"1100\" height=\"800\" srcset=\"https:\/\/jessel.de\/365-tage-sylt\/wp-content\/uploads\/2022\/09\/58699519-4ED1-4A85-848F-DE7DE47603A3.jpeg 1100w, https:\/\/jessel.de\/365-tage-sylt\/wp-content\/uploads\/2022\/09\/58699519-4ED1-4A85-848F-DE7DE47603A3-300x218.jpeg 300w, https:\/\/jessel.de\/365-tage-sylt\/wp-content\/uploads\/2022\/09\/58699519-4ED1-4A85-848F-DE7DE47603A3-1024x745.jpeg 1024w, https:\/\/jessel.de\/365-tage-sylt\/wp-content\/uploads\/2022\/09\/58699519-4ED1-4A85-848F-DE7DE47603A3-768x559.jpeg 768w\" sizes=\"auto, (max-width: 1100px) 100vw, 1100px\" \/><\/p>\n<p>\u2026 vorbei an jeder Menge Maisfeldern\u2026:<\/p>\n<p><img loading=\"lazy\" decoding=\"async\" class=\"alignnone size-full wp-image-12395\" src=\"https:\/\/jessel.de\/365-tage-sylt\/wp-content\/uploads\/2022\/09\/CE8BE936-2B51-4145-8EEE-2A8344489CF6.jpeg\" alt=\"\" width=\"1100\" height=\"800\" srcset=\"https:\/\/jessel.de\/365-tage-sylt\/wp-content\/uploads\/2022\/09\/CE8BE936-2B51-4145-8EEE-2A8344489CF6.jpeg 1100w, https:\/\/jessel.de\/365-tage-sylt\/wp-content\/uploads\/2022\/09\/CE8BE936-2B51-4145-8EEE-2A8344489CF6-300x218.jpeg 300w, https:\/\/jessel.de\/365-tage-sylt\/wp-content\/uploads\/2022\/09\/CE8BE936-2B51-4145-8EEE-2A8344489CF6-1024x745.jpeg 1024w, https:\/\/jessel.de\/365-tage-sylt\/wp-content\/uploads\/2022\/09\/CE8BE936-2B51-4145-8EEE-2A8344489CF6-768x559.jpeg 768w\" sizes=\"auto, (max-width: 1100px) 100vw, 1100px\" \/><\/p>\n<p>\u2026 entlang schmaler Pfade\u2026:<\/p>\n<p><img loading=\"lazy\" decoding=\"async\" class=\"alignnone size-full wp-image-12393\" src=\"https:\/\/jessel.de\/365-tage-sylt\/wp-content\/uploads\/2022\/09\/FCC73857-568E-4B00-859B-B03885C219F3.jpeg\" alt=\"\" width=\"1100\" height=\"800\" srcset=\"https:\/\/jessel.de\/365-tage-sylt\/wp-content\/uploads\/2022\/09\/FCC73857-568E-4B00-859B-B03885C219F3.jpeg 1100w, https:\/\/jessel.de\/365-tage-sylt\/wp-content\/uploads\/2022\/09\/FCC73857-568E-4B00-859B-B03885C219F3-300x218.jpeg 300w, https:\/\/jessel.de\/365-tage-sylt\/wp-content\/uploads\/2022\/09\/FCC73857-568E-4B00-859B-B03885C219F3-1024x745.jpeg 1024w, https:\/\/jessel.de\/365-tage-sylt\/wp-content\/uploads\/2022\/09\/FCC73857-568E-4B00-859B-B03885C219F3-768x559.jpeg 768w\" sizes=\"auto, (max-width: 1100px) 100vw, 1100px\" \/><\/p>\n<p>\u2026 und staune, wie einfach es ist, den Autoverkehr auszubremsen, wenn man es nur will. Diese asphaltierte Ortsverbindungsstra\u00dfe zwischen Schafflund und H\u00f6rup wurde auf 100 Metern L\u00e4nge zum Fuss- und Radweg umgebaut. Ergebnis: Ruhe &#8211; auf mehreren Kilometern. \u00a0Danke!<\/p>\n<p><img loading=\"lazy\" decoding=\"async\" class=\"size-full wp-image-12392\" src=\"https:\/\/jessel.de\/365-tage-sylt\/wp-content\/uploads\/2022\/09\/F18D4BEC-72BC-49DF-A183-6F1BD585FD4D.jpeg\" alt=\"\" width=\"1100\" height=\"800\" srcset=\"https:\/\/jessel.de\/365-tage-sylt\/wp-content\/uploads\/2022\/09\/F18D4BEC-72BC-49DF-A183-6F1BD585FD4D.jpeg 1100w, https:\/\/jessel.de\/365-tage-sylt\/wp-content\/uploads\/2022\/09\/F18D4BEC-72BC-49DF-A183-6F1BD585FD4D-300x218.jpeg 300w, https:\/\/jessel.de\/365-tage-sylt\/wp-content\/uploads\/2022\/09\/F18D4BEC-72BC-49DF-A183-6F1BD585FD4D-1024x745.jpeg 1024w, https:\/\/jessel.de\/365-tage-sylt\/wp-content\/uploads\/2022\/09\/F18D4BEC-72BC-49DF-A183-6F1BD585FD4D-768x559.jpeg 768w\" sizes=\"auto, (max-width: 1100px) 100vw, 1100px\" \/><\/p>\n<p>Eine herrliche Tour \u00fcber 60 Kilometer, meist abseits lauter Stra\u00dfen. So macht es Spa\u00df, Schleswig-Holstein zu durchqueren:<\/p>\n<p><img loading=\"lazy\" decoding=\"async\" class=\"alignnone size-full wp-image-12396\" src=\"https:\/\/jessel.de\/365-tage-sylt\/wp-content\/uploads\/2022\/09\/0A68CBCF-174A-4248-90E2-C4FCBE9D5168.jpeg\" alt=\"\" width=\"1100\" height=\"800\" srcset=\"https:\/\/jessel.de\/365-tage-sylt\/wp-content\/uploads\/2022\/09\/0A68CBCF-174A-4248-90E2-C4FCBE9D5168.jpeg 1100w, https:\/\/jessel.de\/365-tage-sylt\/wp-content\/uploads\/2022\/09\/0A68CBCF-174A-4248-90E2-C4FCBE9D5168-300x218.jpeg 300w, https:\/\/jessel.de\/365-tage-sylt\/wp-content\/uploads\/2022\/09\/0A68CBCF-174A-4248-90E2-C4FCBE9D5168-1024x745.jpeg 1024w, https:\/\/jessel.de\/365-tage-sylt\/wp-content\/uploads\/2022\/09\/0A68CBCF-174A-4248-90E2-C4FCBE9D5168-768x559.jpeg 768w\" sizes=\"auto, (max-width: 1100px) 100vw, 1100px\" \/><\/p>\n<p>Ich erreiche meinen Lieblings-Zug, den Sylt-Shuttle Plus, um 14:30 Uhr in Nieb\u00fcll. Rausgucken geht heute nur in Fahrtrichtung links, auf der anderen Seite zeigen sich die Fenster rot bemalt, wodurch der Waggon in magisches Licht geh\u00fcllt wird:<\/p>\n<p><img loading=\"lazy\" decoding=\"async\" class=\"size-full wp-image-12397\" src=\"https:\/\/jessel.de\/365-tage-sylt\/wp-content\/uploads\/2022\/09\/524556FA-E7B7-4AFF-BCDD-E97F5DA1304C.jpeg\" alt=\"\" width=\"1100\" height=\"800\" srcset=\"https:\/\/jessel.de\/365-tage-sylt\/wp-content\/uploads\/2022\/09\/524556FA-E7B7-4AFF-BCDD-E97F5DA1304C.jpeg 1100w, https:\/\/jessel.de\/365-tage-sylt\/wp-content\/uploads\/2022\/09\/524556FA-E7B7-4AFF-BCDD-E97F5DA1304C-300x218.jpeg 300w, https:\/\/jessel.de\/365-tage-sylt\/wp-content\/uploads\/2022\/09\/524556FA-E7B7-4AFF-BCDD-E97F5DA1304C-1024x745.jpeg 1024w, https:\/\/jessel.de\/365-tage-sylt\/wp-content\/uploads\/2022\/09\/524556FA-E7B7-4AFF-BCDD-E97F5DA1304C-768x559.jpeg 768w\" sizes=\"auto, (max-width: 1100px) 100vw, 1100px\" \/><\/p>\n<p>Und das alles f\u00fcr nur drei Euro!<\/p>\n<p>&nbsp;<\/p>\n","protected":false},"excerpt":{"rendered":"<p>Sicher habt Ihr l\u00e4ngst bemerkt, dass mich Landschaften, denen ich noch ihre Historie ansehen kann, magisch anziehen. Deshalb g\u00f6nne ich mir heute auf dem R\u00fcckweg von Flensburg nach Nieb\u00fcll den kleinen Umweg \u00fcber den Ochsenweg bei Klintum\u2026: Hier habe ich zumindest eine \u00e4hnliche Perspektive getroffen &#8211; und soooviel ver\u00e4ndert hat sich gar nicht in den letzten 18 Jahren. In den Jahrhunderten des Ochsentriebes allerdings gab es in dieser Binnend\u00fcnenlandschaft nahezu&hellip;<\/p>\n","protected":false},"author":2,"featured_media":12390,"comment_status":"open","ping_status":"open","sticky":false,"template":"","format":"standard","meta":{"footnotes":""},"categories":[27,39,24,44,46,4,40,30,33],"tags":[],"class_list":["post-12389","post","type-post","status-publish","format-standard","has-post-thumbnail","hentry","category-alle-bilder","category-arbeit","category-duenen","category-pflanzen","category-sommer","category-spuren","category-tiere","category-tradition","category-woanders"],"jetpack_featured_media_url":"https:\/\/jessel.de\/365-tage-sylt\/wp-content\/uploads\/2022\/09\/890A4F90-9C07-43E5-AC28-1AB568DF0D92.jpeg","_links":{"self":[{"href":"https:\/\/jessel.de\/365-tage-sylt\/wp-json\/wp\/v2\/posts\/12389","targetHints":{"allow":["GET"]}}],"collection":[{"href":"https:\/\/jessel.de\/365-tage-sylt\/wp-json\/wp\/v2\/posts"}],"about":[{"href":"https:\/\/jessel.de\/365-tage-sylt\/wp-json\/wp\/v2\/types\/post"}],"author":[{"embeddable":true,"href":"https:\/\/jessel.de\/365-tage-sylt\/wp-json\/wp\/v2\/users\/2"}],"replies":[{"embeddable":true,"href":"https:\/\/jessel.de\/365-tage-sylt\/wp-json\/wp\/v2\/comments?post=12389"}],"version-history":[{"count":3,"href":"https:\/\/jessel.de\/365-tage-sylt\/wp-json\/wp\/v2\/posts\/12389\/revisions"}],"predecessor-version":[{"id":12400,"href":"https:\/\/jessel.de\/365-tage-sylt\/wp-json\/wp\/v2\/posts\/12389\/revisions\/12400"}],"wp:featuredmedia":[{"embeddable":true,"href":"https:\/\/jessel.de\/365-tage-sylt\/wp-json\/wp\/v2\/media\/12390"}],"wp:attachment":[{"href":"https:\/\/jessel.de\/365-tage-sylt\/wp-json\/wp\/v2\/media?parent=12389"}],"wp:term":[{"taxonomy":"category","embeddable":true,"href":"https:\/\/jessel.de\/365-tage-sylt\/wp-json\/wp\/v2\/categories?post=12389"},{"taxonomy":"post_tag","embeddable":true,"href":"https:\/\/jessel.de\/365-tage-sylt\/wp-json\/wp\/v2\/tags?post=12389"}],"curies":[{"name":"wp","href":"https:\/\/api.w.org\/{rel}","templated":true}]}}