{"id":12428,"date":"2022-09-17T16:49:40","date_gmt":"2022-09-17T16:49:40","guid":{"rendered":"https:\/\/jessel.de\/365-tage-sylt\/?p=12428"},"modified":"2022-09-17T19:18:26","modified_gmt":"2022-09-17T19:18:26","slug":"17-september-ueber-den-daechern-von-salzburg","status":"publish","type":"post","link":"https:\/\/jessel.de\/365-tage-sylt\/17-september-ueber-den-daechern-von-salzburg\/","title":{"rendered":"17. September: \u00dcber den D\u00e4chern von Salzburg &#8211; und darunter."},"content":{"rendered":"<p>V\u00f6llig kontr\u00e4r zur Wettervorhersage ist es den ganzen Vormittag trocken. Nach der obligaten Morgengymnastik\u2026:<\/p>\n<p><img loading=\"lazy\" decoding=\"async\" class=\"size-full wp-image-12433\" src=\"https:\/\/jessel.de\/365-tage-sylt\/wp-content\/uploads\/2022\/09\/2CB34F69-83FE-487D-BEAD-DE7C13CF25C2.jpeg\" alt=\"\" width=\"1100\" height=\"800\" srcset=\"https:\/\/jessel.de\/365-tage-sylt\/wp-content\/uploads\/2022\/09\/2CB34F69-83FE-487D-BEAD-DE7C13CF25C2.jpeg 1100w, https:\/\/jessel.de\/365-tage-sylt\/wp-content\/uploads\/2022\/09\/2CB34F69-83FE-487D-BEAD-DE7C13CF25C2-300x218.jpeg 300w, https:\/\/jessel.de\/365-tage-sylt\/wp-content\/uploads\/2022\/09\/2CB34F69-83FE-487D-BEAD-DE7C13CF25C2-1024x745.jpeg 1024w, https:\/\/jessel.de\/365-tage-sylt\/wp-content\/uploads\/2022\/09\/2CB34F69-83FE-487D-BEAD-DE7C13CF25C2-768x559.jpeg 768w\" sizes=\"auto, (max-width: 1100px) 100vw, 1100px\" \/><\/p>\n<p>\u2026 geht es per pedes hinauf auf den \u00f6rtlichen Hausberg &#8211; also den M\u00f6nchsberg. Ich hatte zun\u00e4chst an eine Erstbesteigung gedacht, allerdings waren die Reisebusse mit Japanern schon oben, als ich etwas atemlos auf dem Gipfelplateau erscheine. Diese angenehme asiatische Klientel reist \u00fcbrigens grunds\u00e4tzlich ohne Hund, weshalb die Empfehlungen f\u00fcr unsere vierbeinigen Freunde auch lediglich in deutscher Sprache vorzufinden sind:<\/p>\n<p><img loading=\"lazy\" decoding=\"async\" class=\"size-full wp-image-12429\" src=\"https:\/\/jessel.de\/365-tage-sylt\/wp-content\/uploads\/2022\/09\/8C943357-0D9C-4F17-AA8F-EDC6757B081A.jpeg\" alt=\"\" width=\"1100\" height=\"800\" srcset=\"https:\/\/jessel.de\/365-tage-sylt\/wp-content\/uploads\/2022\/09\/8C943357-0D9C-4F17-AA8F-EDC6757B081A.jpeg 1100w, https:\/\/jessel.de\/365-tage-sylt\/wp-content\/uploads\/2022\/09\/8C943357-0D9C-4F17-AA8F-EDC6757B081A-300x218.jpeg 300w, https:\/\/jessel.de\/365-tage-sylt\/wp-content\/uploads\/2022\/09\/8C943357-0D9C-4F17-AA8F-EDC6757B081A-1024x745.jpeg 1024w, https:\/\/jessel.de\/365-tage-sylt\/wp-content\/uploads\/2022\/09\/8C943357-0D9C-4F17-AA8F-EDC6757B081A-768x559.jpeg 768w\" sizes=\"auto, (max-width: 1100px) 100vw, 1100px\" \/><\/p>\n<p>Ich sprang gleich drauf an wegen der mexikanischen Zugtoilettengeschichte von Herrn Theroux, aber das nur nebenbei. Der arme Kerl ist mittlerweile tats\u00e4chlich in Guatemala eingetroffen &#8211; auch das nur nebenbei. Aber die Story von dem anwachsenden Gackerl-Haufen unter seinem Zug werde ich meinen Lebtag nicht vergessen.<\/p>\n<p>Ein wunderbarer Blick von hier oben, zumal die Luft sich \u00fcberraschend klar pr\u00e4sentiert an diesem Vormittag:<\/p>\n<p><img loading=\"lazy\" decoding=\"async\" class=\"size-full wp-image-12430\" src=\"https:\/\/jessel.de\/365-tage-sylt\/wp-content\/uploads\/2022\/09\/AAEC30BB-8183-4CAC-86B7-146C673CB574.jpeg\" alt=\"\" width=\"1100\" height=\"800\" srcset=\"https:\/\/jessel.de\/365-tage-sylt\/wp-content\/uploads\/2022\/09\/AAEC30BB-8183-4CAC-86B7-146C673CB574.jpeg 1100w, https:\/\/jessel.de\/365-tage-sylt\/wp-content\/uploads\/2022\/09\/AAEC30BB-8183-4CAC-86B7-146C673CB574-300x218.jpeg 300w, https:\/\/jessel.de\/365-tage-sylt\/wp-content\/uploads\/2022\/09\/AAEC30BB-8183-4CAC-86B7-146C673CB574-1024x745.jpeg 1024w, https:\/\/jessel.de\/365-tage-sylt\/wp-content\/uploads\/2022\/09\/AAEC30BB-8183-4CAC-86B7-146C673CB574-768x559.jpeg 768w\" sizes=\"auto, (max-width: 1100px) 100vw, 1100px\" \/><\/p>\n<p>Aber das Gl\u00fcck ist von relativ kurzer Dauer. Noch auf dem Berg werde ich vom ersten Schauer \u00fcberrascht, der mit Schn\u00fcrlregen nun wirklich herzlich wenig zu tun hat. Und danach regnet es sich erstmal so richtig ein. Was tun!? Ins Caf\u00e9 Tomacelli gehen, in dem verkehrte immerhin schon Goethe, was &#8211; nach dem Genuss des exzellenten Hauskuchens &#8211; offenbar seinen Grund hatte:<\/p>\n<p><img loading=\"lazy\" decoding=\"async\" class=\"size-full wp-image-12432\" src=\"https:\/\/jessel.de\/365-tage-sylt\/wp-content\/uploads\/2022\/09\/0A6DDDE0-2CF6-4977-8C82-DD4E7F7A3384.jpeg\" alt=\"\" width=\"1100\" height=\"800\" srcset=\"https:\/\/jessel.de\/365-tage-sylt\/wp-content\/uploads\/2022\/09\/0A6DDDE0-2CF6-4977-8C82-DD4E7F7A3384.jpeg 1100w, https:\/\/jessel.de\/365-tage-sylt\/wp-content\/uploads\/2022\/09\/0A6DDDE0-2CF6-4977-8C82-DD4E7F7A3384-300x218.jpeg 300w, https:\/\/jessel.de\/365-tage-sylt\/wp-content\/uploads\/2022\/09\/0A6DDDE0-2CF6-4977-8C82-DD4E7F7A3384-1024x745.jpeg 1024w, https:\/\/jessel.de\/365-tage-sylt\/wp-content\/uploads\/2022\/09\/0A6DDDE0-2CF6-4977-8C82-DD4E7F7A3384-768x559.jpeg 768w\" sizes=\"auto, (max-width: 1100px) 100vw, 1100px\" \/><\/p>\n<p>Nat\u00fcrlich hatte ich mich schon von Sylt aus informiert, welches hiesige Restaurant am heutigen Abend zum Pflichtprogramm des kulinarisch interessierten Reisenden geh\u00f6rt. Aus dem dabei m\u00fchsam gewonnen Extrakt \u00a0von f\u00fcnf auserw\u00e4hlten Etablissements wurde es nun das St. Peter &#8211; Kulinarium, das sich ungelogen als \u201e\u00c4ltestes Restaurant Europas\u201c vorstellt, und &#8211; angeblich &#8211; bereits seit dem Jahr 803(!) G\u00e4ste bewirtschaftet. Wenn nur bitte der Tafelspitz aus der Jetztzeit stammt, soll mir das recht sein.<\/p>\n<p>There we are, der\/das Tafelspitz des 21. Jahrhunderts\u2026:<\/p>\n<p><img loading=\"lazy\" decoding=\"async\" class=\"alignnone size-full wp-image-12441\" src=\"https:\/\/jessel.de\/365-tage-sylt\/wp-content\/uploads\/2022\/09\/4BB201E3-2CC8-4A49-838B-8E4E00BC0499.jpeg\" alt=\"\" width=\"800\" height=\"1100\" srcset=\"https:\/\/jessel.de\/365-tage-sylt\/wp-content\/uploads\/2022\/09\/4BB201E3-2CC8-4A49-838B-8E4E00BC0499.jpeg 800w, https:\/\/jessel.de\/365-tage-sylt\/wp-content\/uploads\/2022\/09\/4BB201E3-2CC8-4A49-838B-8E4E00BC0499-218x300.jpeg 218w, https:\/\/jessel.de\/365-tage-sylt\/wp-content\/uploads\/2022\/09\/4BB201E3-2CC8-4A49-838B-8E4E00BC0499-745x1024.jpeg 745w, https:\/\/jessel.de\/365-tage-sylt\/wp-content\/uploads\/2022\/09\/4BB201E3-2CC8-4A49-838B-8E4E00BC0499-768x1056.jpeg 768w\" sizes=\"auto, (max-width: 800px) 100vw, 800px\" \/><\/p>\n<p>\u2026 uuund Salzburg bei Nacht:<\/p>\n<p><img loading=\"lazy\" decoding=\"async\" class=\"size-full wp-image-12442\" src=\"https:\/\/jessel.de\/365-tage-sylt\/wp-content\/uploads\/2022\/09\/8FBCCE66-B141-4696-A400-A82958C4E42E.jpeg\" alt=\"\" width=\"1100\" height=\"800\" srcset=\"https:\/\/jessel.de\/365-tage-sylt\/wp-content\/uploads\/2022\/09\/8FBCCE66-B141-4696-A400-A82958C4E42E.jpeg 1100w, https:\/\/jessel.de\/365-tage-sylt\/wp-content\/uploads\/2022\/09\/8FBCCE66-B141-4696-A400-A82958C4E42E-300x218.jpeg 300w, https:\/\/jessel.de\/365-tage-sylt\/wp-content\/uploads\/2022\/09\/8FBCCE66-B141-4696-A400-A82958C4E42E-1024x745.jpeg 1024w, https:\/\/jessel.de\/365-tage-sylt\/wp-content\/uploads\/2022\/09\/8FBCCE66-B141-4696-A400-A82958C4E42E-768x559.jpeg 768w\" sizes=\"auto, (max-width: 1100px) 100vw, 1100px\" \/><\/p>\n<p>Gute Nacht!<\/p>\n","protected":false},"excerpt":{"rendered":"<p>V\u00f6llig kontr\u00e4r zur Wettervorhersage ist es den ganzen Vormittag trocken. Nach der obligaten Morgengymnastik\u2026: \u2026 geht es per pedes hinauf auf den \u00f6rtlichen Hausberg &#8211; also den M\u00f6nchsberg. Ich hatte zun\u00e4chst an eine Erstbesteigung gedacht, allerdings waren die Reisebusse mit Japanern schon oben, als ich etwas atemlos auf dem Gipfelplateau erscheine. Diese angenehme asiatische Klientel reist \u00fcbrigens grunds\u00e4tzlich ohne Hund, weshalb die Empfehlungen f\u00fcr unsere vierbeinigen Freunde auch lediglich in&hellip;<\/p>\n","protected":false},"author":2,"featured_media":12431,"comment_status":"open","ping_status":"open","sticky":false,"template":"","format":"standard","meta":{"footnotes":""},"categories":[27,39,28,35,46,2,30,29,33],"tags":[],"class_list":["post-12428","post","type-post","status-publish","format-standard","has-post-thumbnail","hentry","category-alle-bilder","category-arbeit","category-haeuser","category-schlechtes-wetter","category-sommer","category-tourismus","category-tradition","category-verkehr","category-woanders"],"jetpack_featured_media_url":"https:\/\/jessel.de\/365-tage-sylt\/wp-content\/uploads\/2022\/09\/0E8D8B2C-1834-463F-9894-D39042D73D21.jpeg","_links":{"self":[{"href":"https:\/\/jessel.de\/365-tage-sylt\/wp-json\/wp\/v2\/posts\/12428","targetHints":{"allow":["GET"]}}],"collection":[{"href":"https:\/\/jessel.de\/365-tage-sylt\/wp-json\/wp\/v2\/posts"}],"about":[{"href":"https:\/\/jessel.de\/365-tage-sylt\/wp-json\/wp\/v2\/types\/post"}],"author":[{"embeddable":true,"href":"https:\/\/jessel.de\/365-tage-sylt\/wp-json\/wp\/v2\/users\/2"}],"replies":[{"embeddable":true,"href":"https:\/\/jessel.de\/365-tage-sylt\/wp-json\/wp\/v2\/comments?post=12428"}],"version-history":[{"count":8,"href":"https:\/\/jessel.de\/365-tage-sylt\/wp-json\/wp\/v2\/posts\/12428\/revisions"}],"predecessor-version":[{"id":12443,"href":"https:\/\/jessel.de\/365-tage-sylt\/wp-json\/wp\/v2\/posts\/12428\/revisions\/12443"}],"wp:featuredmedia":[{"embeddable":true,"href":"https:\/\/jessel.de\/365-tage-sylt\/wp-json\/wp\/v2\/media\/12431"}],"wp:attachment":[{"href":"https:\/\/jessel.de\/365-tage-sylt\/wp-json\/wp\/v2\/media?parent=12428"}],"wp:term":[{"taxonomy":"category","embeddable":true,"href":"https:\/\/jessel.de\/365-tage-sylt\/wp-json\/wp\/v2\/categories?post=12428"},{"taxonomy":"post_tag","embeddable":true,"href":"https:\/\/jessel.de\/365-tage-sylt\/wp-json\/wp\/v2\/tags?post=12428"}],"curies":[{"name":"wp","href":"https:\/\/api.w.org\/{rel}","templated":true}]}}