{"id":12454,"date":"2022-09-19T16:44:56","date_gmt":"2022-09-19T16:44:56","guid":{"rendered":"https:\/\/jessel.de\/365-tage-sylt\/?p=12454"},"modified":"2022-09-19T19:27:26","modified_gmt":"2022-09-19T19:27:26","slug":"19-september-ein-ausflug-in-die-berchtesgadener-unterwelt","status":"publish","type":"post","link":"https:\/\/jessel.de\/365-tage-sylt\/19-september-ein-ausflug-in-die-berchtesgadener-unterwelt\/","title":{"rendered":"19. September: Ein Ausflug in die Berchtesgadener Unterwelt"},"content":{"rendered":"<p>Der Mietzins f\u00fcr die Berchtesgadener Penthousewohnung mit Watzmann-Blick ist h\u00f6her als erwartet. Was liegt n\u00e4her, als sich in die Arbeitskolonne der \u00f6rtlichen Steinsalzmine einzureihen &#8211; ein harter, aber gut bezahlter Job. Nach einer kurzen Einweisung geht\u2019s in die unterirdische Maloche:<\/p>\n<p><img loading=\"lazy\" decoding=\"async\" class=\"size-full wp-image-12458\" src=\"https:\/\/jessel.de\/365-tage-sylt\/wp-content\/uploads\/2022\/09\/6CD5E92F-534D-4BFE-84A0-F2C61CBF5A96.jpeg\" alt=\"\" width=\"1100\" height=\"800\" srcset=\"https:\/\/jessel.de\/365-tage-sylt\/wp-content\/uploads\/2022\/09\/6CD5E92F-534D-4BFE-84A0-F2C61CBF5A96.jpeg 1100w, https:\/\/jessel.de\/365-tage-sylt\/wp-content\/uploads\/2022\/09\/6CD5E92F-534D-4BFE-84A0-F2C61CBF5A96-300x218.jpeg 300w, https:\/\/jessel.de\/365-tage-sylt\/wp-content\/uploads\/2022\/09\/6CD5E92F-534D-4BFE-84A0-F2C61CBF5A96-1024x745.jpeg 1024w, https:\/\/jessel.de\/365-tage-sylt\/wp-content\/uploads\/2022\/09\/6CD5E92F-534D-4BFE-84A0-F2C61CBF5A96-768x559.jpeg 768w\" sizes=\"auto, (max-width: 1100px) 100vw, 1100px\" \/><\/p>\n<p>Die Berchtesgadener Salzmine gibt\u2019s tats\u00e4chlich seit \u00fcber 500 Jahren. Dauerte es in fr\u00fcheren Zeiten noch 14 Tage, um die Stollen \u00fcberhaupt nur einen Meter tiefer unter das Gebirge zu treiben, schaffen meine Kumpels und ich diese Strecke heute an einem halben Tag. Nicht, weil wir gut gefr\u00fchst\u00fcckt h\u00e4tten, sondern dank der Monstermaschinen, die sich durch das hunderte von Metern m\u00e4chtige Steinsalzfl\u00f6z fr\u00e4sen, was gleichzeitig in mehreren Etagen geschieht. Grob erkl\u00e4rt, werden dann mit Wasser, das unter gewaltigem Druck injiziert wird, unterirdische Kavernen geschaffen, die &#8211; stets randvoll mit Wasser &#8211; das Salz aus dem Gestein l\u00f6sen. Die entstehende, ca. 27%ige Salzlauge, wird dann, mit noch mehr Luftdruck, an die Oberfl\u00e4che bef\u00f6rdert und \u00fcber eine 20 Kilometer lange Rohrleitung ins nahe Bad Reichenhall bef\u00f6rdert. Nach einem ausgiebigen Reinigungsprozess wird die Lauge dann eingedampft, bis nur noch das pure Salz \u00fcbrig ist. \u00dcbrigens ein enorm energieintensiver Prozess, dieses Eindampfen. Auf der Insel Noirmoutier, von der ich im August berichtete, l\u00e4sst man das von der Sonne erledigen\u2026<\/p>\n<p>Probleme mit der Energie gab es diesbez\u00fcglich schon vor \u00fcber 200 Jahren\u2026 nachdem n\u00e4mlich fast s\u00e4mtliche W\u00e4lder rings um Berchtesgaden abgeholzt waren, kamen findige Vision\u00e4re auf den Trichter, die Salzlauge nach Bad Reichenhall zu transportieren, wo es noch B\u00e4ume gab. Diese Leitung, bestehend aus tausenden von jeweils sechs Meter langen, per Handarbeit(!) ausgeh\u00f6hlten Baumst\u00e4mmen, findet sich noch heute an einigen Stellen neben dem \u201eSolewanderweg\u201c oberhalb des Ortes:<\/p>\n<p><img loading=\"lazy\" decoding=\"async\" class=\"size-full wp-image-12461\" src=\"https:\/\/jessel.de\/365-tage-sylt\/wp-content\/uploads\/2022\/09\/687F55E3-C2E0-476F-8230-5BED65553DFB.jpeg\" alt=\"\" width=\"1100\" height=\"800\" srcset=\"https:\/\/jessel.de\/365-tage-sylt\/wp-content\/uploads\/2022\/09\/687F55E3-C2E0-476F-8230-5BED65553DFB.jpeg 1100w, https:\/\/jessel.de\/365-tage-sylt\/wp-content\/uploads\/2022\/09\/687F55E3-C2E0-476F-8230-5BED65553DFB-300x218.jpeg 300w, https:\/\/jessel.de\/365-tage-sylt\/wp-content\/uploads\/2022\/09\/687F55E3-C2E0-476F-8230-5BED65553DFB-1024x745.jpeg 1024w, https:\/\/jessel.de\/365-tage-sylt\/wp-content\/uploads\/2022\/09\/687F55E3-C2E0-476F-8230-5BED65553DFB-768x559.jpeg 768w\" sizes=\"auto, (max-width: 1100px) 100vw, 1100px\" \/><\/p>\n<p>Dieser Wanderweg lohnt sich auch noch aus anderen Gr\u00fcnden, zum Beispiel wegen einiger Gletscherm\u00fchlen\u2026:<\/p>\n<p><img loading=\"lazy\" decoding=\"async\" class=\"size-full wp-image-12465\" src=\"https:\/\/jessel.de\/365-tage-sylt\/wp-content\/uploads\/2022\/09\/4B13E4A5-2823-4D73-9BD2-480A194D99A1.jpeg\" alt=\"\" width=\"1100\" height=\"800\" srcset=\"https:\/\/jessel.de\/365-tage-sylt\/wp-content\/uploads\/2022\/09\/4B13E4A5-2823-4D73-9BD2-480A194D99A1.jpeg 1100w, https:\/\/jessel.de\/365-tage-sylt\/wp-content\/uploads\/2022\/09\/4B13E4A5-2823-4D73-9BD2-480A194D99A1-300x218.jpeg 300w, https:\/\/jessel.de\/365-tage-sylt\/wp-content\/uploads\/2022\/09\/4B13E4A5-2823-4D73-9BD2-480A194D99A1-1024x745.jpeg 1024w, https:\/\/jessel.de\/365-tage-sylt\/wp-content\/uploads\/2022\/09\/4B13E4A5-2823-4D73-9BD2-480A194D99A1-768x559.jpeg 768w\" sizes=\"auto, (max-width: 1100px) 100vw, 1100px\" \/><\/p>\n<p>\u2026 und wegen der kostenlosen Verabreichung katholischer Glaubensgrunds\u00e4tze. Auf diesem g\u00fcldenen Torso steht wortw\u00f6rtlich: \u201eSelig die Armen sind vor Gott, denn Ihnen geh\u00f6rt der Himmel.\u201c Punkt. Noch Fragen? Hoffentlich nicht.<\/p>\n<p><img loading=\"lazy\" decoding=\"async\" class=\"size-full wp-image-12464\" src=\"https:\/\/jessel.de\/365-tage-sylt\/wp-content\/uploads\/2022\/09\/469D8DD1-D83E-4E4A-BDBD-BF4914938292.jpeg\" alt=\"\" width=\"1100\" height=\"800\" srcset=\"https:\/\/jessel.de\/365-tage-sylt\/wp-content\/uploads\/2022\/09\/469D8DD1-D83E-4E4A-BDBD-BF4914938292.jpeg 1100w, https:\/\/jessel.de\/365-tage-sylt\/wp-content\/uploads\/2022\/09\/469D8DD1-D83E-4E4A-BDBD-BF4914938292-300x218.jpeg 300w, https:\/\/jessel.de\/365-tage-sylt\/wp-content\/uploads\/2022\/09\/469D8DD1-D83E-4E4A-BDBD-BF4914938292-1024x745.jpeg 1024w, https:\/\/jessel.de\/365-tage-sylt\/wp-content\/uploads\/2022\/09\/469D8DD1-D83E-4E4A-BDBD-BF4914938292-768x559.jpeg 768w\" sizes=\"auto, (max-width: 1100px) 100vw, 1100px\" \/><\/p>\n<p>Und wer das nicht so sieht, f\u00fcr den gibt\u2019s was mit der Peitsche. Auch das sieht man\/frau hier alle paar hundert Meter:<\/p>\n<p><img loading=\"lazy\" decoding=\"async\" class=\"size-full wp-image-12463\" src=\"https:\/\/jessel.de\/365-tage-sylt\/wp-content\/uploads\/2022\/09\/CCB22EDD-7575-4701-B61B-C14DB66EB58B.jpeg\" alt=\"\" width=\"1100\" height=\"800\" srcset=\"https:\/\/jessel.de\/365-tage-sylt\/wp-content\/uploads\/2022\/09\/CCB22EDD-7575-4701-B61B-C14DB66EB58B.jpeg 1100w, https:\/\/jessel.de\/365-tage-sylt\/wp-content\/uploads\/2022\/09\/CCB22EDD-7575-4701-B61B-C14DB66EB58B-300x218.jpeg 300w, https:\/\/jessel.de\/365-tage-sylt\/wp-content\/uploads\/2022\/09\/CCB22EDD-7575-4701-B61B-C14DB66EB58B-1024x745.jpeg 1024w, https:\/\/jessel.de\/365-tage-sylt\/wp-content\/uploads\/2022\/09\/CCB22EDD-7575-4701-B61B-C14DB66EB58B-768x559.jpeg 768w\" sizes=\"auto, (max-width: 1100px) 100vw, 1100px\" \/><\/p>\n<p>Dazu bimmeln ringsherum die Kirchenglocken, eher viertel- als halbst\u00fcndlich, von morgens bis in die Nacht. So h\u00e4lt man seine Sch\u00e4fchen &#8211; im wahrsten Sinne des Wortes &#8211; im Zaume.<\/p>\n<p>&nbsp;<\/p>\n<p>&nbsp;<\/p>\n","protected":false},"excerpt":{"rendered":"<p>Der Mietzins f\u00fcr die Berchtesgadener Penthousewohnung mit Watzmann-Blick ist h\u00f6her als erwartet. Was liegt n\u00e4her, als sich in die Arbeitskolonne der \u00f6rtlichen Steinsalzmine einzureihen &#8211; ein harter, aber gut bezahlter Job. Nach einer kurzen Einweisung geht\u2019s in die unterirdische Maloche: Die Berchtesgadener Salzmine gibt\u2019s tats\u00e4chlich seit \u00fcber 500 Jahren. Dauerte es in fr\u00fcheren Zeiten noch 14 Tage, um die Stollen \u00fcberhaupt nur einen Meter tiefer unter das Gebirge zu treiben,&hellip;<\/p>\n","protected":false},"author":2,"featured_media":12455,"comment_status":"open","ping_status":"open","sticky":false,"template":"","format":"standard","meta":{"footnotes":""},"categories":[27,39,45,43,3,35,46,4,2,30,29,33],"tags":[],"class_list":["post-12454","post","type-post","status-publish","format-standard","has-post-thumbnail","hentry","category-alle-bilder","category-arbeit","category-fake-news","category-kulinarik","category-menschen","category-schlechtes-wetter","category-sommer","category-spuren","category-tourismus","category-tradition","category-verkehr","category-woanders"],"jetpack_featured_media_url":"https:\/\/jessel.de\/365-tage-sylt\/wp-content\/uploads\/2022\/09\/12D44823-9B24-48CF-95B3-827B06C3462E.jpeg","_links":{"self":[{"href":"https:\/\/jessel.de\/365-tage-sylt\/wp-json\/wp\/v2\/posts\/12454","targetHints":{"allow":["GET"]}}],"collection":[{"href":"https:\/\/jessel.de\/365-tage-sylt\/wp-json\/wp\/v2\/posts"}],"about":[{"href":"https:\/\/jessel.de\/365-tage-sylt\/wp-json\/wp\/v2\/types\/post"}],"author":[{"embeddable":true,"href":"https:\/\/jessel.de\/365-tage-sylt\/wp-json\/wp\/v2\/users\/2"}],"replies":[{"embeddable":true,"href":"https:\/\/jessel.de\/365-tage-sylt\/wp-json\/wp\/v2\/comments?post=12454"}],"version-history":[{"count":9,"href":"https:\/\/jessel.de\/365-tage-sylt\/wp-json\/wp\/v2\/posts\/12454\/revisions"}],"predecessor-version":[{"id":12470,"href":"https:\/\/jessel.de\/365-tage-sylt\/wp-json\/wp\/v2\/posts\/12454\/revisions\/12470"}],"wp:featuredmedia":[{"embeddable":true,"href":"https:\/\/jessel.de\/365-tage-sylt\/wp-json\/wp\/v2\/media\/12455"}],"wp:attachment":[{"href":"https:\/\/jessel.de\/365-tage-sylt\/wp-json\/wp\/v2\/media?parent=12454"}],"wp:term":[{"taxonomy":"category","embeddable":true,"href":"https:\/\/jessel.de\/365-tage-sylt\/wp-json\/wp\/v2\/categories?post=12454"},{"taxonomy":"post_tag","embeddable":true,"href":"https:\/\/jessel.de\/365-tage-sylt\/wp-json\/wp\/v2\/tags?post=12454"}],"curies":[{"name":"wp","href":"https:\/\/api.w.org\/{rel}","templated":true}]}}