{"id":12781,"date":"2022-10-27T17:57:47","date_gmt":"2022-10-27T17:57:47","guid":{"rendered":"https:\/\/jessel.de\/365-tage-sylt\/?p=12781"},"modified":"2022-10-27T17:59:06","modified_gmt":"2022-10-27T17:59:06","slug":"27-oktober-pausen-programm","status":"publish","type":"post","link":"https:\/\/jessel.de\/365-tage-sylt\/27-oktober-pausen-programm\/","title":{"rendered":"27. Oktober: Pausen-Programm"},"content":{"rendered":"<p>Normalerweise finden die Bildauswahlen f\u00fcr die \u201en\u00e4chstj\u00e4hrigen\u201c Kalender (in diesem Fall also 2024) bis sp\u00e4testens M\u00e4rz des Vorjahres statt. Aber in den letzten Jahren sind Termine immer weiter vorgezogen worden, mittlerweile in den Oktober des Vorvorjahres, also jetzt.<\/p>\n<p>Da ist es gut, mit Knieschmerzen zuhause abzuh\u00e4ngen und jede Menge Zeit zu haben. Heute (und in den n\u00e4chsten Tagen) steht der gro\u00dfe MEERLANDSCHAFT-Panoramakalender auf dem Programm, f\u00fcr den der heutige Blogtitel auch das Titelbild wird. Zu den Fotografien dieses Kalenders verfasse ich l\u00e4ngere Bildunterschriften, in diesem Fall diese:<\/p>\n<p class=\"p1\"><span class=\"s1\">\u201eTitel<\/span><\/p>\n<p class=\"p1\"><span class=\"s1\">Strandk\u00f6rbe nach st\u00fcrmischen Tagen<\/span><\/p>\n<p class=\"p1\"><span class=\"s1\">Wie ich mich freue, dieses Motiv noch einmal als Titelbild des MEERLANDSCHAFT-Kalenders zu sehen! Es entstand bereits im Jahre 1997, nat\u00fcrlich analog. Aufgenommen mit einer LINHOF 6\/17cm &#8211; Panoramakamera auf Fuji Velvia-Rollfilm, DAS waren noch Zeiten! Wenn ich bei sieben bis acht Windst\u00e4rken und Belichtungszeiten um die zwei Sekunden nur EIN unverwackeltes Ergebnis in H\u00e4nden halten durfte, konnte ich mich gl\u00fccklich sch\u00e4tzen. F\u00fcr mich z\u00e4hlt dieses eingefangene Szenario zu den zehn gelungensten meiner 45-j\u00e4hrigen Laufbahn als freier Fotograf. Sylt vom allerfeinsten! Herrlich!\u201c<\/span><\/p>\n","protected":false},"excerpt":{"rendered":"<p>Normalerweise finden die Bildauswahlen f\u00fcr die \u201en\u00e4chstj\u00e4hrigen\u201c Kalender (in diesem Fall also 2024) bis sp\u00e4testens M\u00e4rz des Vorjahres statt. Aber in den letzten Jahren sind Termine immer weiter vorgezogen worden, mittlerweile in den Oktober des Vorvorjahres, also jetzt. Da ist es gut, mit Knieschmerzen zuhause abzuh\u00e4ngen und jede Menge Zeit zu haben. Heute (und in den n\u00e4chsten Tagen) steht der gro\u00dfe MEERLANDSCHAFT-Panoramakalender auf dem Programm, f\u00fcr den der heutige Blogtitel&hellip;<\/p>\n","protected":false},"author":2,"featured_media":12782,"comment_status":"open","ping_status":"open","sticky":false,"template":"","format":"standard","meta":{"footnotes":""},"categories":[27,39,24,48,44,35,4,26,49,2,7],"tags":[],"class_list":["post-12781","post","type-post","status-publish","format-standard","has-post-thumbnail","hentry","category-alle-bilder","category-arbeit","category-duenen","category-herbst","category-pflanzen","category-schlechtes-wetter","category-spuren","category-strand","category-sturm","category-tourismus","category-westerland"],"jetpack_featured_media_url":"https:\/\/jessel.de\/365-tage-sylt\/wp-content\/uploads\/2022\/10\/F687D0CE-6CD4-4988-A6DB-878B95F0F1BA.jpeg","_links":{"self":[{"href":"https:\/\/jessel.de\/365-tage-sylt\/wp-json\/wp\/v2\/posts\/12781","targetHints":{"allow":["GET"]}}],"collection":[{"href":"https:\/\/jessel.de\/365-tage-sylt\/wp-json\/wp\/v2\/posts"}],"about":[{"href":"https:\/\/jessel.de\/365-tage-sylt\/wp-json\/wp\/v2\/types\/post"}],"author":[{"embeddable":true,"href":"https:\/\/jessel.de\/365-tage-sylt\/wp-json\/wp\/v2\/users\/2"}],"replies":[{"embeddable":true,"href":"https:\/\/jessel.de\/365-tage-sylt\/wp-json\/wp\/v2\/comments?post=12781"}],"version-history":[{"count":3,"href":"https:\/\/jessel.de\/365-tage-sylt\/wp-json\/wp\/v2\/posts\/12781\/revisions"}],"predecessor-version":[{"id":12785,"href":"https:\/\/jessel.de\/365-tage-sylt\/wp-json\/wp\/v2\/posts\/12781\/revisions\/12785"}],"wp:featuredmedia":[{"embeddable":true,"href":"https:\/\/jessel.de\/365-tage-sylt\/wp-json\/wp\/v2\/media\/12782"}],"wp:attachment":[{"href":"https:\/\/jessel.de\/365-tage-sylt\/wp-json\/wp\/v2\/media?parent=12781"}],"wp:term":[{"taxonomy":"category","embeddable":true,"href":"https:\/\/jessel.de\/365-tage-sylt\/wp-json\/wp\/v2\/categories?post=12781"},{"taxonomy":"post_tag","embeddable":true,"href":"https:\/\/jessel.de\/365-tage-sylt\/wp-json\/wp\/v2\/tags?post=12781"}],"curies":[{"name":"wp","href":"https:\/\/api.w.org\/{rel}","templated":true}]}}