{"id":12859,"date":"2022-11-13T17:19:18","date_gmt":"2022-11-13T17:19:18","guid":{"rendered":"https:\/\/jessel.de\/365-tage-sylt\/?p=12859"},"modified":"2022-11-13T17:44:42","modified_gmt":"2022-11-13T17:44:42","slug":"13-november-die-jungen-jahre","status":"publish","type":"post","link":"https:\/\/jessel.de\/365-tage-sylt\/13-november-die-jungen-jahre\/","title":{"rendered":"13. November: Die jungen 1980er Jahre\u2026"},"content":{"rendered":"<p>Wasserhose an der Sylter S\u00fcdspitze<\/p>\n<p>Fragen von Bloglesern: \u201cHans, wie kam es zu Deiner Affinit\u00e4t zum Wein?<\/p>\n<p>In meinem Elternhaus wurde immer schon gerne Wein getrunken. Wir hatten famili\u00e4r einen bereits jahrzehntelangen Kontakt zu einem Familienweingut in Lorch im Rheingau, und ich durfte, wenn eine Lieferung gekommen war, \u00a0schon als Achtj\u00e4hriger die Flaschen im Keller einsortieren. Das pr\u00e4gt!<\/p>\n<p>\u201cWarum das Studium der Geografie?\u201c<\/p>\n<p>Ich hatte vergessen zu erw\u00e4hnen, da\u00df ich mich nach dem Zivildienst zun\u00e4chst f\u00fcr ein Semester als \u201eGasth\u00f6rer\u201c an der Kieler Uni eingeschrieben hatte. Dieses Semester nutzte ich, um mich in diversen Fakult\u00e4ten umzusehen und Vorlesungen zu besuchen. Zur Auswahl standen letztlich Geologie, Biologie und Geografie. F\u00fcr letzteres Fach entschied ich mich, weil ich dort passgenaue Nebenf\u00e4cher w\u00e4hlen konnte, und zwar Meereszoologie (mit wunderbaren Ausfahrten auf Forschungsschiffen!) und Landschafts\u00f6kologie (falls ich doch noch eine T\u00e4tigkeit im Naturschutz aus\u00fcben sollte).<\/p>\n<p>Ich erinnere mich gut, wie ich Anfang der 1980er Jahre drauf war. So marschierte ich zu Frank Rosemann zum wenige Jahre vorher gegr\u00fcndeten Eiland Verlag, erz\u00e4hlte dem baffen Verleger, welche Motive aus seinem aktuellen 1982er Sylt-Kalender mir nicht gefielen, und welche ich stattdessen zuk\u00fcnftig empfehlen w\u00fcrde &#8211; n\u00e4mlich meine. Das kam nicht so richtig gut an, zumal diese monierten Fotos von Franks Ehefrau stammten. Und ich f\u00fcrchte noch im Nachherein, da\u00df ich sogar den Begriff \u201eHausfrauenfotografie\u201c loslie\u00df &#8211; na gratuliere. Ein Diplomat war ich noch nie.<\/p>\n<p>Aber Frank, selber eine K\u00fcnstlernatur, erkannte recht flink, da\u00df da Einer \u201ebrennt\u201c &#8211; und der Einstieg beim Eiland Verlag war geschafft. Im Folgejahr erschienen erste Motive von mir. Ich wei\u00df aus dem Stehgreif nicht mehr, ab wann ich den Eiland SYLT-Kalender komplett bebilderte, 1985 oder 1986 w\u00fcrde ich mal behaupten. Mit dem Verlag bin ich also seit 40 Jahren \u201everheiratet\u201c.<\/p>\n<p>Mit dem Geografiestudium glaubte ich auch, meinen Reisehunger stillen zu k\u00f6nnen. St\u00e4ndig wurden k\u00fcrzere oder auch l\u00e4ngere Exkursionen angeboten, auf einer bodenkundlichen Tour nach Holland im Jahr 1983 klingelte es zwischen mir und meiner sp\u00e4teren\/heutigen Frau Silke, womit sich dieses Studium schon mal gelohnt hatte.<br \/>\n<img loading=\"lazy\" decoding=\"async\" class=\"alignnone size-full wp-image-12849\" src=\"https:\/\/jessel.de\/365-tage-sylt\/wp-content\/uploads\/2022\/11\/AB172F6C-9304-44F1-829E-712917CEDA82.jpeg\" alt=\"\" width=\"1231\" height=\"800\" srcset=\"https:\/\/jessel.de\/365-tage-sylt\/wp-content\/uploads\/2022\/11\/AB172F6C-9304-44F1-829E-712917CEDA82.jpeg 1231w, https:\/\/jessel.de\/365-tage-sylt\/wp-content\/uploads\/2022\/11\/AB172F6C-9304-44F1-829E-712917CEDA82-300x195.jpeg 300w, https:\/\/jessel.de\/365-tage-sylt\/wp-content\/uploads\/2022\/11\/AB172F6C-9304-44F1-829E-712917CEDA82-1024x665.jpeg 1024w, https:\/\/jessel.de\/365-tage-sylt\/wp-content\/uploads\/2022\/11\/AB172F6C-9304-44F1-829E-712917CEDA82-768x499.jpeg 768w\" sizes=\"auto, (max-width: 1231px) 100vw, 1231px\" \/><br \/>\nSilke und Reisegep\u00e4ck auf der Flughafenterrasse in Horta auf der Insel Faial w\u00e4hrend einer Flugversp\u00e4tung nach Flores.<\/p>\n<p>Die Sache mit der Reiseschriftstellerei war immer noch nicht gegessen. So besuchte ich gerne die winterabends angebotenen Diavortr\u00e4ge von mehr oder weniger namhaften Weltenbummlern, zum Beispiel Arved Fuchs, die im Kieler \u201eGloby-Club\u201c pr\u00e4sentiert wurden. Und besa\u00df die Chuszpe, mich mit einem Sylt-Vortrag zu bewerben\u2026 der dann nicht nur ausverkauft war, sondern \u00fcberraschend gut ankam. Im anschlie\u00dfenden Gespr\u00e4ch mit dem Veranstalter, der gleichzeitig als Chef eines Reisebuch-Verlages wirkte, erw\u00e4hnte ich im Nebensatz, da\u00df wir beabsichtigten, im Rahmen von Silkes Diplomarbeit f\u00fcr drei Monate auf die Azoren zu fliegen &#8211; und bekam spontan das Angebot, einen Reisef\u00fchrer \u00fcber das Portugiesische Archipel zu schreiben. Bingo!<\/p>\n<p><img loading=\"lazy\" decoding=\"async\" class=\"alignnone size-full wp-image-12862\" src=\"https:\/\/jessel.de\/365-tage-sylt\/wp-content\/uploads\/2022\/11\/670535B0-8F0C-42A6-A5AA-C5509E40B752.jpeg\" alt=\"\" width=\"800\" height=\"1100\" srcset=\"https:\/\/jessel.de\/365-tage-sylt\/wp-content\/uploads\/2022\/11\/670535B0-8F0C-42A6-A5AA-C5509E40B752.jpeg 800w, https:\/\/jessel.de\/365-tage-sylt\/wp-content\/uploads\/2022\/11\/670535B0-8F0C-42A6-A5AA-C5509E40B752-218x300.jpeg 218w, https:\/\/jessel.de\/365-tage-sylt\/wp-content\/uploads\/2022\/11\/670535B0-8F0C-42A6-A5AA-C5509E40B752-745x1024.jpeg 745w, https:\/\/jessel.de\/365-tage-sylt\/wp-content\/uploads\/2022\/11\/670535B0-8F0C-42A6-A5AA-C5509E40B752-768x1056.jpeg 768w\" sizes=\"auto, (max-width: 800px) 100vw, 800px\" \/><\/p>\n<p>Ich erz\u00e4hle diese scheinbaren Nebens\u00e4chlichkeiten hier eigentlich nur, um zu beschreiben, da\u00df ich bis Mitte der 1980er Jahre eigentlich nicht plante, meinen Lebensabend auf Sylt zu verbringen, was sich nach Silkes Abschluss und ihrer dann schnell folgenden Anstellung im Sylter Heimatmuseum \u00e4ndern sollte.<\/p>\n<p>Wenn ich dann auf der Insel unterwegs war, fotografierte ich am liebsten spektakul\u00e4re Naturdramen\u2026:<\/p>\n<p><img loading=\"lazy\" decoding=\"async\" class=\"alignnone size-full wp-image-12847\" src=\"https:\/\/jessel.de\/365-tage-sylt\/wp-content\/uploads\/2022\/11\/3C6DABDF-570D-47D9-80D8-93B503716E18.jpeg\" alt=\"\" width=\"1200\" height=\"800\" srcset=\"https:\/\/jessel.de\/365-tage-sylt\/wp-content\/uploads\/2022\/11\/3C6DABDF-570D-47D9-80D8-93B503716E18.jpeg 1200w, https:\/\/jessel.de\/365-tage-sylt\/wp-content\/uploads\/2022\/11\/3C6DABDF-570D-47D9-80D8-93B503716E18-300x200.jpeg 300w, https:\/\/jessel.de\/365-tage-sylt\/wp-content\/uploads\/2022\/11\/3C6DABDF-570D-47D9-80D8-93B503716E18-1024x683.jpeg 1024w, https:\/\/jessel.de\/365-tage-sylt\/wp-content\/uploads\/2022\/11\/3C6DABDF-570D-47D9-80D8-93B503716E18-768x512.jpeg 768w\" sizes=\"auto, (max-width: 1200px) 100vw, 1200px\" \/><\/p>\n<p>\u2026 die es nur in Eiland-Kalender schafften, wenn sie eine gewisse Idylle vermittelten\u2026:<\/p>\n<p><img loading=\"lazy\" decoding=\"async\" class=\"alignnone size-full wp-image-12851\" src=\"https:\/\/jessel.de\/365-tage-sylt\/wp-content\/uploads\/2022\/11\/E4CB4E1D-E9A3-45E6-9B55-A8040B841C88.jpeg\" alt=\"\" width=\"1221\" height=\"800\" srcset=\"https:\/\/jessel.de\/365-tage-sylt\/wp-content\/uploads\/2022\/11\/E4CB4E1D-E9A3-45E6-9B55-A8040B841C88.jpeg 1221w, https:\/\/jessel.de\/365-tage-sylt\/wp-content\/uploads\/2022\/11\/E4CB4E1D-E9A3-45E6-9B55-A8040B841C88-300x197.jpeg 300w, https:\/\/jessel.de\/365-tage-sylt\/wp-content\/uploads\/2022\/11\/E4CB4E1D-E9A3-45E6-9B55-A8040B841C88-1024x671.jpeg 1024w, https:\/\/jessel.de\/365-tage-sylt\/wp-content\/uploads\/2022\/11\/E4CB4E1D-E9A3-45E6-9B55-A8040B841C88-768x503.jpeg 768w\" sizes=\"auto, (max-width: 1221px) 100vw, 1221px\" \/><\/p>\n<p>\u2026 oder Humor\u2026:<\/p>\n<p><img loading=\"lazy\" decoding=\"async\" class=\"alignnone size-full wp-image-12853\" src=\"https:\/\/jessel.de\/365-tage-sylt\/wp-content\/uploads\/2022\/11\/5C54EDC3-33B5-49A9-BF90-B6A873B87214.jpeg\" alt=\"\" width=\"825\" height=\"800\" srcset=\"https:\/\/jessel.de\/365-tage-sylt\/wp-content\/uploads\/2022\/11\/5C54EDC3-33B5-49A9-BF90-B6A873B87214.jpeg 825w, https:\/\/jessel.de\/365-tage-sylt\/wp-content\/uploads\/2022\/11\/5C54EDC3-33B5-49A9-BF90-B6A873B87214-300x291.jpeg 300w, https:\/\/jessel.de\/365-tage-sylt\/wp-content\/uploads\/2022\/11\/5C54EDC3-33B5-49A9-BF90-B6A873B87214-768x745.jpeg 768w\" sizes=\"auto, (max-width: 825px) 100vw, 825px\" \/><\/p>\n<p>\u2026 oder am besten gleich beides:<\/p>\n<p><img loading=\"lazy\" decoding=\"async\" class=\"alignnone size-full wp-image-12854\" src=\"https:\/\/jessel.de\/365-tage-sylt\/wp-content\/uploads\/2022\/11\/CE4CBEFA-0903-43B7-80B3-22545C3F3623.jpeg\" alt=\"\" width=\"1022\" height=\"800\" srcset=\"https:\/\/jessel.de\/365-tage-sylt\/wp-content\/uploads\/2022\/11\/CE4CBEFA-0903-43B7-80B3-22545C3F3623.jpeg 1022w, https:\/\/jessel.de\/365-tage-sylt\/wp-content\/uploads\/2022\/11\/CE4CBEFA-0903-43B7-80B3-22545C3F3623-300x235.jpeg 300w, https:\/\/jessel.de\/365-tage-sylt\/wp-content\/uploads\/2022\/11\/CE4CBEFA-0903-43B7-80B3-22545C3F3623-768x601.jpeg 768w\" sizes=\"auto, (max-width: 1022px) 100vw, 1022px\" \/><\/p>\n<p>Zwei ganz wesentliche Erfahrungen fehlten mir noch, die mich letztlich bewogen, mich fast g\u00e4nzlich meiner Heimatinsel zu widmen. Um diese geht es morgen\u2026<\/p>\n","protected":false},"excerpt":{"rendered":"<p>Wasserhose an der Sylter S\u00fcdspitze Fragen von Bloglesern: \u201cHans, wie kam es zu Deiner Affinit\u00e4t zum Wein? In meinem Elternhaus wurde immer schon gerne Wein getrunken. Wir hatten famili\u00e4r einen bereits jahrzehntelangen Kontakt zu einem Familienweingut in Lorch im Rheingau, und ich durfte, wenn eine Lieferung gekommen war, \u00a0schon als Achtj\u00e4hriger die Flaschen im Keller einsortieren. Das pr\u00e4gt! \u201cWarum das Studium der Geografie?\u201c Ich hatte vergessen zu erw\u00e4hnen, da\u00df ich&hellip;<\/p>\n","protected":false},"author":2,"featured_media":12852,"comment_status":"open","ping_status":"open","sticky":false,"template":"","format":"standard","meta":{"footnotes":""},"categories":[27,39,24,1,3,35,49],"tags":[],"class_list":["post-12859","post","type-post","status-publish","format-standard","has-post-thumbnail","hentry","category-alle-bilder","category-arbeit","category-duenen","category-uncategorized","category-menschen","category-schlechtes-wetter","category-sturm"],"jetpack_featured_media_url":"https:\/\/jessel.de\/365-tage-sylt\/wp-content\/uploads\/2022\/11\/889EF602-5DB0-4B3F-99A6-52219493EBE0.jpeg","_links":{"self":[{"href":"https:\/\/jessel.de\/365-tage-sylt\/wp-json\/wp\/v2\/posts\/12859","targetHints":{"allow":["GET"]}}],"collection":[{"href":"https:\/\/jessel.de\/365-tage-sylt\/wp-json\/wp\/v2\/posts"}],"about":[{"href":"https:\/\/jessel.de\/365-tage-sylt\/wp-json\/wp\/v2\/types\/post"}],"author":[{"embeddable":true,"href":"https:\/\/jessel.de\/365-tage-sylt\/wp-json\/wp\/v2\/users\/2"}],"replies":[{"embeddable":true,"href":"https:\/\/jessel.de\/365-tage-sylt\/wp-json\/wp\/v2\/comments?post=12859"}],"version-history":[{"count":9,"href":"https:\/\/jessel.de\/365-tage-sylt\/wp-json\/wp\/v2\/posts\/12859\/revisions"}],"predecessor-version":[{"id":12869,"href":"https:\/\/jessel.de\/365-tage-sylt\/wp-json\/wp\/v2\/posts\/12859\/revisions\/12869"}],"wp:featuredmedia":[{"embeddable":true,"href":"https:\/\/jessel.de\/365-tage-sylt\/wp-json\/wp\/v2\/media\/12852"}],"wp:attachment":[{"href":"https:\/\/jessel.de\/365-tage-sylt\/wp-json\/wp\/v2\/media?parent=12859"}],"wp:term":[{"taxonomy":"category","embeddable":true,"href":"https:\/\/jessel.de\/365-tage-sylt\/wp-json\/wp\/v2\/categories?post=12859"},{"taxonomy":"post_tag","embeddable":true,"href":"https:\/\/jessel.de\/365-tage-sylt\/wp-json\/wp\/v2\/tags?post=12859"}],"curies":[{"name":"wp","href":"https:\/\/api.w.org\/{rel}","templated":true}]}}