{"id":12948,"date":"2022-11-22T17:15:34","date_gmt":"2022-11-22T17:15:34","guid":{"rendered":"https:\/\/jessel.de\/365-tage-sylt\/?p=12948"},"modified":"2022-11-22T17:46:45","modified_gmt":"2022-11-22T17:46:45","slug":"22-november-no-sun-no-fun","status":"publish","type":"post","link":"https:\/\/jessel.de\/365-tage-sylt\/22-november-no-sun-no-fun\/","title":{"rendered":"22. November: \u201eNo sun &#8211; no fun!\u201c"},"content":{"rendered":"<p>Zum ersten Mal nass werde ich bereits lange vor Sonnenaufgang. Und gerade bin ich halbwegs trocken, erwischt es mich noch einmal\u2026 \u201eSelbst Schuld\u201c, sagt in diesem Falle der nicht ausrottbare Kritiker, aber ich sitze nun mal nicht gerne im Ganzk\u00f6rper-Pr\u00e4ser aufm Fahrrad.<\/p>\n<p>Jedenfalls f\u00e4llt bereits vor der mitt\u00e4glichen Rote Linsen- Kokossuppe die Entscheidung, heute \u00fcberhaupt nicht mehr vor die T\u00fcre zu gehen, was ich bis jetzt (18 Uhr) auch nicht EINE Sekunde bereut habe.<\/p>\n<p>Warum auch!? \u00dcberreichte mir doch eine wohlgesonnene Blogleserin beim gestrigabendlichen vorweihnachtlichen Keksebacken freundlicherweise ein weiteres Werk von Paul Theroux zur Ausleihe, das mich von der ersten Seite an gefangen nimmt. Na super, diesmal sogar \u00fcber 700 Seiten! Und das, obwohl es nicht um eine -zigtausend Kilometer lange Zugfahrt geht bzw. gehen kann:<\/p>\n<p><img loading=\"lazy\" decoding=\"async\" class=\"alignnone size-full wp-image-12949\" src=\"https:\/\/jessel.de\/365-tage-sylt\/wp-content\/uploads\/2022\/11\/5165D622-50D4-46EB-9E0F-F09687E9E99A.jpeg\" alt=\"\" width=\"1100\" height=\"800\" srcset=\"https:\/\/jessel.de\/365-tage-sylt\/wp-content\/uploads\/2022\/11\/5165D622-50D4-46EB-9E0F-F09687E9E99A.jpeg 1100w, https:\/\/jessel.de\/365-tage-sylt\/wp-content\/uploads\/2022\/11\/5165D622-50D4-46EB-9E0F-F09687E9E99A-300x218.jpeg 300w, https:\/\/jessel.de\/365-tage-sylt\/wp-content\/uploads\/2022\/11\/5165D622-50D4-46EB-9E0F-F09687E9E99A-1024x745.jpeg 1024w, https:\/\/jessel.de\/365-tage-sylt\/wp-content\/uploads\/2022\/11\/5165D622-50D4-46EB-9E0F-F09687E9E99A-768x559.jpeg 768w\" sizes=\"auto, (max-width: 1100px) 100vw, 1100px\" \/><\/p>\n<p>Zwar hege ich weder die Absicht &#8211; noch h\u00e4tte ich \u00fcberhaupt Lust &#8211; zum Erkunden der pazifischen Inselwelten, daf\u00fcr sind es alleine die philosophischen Zwischenanmerkungen Theroux\u2019, die das Lesen f\u00fcr mich zum Genuss machen. Denn die M\u00e4r von der \u201eFlucht vor dem eigenen ich\u201c h\u00f6rte ich als Gatte einer Vollblut-Altl\u00e4nderin, die um Jahrhunderte fester mit der Erde verankert ist als jeder neuseel\u00e4ndische Granny Smith, \u00a0innerhalb der zur\u00fcckliegenden 33 Ehejahre wohl eher h\u00e4ufiger als einhundert Mal. W\u00e4hrend mir die \u201eErfahrung von tiefer Vergangenheitssehnsucht\u201c, die \u201egeistige R\u00fcckkehr in ein fr\u00fcheres Lebensstadium\u201c oder gar die \u201eEinsicht in manch\u2018 schwerwiegenden Fehler\u201c aus der distanzierten Sicht der Fremde definitiv geschmeidiger durch die cerebralen Windungen laufen:<\/p>\n<p><img loading=\"lazy\" decoding=\"async\" class=\"alignnone size-full wp-image-12950\" src=\"https:\/\/jessel.de\/365-tage-sylt\/wp-content\/uploads\/2022\/11\/5C071BE7-9301-4214-B041-306F73536917.jpeg\" alt=\"\" width=\"1100\" height=\"800\" srcset=\"https:\/\/jessel.de\/365-tage-sylt\/wp-content\/uploads\/2022\/11\/5C071BE7-9301-4214-B041-306F73536917.jpeg 1100w, https:\/\/jessel.de\/365-tage-sylt\/wp-content\/uploads\/2022\/11\/5C071BE7-9301-4214-B041-306F73536917-300x218.jpeg 300w, https:\/\/jessel.de\/365-tage-sylt\/wp-content\/uploads\/2022\/11\/5C071BE7-9301-4214-B041-306F73536917-1024x745.jpeg 1024w, https:\/\/jessel.de\/365-tage-sylt\/wp-content\/uploads\/2022\/11\/5C071BE7-9301-4214-B041-306F73536917-768x559.jpeg 768w\" sizes=\"auto, (max-width: 1100px) 100vw, 1100px\" \/><\/p>\n","protected":false},"excerpt":{"rendered":"<p>Zum ersten Mal nass werde ich bereits lange vor Sonnenaufgang. Und gerade bin ich halbwegs trocken, erwischt es mich noch einmal\u2026 \u201eSelbst Schuld\u201c, sagt in diesem Falle der nicht ausrottbare Kritiker, aber ich sitze nun mal nicht gerne im Ganzk\u00f6rper-Pr\u00e4ser aufm Fahrrad. Jedenfalls f\u00e4llt bereits vor der mitt\u00e4glichen Rote Linsen- Kokossuppe die Entscheidung, heute \u00fcberhaupt nicht mehr vor die T\u00fcre zu gehen, was ich bis jetzt (18 Uhr) auch nicht&hellip;<\/p>\n","protected":false},"author":2,"featured_media":12952,"comment_status":"open","ping_status":"open","sticky":false,"template":"","format":"standard","meta":{"footnotes":""},"categories":[27,39,48,25,35,26,40],"tags":[],"class_list":["post-12948","post","type-post","status-publish","format-standard","has-post-thumbnail","hentry","category-alle-bilder","category-arbeit","category-herbst","category-kampen","category-schlechtes-wetter","category-strand","category-tiere"],"jetpack_featured_media_url":"https:\/\/jessel.de\/365-tage-sylt\/wp-content\/uploads\/2022\/11\/3CB94E7A-6EF6-44F1-9758-3F7C1C2DE0F3.jpeg","_links":{"self":[{"href":"https:\/\/jessel.de\/365-tage-sylt\/wp-json\/wp\/v2\/posts\/12948","targetHints":{"allow":["GET"]}}],"collection":[{"href":"https:\/\/jessel.de\/365-tage-sylt\/wp-json\/wp\/v2\/posts"}],"about":[{"href":"https:\/\/jessel.de\/365-tage-sylt\/wp-json\/wp\/v2\/types\/post"}],"author":[{"embeddable":true,"href":"https:\/\/jessel.de\/365-tage-sylt\/wp-json\/wp\/v2\/users\/2"}],"replies":[{"embeddable":true,"href":"https:\/\/jessel.de\/365-tage-sylt\/wp-json\/wp\/v2\/comments?post=12948"}],"version-history":[{"count":12,"href":"https:\/\/jessel.de\/365-tage-sylt\/wp-json\/wp\/v2\/posts\/12948\/revisions"}],"predecessor-version":[{"id":12964,"href":"https:\/\/jessel.de\/365-tage-sylt\/wp-json\/wp\/v2\/posts\/12948\/revisions\/12964"}],"wp:featuredmedia":[{"embeddable":true,"href":"https:\/\/jessel.de\/365-tage-sylt\/wp-json\/wp\/v2\/media\/12952"}],"wp:attachment":[{"href":"https:\/\/jessel.de\/365-tage-sylt\/wp-json\/wp\/v2\/media?parent=12948"}],"wp:term":[{"taxonomy":"category","embeddable":true,"href":"https:\/\/jessel.de\/365-tage-sylt\/wp-json\/wp\/v2\/categories?post=12948"},{"taxonomy":"post_tag","embeddable":true,"href":"https:\/\/jessel.de\/365-tage-sylt\/wp-json\/wp\/v2\/tags?post=12948"}],"curies":[{"name":"wp","href":"https:\/\/api.w.org\/{rel}","templated":true}]}}