{"id":1312,"date":"2017-06-04T16:44:57","date_gmt":"2017-06-04T16:44:57","guid":{"rendered":"http:\/\/jessel.de\/365-tage-sylt\/?p=1312"},"modified":"2017-06-04T17:05:05","modified_gmt":"2017-06-04T17:05:05","slug":"na-dann-froehliche-pfingsten","status":"publish","type":"post","link":"https:\/\/jessel.de\/365-tage-sylt\/na-dann-froehliche-pfingsten\/","title":{"rendered":"Na dann fr\u00f6hliche Pfingsten&#8230;!"},"content":{"rendered":"<p>Kein Fotowetter in der Pfingstsonntags-Fr\u00fche. Da kann der Blogger doch auch mal entspannt \u00a0ausschlafen &#8211; bis 6 Uhr zumindest&#8230; \ud83d\ude09 . Dann eine Gymnastikrunde am Strand,\u00a0\u00a0leckeres\u00a0Fr\u00fchst\u00fcck&#8230; anschlie\u00dfend mal in Westerland gucken, wie der Sylter Pfingstgast den Morgen einl\u00e4utet:<\/p>\n<p><img loading=\"lazy\" decoding=\"async\" class=\"alignnone size-full wp-image-1316\" src=\"http:\/\/jessel.de\/365-tage-sylt\/wp-content\/uploads\/2017\/06\/L1006344.jpg\" alt=\"\" width=\"1203\" height=\"800\" srcset=\"https:\/\/jessel.de\/365-tage-sylt\/wp-content\/uploads\/2017\/06\/L1006344.jpg 1203w, https:\/\/jessel.de\/365-tage-sylt\/wp-content\/uploads\/2017\/06\/L1006344-300x200.jpg 300w, https:\/\/jessel.de\/365-tage-sylt\/wp-content\/uploads\/2017\/06\/L1006344-768x511.jpg 768w, https:\/\/jessel.de\/365-tage-sylt\/wp-content\/uploads\/2017\/06\/L1006344-1024x681.jpg 1024w\" sizes=\"auto, (max-width: 1203px) 100vw, 1203px\" \/><\/p>\n<p>Aaaaahja. Fl\u00fcchten oder Standhalten.<\/p>\n<p><img loading=\"lazy\" decoding=\"async\" class=\"alignnone size-full wp-image-1313\" src=\"http:\/\/jessel.de\/365-tage-sylt\/wp-content\/uploads\/2017\/06\/L1006339.jpg\" alt=\"\" width=\"1203\" height=\"800\" srcset=\"https:\/\/jessel.de\/365-tage-sylt\/wp-content\/uploads\/2017\/06\/L1006339.jpg 1203w, https:\/\/jessel.de\/365-tage-sylt\/wp-content\/uploads\/2017\/06\/L1006339-300x200.jpg 300w, https:\/\/jessel.de\/365-tage-sylt\/wp-content\/uploads\/2017\/06\/L1006339-768x511.jpg 768w, https:\/\/jessel.de\/365-tage-sylt\/wp-content\/uploads\/2017\/06\/L1006339-1024x681.jpg 1024w\" sizes=\"auto, (max-width: 1203px) 100vw, 1203px\" \/><\/p>\n<p>Ach so. Warten auf Godot.<\/p>\n<p><img loading=\"lazy\" decoding=\"async\" class=\"alignnone size-full wp-image-1315\" src=\"http:\/\/jessel.de\/365-tage-sylt\/wp-content\/uploads\/2017\/06\/L1006341.jpg\" alt=\"\" width=\"1449\" height=\"800\" srcset=\"https:\/\/jessel.de\/365-tage-sylt\/wp-content\/uploads\/2017\/06\/L1006341.jpg 1449w, https:\/\/jessel.de\/365-tage-sylt\/wp-content\/uploads\/2017\/06\/L1006341-300x166.jpg 300w, https:\/\/jessel.de\/365-tage-sylt\/wp-content\/uploads\/2017\/06\/L1006341-768x424.jpg 768w, https:\/\/jessel.de\/365-tage-sylt\/wp-content\/uploads\/2017\/06\/L1006341-1024x565.jpg 1024w\" sizes=\"auto, (max-width: 1449px) 100vw, 1449px\" \/><\/p>\n<p>Br\u00f6tchen-High noon so gegen 9:15 Uhr. Aber 50.000 G\u00e4ste \u00fcber die Feiertage steckt Sylt doch spielend weg. Und die Infrastruktur f\u00fcr das Festtags-Shopping stimmt auch. Hier ein Verbrauchermarkt kurz vor Laden\u00f6ffnung um 10:45 Uhr:<\/p>\n<p><img loading=\"lazy\" decoding=\"async\" class=\"alignnone size-full wp-image-1317\" src=\"http:\/\/jessel.de\/365-tage-sylt\/wp-content\/uploads\/2017\/06\/L1006358-Panorama.jpg\" alt=\"\" width=\"2040\" height=\"800\" srcset=\"https:\/\/jessel.de\/365-tage-sylt\/wp-content\/uploads\/2017\/06\/L1006358-Panorama.jpg 2040w, https:\/\/jessel.de\/365-tage-sylt\/wp-content\/uploads\/2017\/06\/L1006358-Panorama-300x118.jpg 300w, https:\/\/jessel.de\/365-tage-sylt\/wp-content\/uploads\/2017\/06\/L1006358-Panorama-768x301.jpg 768w, https:\/\/jessel.de\/365-tage-sylt\/wp-content\/uploads\/2017\/06\/L1006358-Panorama-1024x402.jpg 1024w\" sizes=\"auto, (max-width: 2040px) 100vw, 2040px\" \/><\/p>\n<p>Passt schon. Die professionellen Touristiker der Insel betonen gerne, dass der Sylter Gast die Individualit\u00e4t zu sch\u00e4tzen wisse. &#8222;Massentourismus&#8220;? Wo!? Woanders ja, aber doch NICHT\u00a0auf dieser Insel!<\/p>\n<p>&nbsp;<\/p>\n","protected":false},"excerpt":{"rendered":"<p>Kein Fotowetter in der Pfingstsonntags-Fr\u00fche. Da kann der Blogger doch auch mal entspannt \u00a0ausschlafen &#8211; bis 6 Uhr zumindest&#8230; \ud83d\ude09 . Dann eine Gymnastikrunde am Strand,\u00a0\u00a0leckeres\u00a0Fr\u00fchst\u00fcck&#8230; anschlie\u00dfend mal in Westerland gucken, wie der Sylter Pfingstgast den Morgen einl\u00e4utet: Aaaaahja. Fl\u00fcchten oder Standhalten. Ach so. Warten auf Godot. Br\u00f6tchen-High noon so gegen 9:15 Uhr. Aber 50.000 G\u00e4ste \u00fcber die Feiertage steckt Sylt doch spielend weg. Und die Infrastruktur f\u00fcr das Festtags-Shopping&hellip;<\/p>\n","protected":false},"author":2,"featured_media":1314,"comment_status":"open","ping_status":"open","sticky":false,"template":"","format":"standard","meta":{"footnotes":""},"categories":[27,39,41,28,43,3,2,29,7],"tags":[],"class_list":["post-1312","post","type-post","status-publish","format-standard","has-post-thumbnail","hentry","category-alle-bilder","category-arbeit","category-fruehling","category-haeuser","category-kulinarik","category-menschen","category-tourismus","category-verkehr","category-westerland"],"jetpack_featured_media_url":"https:\/\/jessel.de\/365-tage-sylt\/wp-content\/uploads\/2017\/06\/L1006340.jpg","_links":{"self":[{"href":"https:\/\/jessel.de\/365-tage-sylt\/wp-json\/wp\/v2\/posts\/1312","targetHints":{"allow":["GET"]}}],"collection":[{"href":"https:\/\/jessel.de\/365-tage-sylt\/wp-json\/wp\/v2\/posts"}],"about":[{"href":"https:\/\/jessel.de\/365-tage-sylt\/wp-json\/wp\/v2\/types\/post"}],"author":[{"embeddable":true,"href":"https:\/\/jessel.de\/365-tage-sylt\/wp-json\/wp\/v2\/users\/2"}],"replies":[{"embeddable":true,"href":"https:\/\/jessel.de\/365-tage-sylt\/wp-json\/wp\/v2\/comments?post=1312"}],"version-history":[{"count":4,"href":"https:\/\/jessel.de\/365-tage-sylt\/wp-json\/wp\/v2\/posts\/1312\/revisions"}],"predecessor-version":[{"id":1321,"href":"https:\/\/jessel.de\/365-tage-sylt\/wp-json\/wp\/v2\/posts\/1312\/revisions\/1321"}],"wp:featuredmedia":[{"embeddable":true,"href":"https:\/\/jessel.de\/365-tage-sylt\/wp-json\/wp\/v2\/media\/1314"}],"wp:attachment":[{"href":"https:\/\/jessel.de\/365-tage-sylt\/wp-json\/wp\/v2\/media?parent=1312"}],"wp:term":[{"taxonomy":"category","embeddable":true,"href":"https:\/\/jessel.de\/365-tage-sylt\/wp-json\/wp\/v2\/categories?post=1312"},{"taxonomy":"post_tag","embeddable":true,"href":"https:\/\/jessel.de\/365-tage-sylt\/wp-json\/wp\/v2\/tags?post=1312"}],"curies":[{"name":"wp","href":"https:\/\/api.w.org\/{rel}","templated":true}]}}