{"id":1335,"date":"2017-06-06T18:44:36","date_gmt":"2017-06-06T18:44:36","guid":{"rendered":"http:\/\/jessel.de\/365-tage-sylt\/?p=1335"},"modified":"2017-06-06T18:45:40","modified_gmt":"2017-06-06T18:45:40","slug":"der-hoehepunkt-der-kamtchatkarosen-bluete","status":"publish","type":"post","link":"https:\/\/jessel.de\/365-tage-sylt\/der-hoehepunkt-der-kamtchatkarosen-bluete\/","title":{"rendered":"Der H\u00f6hepunkt der Kamtchatkarosen-Bl\u00fcte"},"content":{"rendered":"<p>Eine sehr(!) ungew\u00f6hnliche Wetterlage steht unmittelbar bevor. Schon seit Tagen beobachten die\u00a0Meteorologen vom DWD das Sturmtief, das vom Atlantik zun\u00e4chst Gro\u00dfbritannien heimsuchte &#8211; und sich nun auf den Weg \u00fcber die Nordsee macht. Windst\u00e4rken bis Beaufort 10 sind auch f\u00fcr Sylt angek\u00fcndigt&#8230; und das im Juni!<\/p>\n<p>Ich sehe die von S\u00fcdwesten herannahenden Wolkenfronten (siehe Titelbild) schon um kurz vor 5 Uhr, und sitze kurz darauf auf dem Fahrrad, denn jetzt wird es wirklich eng, was die bl\u00fchenden Kamtchatkarosen angeht. Wenn noch ein\/zwei Fotos davon, dann sofort. Und es lohnt sich: Solch eine starke Bl\u00fcte hatten wir seit Jahren nicht:<\/p>\n<p><img loading=\"lazy\" decoding=\"async\" class=\"alignnone size-full wp-image-1339\" src=\"http:\/\/jessel.de\/365-tage-sylt\/wp-content\/uploads\/2017\/06\/L1006549-Panorama.jpg\" alt=\"\" width=\"2500\" height=\"744\" srcset=\"https:\/\/jessel.de\/365-tage-sylt\/wp-content\/uploads\/2017\/06\/L1006549-Panorama.jpg 2500w, https:\/\/jessel.de\/365-tage-sylt\/wp-content\/uploads\/2017\/06\/L1006549-Panorama-300x89.jpg 300w, https:\/\/jessel.de\/365-tage-sylt\/wp-content\/uploads\/2017\/06\/L1006549-Panorama-768x229.jpg 768w, https:\/\/jessel.de\/365-tage-sylt\/wp-content\/uploads\/2017\/06\/L1006549-Panorama-1024x305.jpg 1024w\" sizes=\"auto, (max-width: 2500px) 100vw, 2500px\" \/><\/p>\n<p>In den zur\u00fcckliegenden Wochen habe ich flei\u00dfig Locationsuche betrieben, und ich wei\u00df punktgenau, wann ich wo sein muss. Diese Bl\u00fcten hier auf den Fotos werden morgen abend zu 90% abgerissen und zerst\u00f6rt sein.<\/p>\n<p>In Kampen erklimme ich kurz die Uwe-D\u00fcne. Die Wolkenstrukturen verraten dem Kundigen, dass wir l\u00e4ngst im Einflussbereich des herannahenden Tiefs stecken, auch der auffrischende S\u00fcdostwind untermauert den Verdacht. H\u00f6chste Alarmstufe im Hause Jessel! Morgen\/Mittwoch und \u00fcbermorgen vormittag gibt`s Foto-Stress:<\/p>\n<p><img loading=\"lazy\" decoding=\"async\" class=\"alignnone size-full wp-image-1338\" src=\"http:\/\/jessel.de\/365-tage-sylt\/wp-content\/uploads\/2017\/06\/L1006529.jpg\" alt=\"\" width=\"1203\" height=\"800\" srcset=\"https:\/\/jessel.de\/365-tage-sylt\/wp-content\/uploads\/2017\/06\/L1006529.jpg 1203w, https:\/\/jessel.de\/365-tage-sylt\/wp-content\/uploads\/2017\/06\/L1006529-300x200.jpg 300w, https:\/\/jessel.de\/365-tage-sylt\/wp-content\/uploads\/2017\/06\/L1006529-768x511.jpg 768w, https:\/\/jessel.de\/365-tage-sylt\/wp-content\/uploads\/2017\/06\/L1006529-1024x681.jpg 1024w\" sizes=\"auto, (max-width: 1203px) 100vw, 1203px\" \/><\/p>\n<p>Stratus-Wolken sind\u00a0das Salz in der Suppe f\u00fcr gute Landschaftsfotos.<\/p>\n<p><img loading=\"lazy\" decoding=\"async\" class=\"alignnone size-full wp-image-1336\" src=\"http:\/\/jessel.de\/365-tage-sylt\/wp-content\/uploads\/2017\/06\/L1006501-Panorama.jpg\" alt=\"\" width=\"923\" height=\"800\" srcset=\"https:\/\/jessel.de\/365-tage-sylt\/wp-content\/uploads\/2017\/06\/L1006501-Panorama.jpg 923w, https:\/\/jessel.de\/365-tage-sylt\/wp-content\/uploads\/2017\/06\/L1006501-Panorama-300x260.jpg 300w, https:\/\/jessel.de\/365-tage-sylt\/wp-content\/uploads\/2017\/06\/L1006501-Panorama-768x666.jpg 768w\" sizes=\"auto, (max-width: 923px) 100vw, 923px\" \/><\/p>\n<p>Bin gespannt, was DAS gibt! Hier: Die scheinbare Ruhe vor dem Sturm:<\/p>\n<p><img loading=\"lazy\" decoding=\"async\" class=\"alignnone size-full wp-image-1341\" src=\"http:\/\/jessel.de\/365-tage-sylt\/wp-content\/uploads\/2017\/06\/L1006585.jpg\" alt=\"\" width=\"1203\" height=\"800\" srcset=\"https:\/\/jessel.de\/365-tage-sylt\/wp-content\/uploads\/2017\/06\/L1006585.jpg 1203w, https:\/\/jessel.de\/365-tage-sylt\/wp-content\/uploads\/2017\/06\/L1006585-300x200.jpg 300w, https:\/\/jessel.de\/365-tage-sylt\/wp-content\/uploads\/2017\/06\/L1006585-768x511.jpg 768w, https:\/\/jessel.de\/365-tage-sylt\/wp-content\/uploads\/2017\/06\/L1006585-1024x681.jpg 1024w\" sizes=\"auto, (max-width: 1203px) 100vw, 1203px\" \/><\/p>\n","protected":false},"excerpt":{"rendered":"<p>Eine sehr(!) ungew\u00f6hnliche Wetterlage steht unmittelbar bevor. Schon seit Tagen beobachten die\u00a0Meteorologen vom DWD das Sturmtief, das vom Atlantik zun\u00e4chst Gro\u00dfbritannien heimsuchte &#8211; und sich nun auf den Weg \u00fcber die Nordsee macht. Windst\u00e4rken bis Beaufort 10 sind auch f\u00fcr Sylt angek\u00fcndigt&#8230; und das im Juni! Ich sehe die von S\u00fcdwesten herannahenden Wolkenfronten (siehe Titelbild) schon um kurz vor 5 Uhr, und sitze kurz darauf auf dem Fahrrad, denn jetzt&hellip;<\/p>\n","protected":false},"author":2,"featured_media":1340,"comment_status":"open","ping_status":"open","sticky":false,"template":"","format":"standard","meta":{"footnotes":""},"categories":[27,24,41,25,44,35],"tags":[],"class_list":["post-1335","post","type-post","status-publish","format-standard","has-post-thumbnail","hentry","category-alle-bilder","category-duenen","category-fruehling","category-kampen","category-pflanzen","category-schlechtes-wetter"],"jetpack_featured_media_url":"https:\/\/jessel.de\/365-tage-sylt\/wp-content\/uploads\/2017\/06\/L1006574.jpg","_links":{"self":[{"href":"https:\/\/jessel.de\/365-tage-sylt\/wp-json\/wp\/v2\/posts\/1335","targetHints":{"allow":["GET"]}}],"collection":[{"href":"https:\/\/jessel.de\/365-tage-sylt\/wp-json\/wp\/v2\/posts"}],"about":[{"href":"https:\/\/jessel.de\/365-tage-sylt\/wp-json\/wp\/v2\/types\/post"}],"author":[{"embeddable":true,"href":"https:\/\/jessel.de\/365-tage-sylt\/wp-json\/wp\/v2\/users\/2"}],"replies":[{"embeddable":true,"href":"https:\/\/jessel.de\/365-tage-sylt\/wp-json\/wp\/v2\/comments?post=1335"}],"version-history":[{"count":1,"href":"https:\/\/jessel.de\/365-tage-sylt\/wp-json\/wp\/v2\/posts\/1335\/revisions"}],"predecessor-version":[{"id":1344,"href":"https:\/\/jessel.de\/365-tage-sylt\/wp-json\/wp\/v2\/posts\/1335\/revisions\/1344"}],"wp:featuredmedia":[{"embeddable":true,"href":"https:\/\/jessel.de\/365-tage-sylt\/wp-json\/wp\/v2\/media\/1340"}],"wp:attachment":[{"href":"https:\/\/jessel.de\/365-tage-sylt\/wp-json\/wp\/v2\/media?parent=1335"}],"wp:term":[{"taxonomy":"category","embeddable":true,"href":"https:\/\/jessel.de\/365-tage-sylt\/wp-json\/wp\/v2\/categories?post=1335"},{"taxonomy":"post_tag","embeddable":true,"href":"https:\/\/jessel.de\/365-tage-sylt\/wp-json\/wp\/v2\/tags?post=1335"}],"curies":[{"name":"wp","href":"https:\/\/api.w.org\/{rel}","templated":true}]}}