{"id":13514,"date":"2023-01-28T15:20:08","date_gmt":"2023-01-28T15:20:08","guid":{"rendered":"https:\/\/jessel.de\/365-tage-sylt\/?p=13514"},"modified":"2023-01-28T15:27:22","modified_gmt":"2023-01-28T15:27:22","slug":"28-januar-typischer-fall-von-morning-glimpse","status":"publish","type":"post","link":"https:\/\/jessel.de\/365-tage-sylt\/28-januar-typischer-fall-von-morning-glimpse\/","title":{"rendered":"28. Januar: Typischer Fall von \u201eMorning Glimpse\u201c"},"content":{"rendered":"<p>Gut, da\u00df ich dem Frieden nicht traue. Es ist ganztagig bedeckter Himmel angesagt, denn erste Wolkenfronten eines Sturmtiefs ziehen \u00fcber uns hinweg, das in den n\u00e4chsten Tagen noch f\u00fcr reichlich Wirbel sorgen wird. Und der Himmel zeigt sich auch bedeckt, schon um 5 Uhr, als ich das erste Mal auf \u201eKontrollgang\u201c gehe.<\/p>\n<p>Aber der Blick aus dem Ausguck zeigt einen daumenbreiten klaren Streifen am s\u00fcd\u00f6stlichen Horizont, der erst in der D\u00e4mmerung sichtbar wird. Also rauf aufs Rad und schnellstens ans Wattufer, um das Licht von knapp f\u00fcnf Minuten Sonnenaufgangs-Schein zu nutzen. Im Englischen der ber\u00fchmte \u201eMorning Glimpse\u201c, der gerne auch mal spektakul\u00e4rer ausf\u00e4llt als heute fr\u00fch vor Munkmarsch.<\/p>\n<p>Von meinem spektakul\u00e4ren gestrigen Foto-Abend noch ein Bild, sozusagen der \u201eEvening Glimpse\u201c als Gegen\u00fcberstellung:<\/p>\n<p><img loading=\"lazy\" decoding=\"async\" class=\"alignnone size-full wp-image-13516\" src=\"https:\/\/jessel.de\/365-tage-sylt\/wp-content\/uploads\/2023\/01\/FF870066-5B2B-4D07-BF14-CC58EA3FC173.jpeg\" alt=\"\" width=\"1765\" height=\"800\" srcset=\"https:\/\/jessel.de\/365-tage-sylt\/wp-content\/uploads\/2023\/01\/FF870066-5B2B-4D07-BF14-CC58EA3FC173.jpeg 1765w, https:\/\/jessel.de\/365-tage-sylt\/wp-content\/uploads\/2023\/01\/FF870066-5B2B-4D07-BF14-CC58EA3FC173-300x136.jpeg 300w, https:\/\/jessel.de\/365-tage-sylt\/wp-content\/uploads\/2023\/01\/FF870066-5B2B-4D07-BF14-CC58EA3FC173-1024x464.jpeg 1024w, https:\/\/jessel.de\/365-tage-sylt\/wp-content\/uploads\/2023\/01\/FF870066-5B2B-4D07-BF14-CC58EA3FC173-768x348.jpeg 768w, https:\/\/jessel.de\/365-tage-sylt\/wp-content\/uploads\/2023\/01\/FF870066-5B2B-4D07-BF14-CC58EA3FC173-1536x696.jpeg 1536w\" sizes=\"auto, (max-width: 1765px) 100vw, 1765px\" \/><\/p>\n<p>Hier, am n\u00f6rd\u00f6stlichen Teil des Ellenbogens, sind innerhalb der letzten Jahrzehnte breite Vord\u00fcnenfelder entstanden &#8211; gespeist von dem an der Westk\u00fcste der Insel abbrechenden Sand, der hier im Str\u00f6mungsschatten abgelagert und vom Wind zu D\u00fcnen aufgeweht wird. Die \u201efossile\u201c = inaktive Abbruchkante der \u00e4lteren D\u00fcnen, rechts im Bild, ist noch gut zu erkennen.<\/p>\n<p>&nbsp;<\/p>\n","protected":false},"excerpt":{"rendered":"<p>Gut, da\u00df ich dem Frieden nicht traue. Es ist ganztagig bedeckter Himmel angesagt, denn erste Wolkenfronten eines Sturmtiefs ziehen \u00fcber uns hinweg, das in den n\u00e4chsten Tagen noch f\u00fcr reichlich Wirbel sorgen wird. Und der Himmel zeigt sich auch bedeckt, schon um 5 Uhr, als ich das erste Mal auf \u201eKontrollgang\u201c gehe. Aber der Blick aus dem Ausguck zeigt einen daumenbreiten klaren Streifen am s\u00fcd\u00f6stlichen Horizont, der erst in der&hellip;<\/p>\n","protected":false},"author":2,"featured_media":13515,"comment_status":"open","ping_status":"open","sticky":false,"template":"","format":"standard","meta":{"footnotes":""},"categories":[27,39,28,50,44,35,4,40,42,23],"tags":[],"class_list":["post-13514","post","type-post","status-publish","format-standard","has-post-thumbnail","hentry","category-alle-bilder","category-arbeit","category-haeuser","category-munkmarsch","category-pflanzen","category-schlechtes-wetter","category-spuren","category-tiere","category-watt","category-winter"],"jetpack_featured_media_url":"https:\/\/jessel.de\/365-tage-sylt\/wp-content\/uploads\/2023\/01\/EA42A582-E978-4E12-B97B-128797AF1AF5.jpeg","_links":{"self":[{"href":"https:\/\/jessel.de\/365-tage-sylt\/wp-json\/wp\/v2\/posts\/13514","targetHints":{"allow":["GET"]}}],"collection":[{"href":"https:\/\/jessel.de\/365-tage-sylt\/wp-json\/wp\/v2\/posts"}],"about":[{"href":"https:\/\/jessel.de\/365-tage-sylt\/wp-json\/wp\/v2\/types\/post"}],"author":[{"embeddable":true,"href":"https:\/\/jessel.de\/365-tage-sylt\/wp-json\/wp\/v2\/users\/2"}],"replies":[{"embeddable":true,"href":"https:\/\/jessel.de\/365-tage-sylt\/wp-json\/wp\/v2\/comments?post=13514"}],"version-history":[{"count":5,"href":"https:\/\/jessel.de\/365-tage-sylt\/wp-json\/wp\/v2\/posts\/13514\/revisions"}],"predecessor-version":[{"id":13521,"href":"https:\/\/jessel.de\/365-tage-sylt\/wp-json\/wp\/v2\/posts\/13514\/revisions\/13521"}],"wp:featuredmedia":[{"embeddable":true,"href":"https:\/\/jessel.de\/365-tage-sylt\/wp-json\/wp\/v2\/media\/13515"}],"wp:attachment":[{"href":"https:\/\/jessel.de\/365-tage-sylt\/wp-json\/wp\/v2\/media?parent=13514"}],"wp:term":[{"taxonomy":"category","embeddable":true,"href":"https:\/\/jessel.de\/365-tage-sylt\/wp-json\/wp\/v2\/categories?post=13514"},{"taxonomy":"post_tag","embeddable":true,"href":"https:\/\/jessel.de\/365-tage-sylt\/wp-json\/wp\/v2\/tags?post=13514"}],"curies":[{"name":"wp","href":"https:\/\/api.w.org\/{rel}","templated":true}]}}