{"id":13522,"date":"2023-01-30T18:00:21","date_gmt":"2023-01-30T18:00:21","guid":{"rendered":"https:\/\/jessel.de\/365-tage-sylt\/?p=13522"},"modified":"2023-01-30T18:02:26","modified_gmt":"2023-01-30T18:02:26","slug":"30-januar-erster-sturmtag","status":"publish","type":"post","link":"https:\/\/jessel.de\/365-tage-sylt\/30-januar-erster-sturmtag\/","title":{"rendered":"30. Januar: Erster Sturmtag"},"content":{"rendered":"<p>Endlich mal wieder Bewegung in der Atmosph\u00e4re, herrlich! Und was f\u00fcr ein wundervolles Meer, mit der typischen Sylter Kaskadenbrandung. Und die Luft, einfach champagn\u00f6s.<\/p>\n<p>Ich bin den ganzen Tag unterwegs, hier nur ein paar Eindr\u00fccke vom heutigen Nachmittag. Vorm Roten Kliff nagen die Wellen an der Sandvorsp\u00fclung, eine meterhohe Abbruchkante ist die Folge:<\/p>\n<p><img loading=\"lazy\" decoding=\"async\" class=\"alignnone size-full wp-image-13526\" src=\"https:\/\/jessel.de\/365-tage-sylt\/wp-content\/uploads\/2023\/01\/2E0195C2-5B5A-4667-BFD1-D6515B9CAB82.jpeg\" alt=\"\" width=\"1485\" height=\"800\" srcset=\"https:\/\/jessel.de\/365-tage-sylt\/wp-content\/uploads\/2023\/01\/2E0195C2-5B5A-4667-BFD1-D6515B9CAB82.jpeg 1485w, https:\/\/jessel.de\/365-tage-sylt\/wp-content\/uploads\/2023\/01\/2E0195C2-5B5A-4667-BFD1-D6515B9CAB82-300x162.jpeg 300w, https:\/\/jessel.de\/365-tage-sylt\/wp-content\/uploads\/2023\/01\/2E0195C2-5B5A-4667-BFD1-D6515B9CAB82-1024x552.jpeg 1024w, https:\/\/jessel.de\/365-tage-sylt\/wp-content\/uploads\/2023\/01\/2E0195C2-5B5A-4667-BFD1-D6515B9CAB82-768x414.jpeg 768w\" sizes=\"auto, (max-width: 1485px) 100vw, 1485px\" \/><\/p>\n<p>Aber auch die m\u00e4chtigen Regenschauer nagen an der Insel. Vom Kliff wird der feink\u00f6rnige Geschiebemergel ausgewaschen und \u00fcber einen \u201eCanyon\u201c an der Abbruchkante der Sandvorsp\u00fclung zu einem perfekten \u201eKlackermatsch\u201c-Haufen zusammengesp\u00fclt:<\/p>\n<p><img loading=\"lazy\" decoding=\"async\" class=\"alignnone size-full wp-image-13527\" src=\"https:\/\/jessel.de\/365-tage-sylt\/wp-content\/uploads\/2023\/01\/4DFBC8D1-0251-4620-81C1-C10B818DAB2F.jpeg\" alt=\"\" width=\"1202\" height=\"800\" srcset=\"https:\/\/jessel.de\/365-tage-sylt\/wp-content\/uploads\/2023\/01\/4DFBC8D1-0251-4620-81C1-C10B818DAB2F.jpeg 1202w, https:\/\/jessel.de\/365-tage-sylt\/wp-content\/uploads\/2023\/01\/4DFBC8D1-0251-4620-81C1-C10B818DAB2F-300x200.jpeg 300w, https:\/\/jessel.de\/365-tage-sylt\/wp-content\/uploads\/2023\/01\/4DFBC8D1-0251-4620-81C1-C10B818DAB2F-1024x682.jpeg 1024w, https:\/\/jessel.de\/365-tage-sylt\/wp-content\/uploads\/2023\/01\/4DFBC8D1-0251-4620-81C1-C10B818DAB2F-768x511.jpeg 768w\" sizes=\"auto, (max-width: 1202px) 100vw, 1202px\" \/><\/p>\n<p>Die wenigen Leute, die mir begegnen, sind alle ziemlich beeindruckt vom Meer, und das ganze Szenario gibt\u2019s sogar noch bei Sonnenschein:<\/p>\n<p><img loading=\"lazy\" decoding=\"async\" class=\"alignnone size-full wp-image-13523\" src=\"https:\/\/jessel.de\/365-tage-sylt\/wp-content\/uploads\/2023\/01\/CB823647-A02B-4DE2-98AE-09E41EEA1D1C.jpeg\" alt=\"\" width=\"1202\" height=\"800\" srcset=\"https:\/\/jessel.de\/365-tage-sylt\/wp-content\/uploads\/2023\/01\/CB823647-A02B-4DE2-98AE-09E41EEA1D1C.jpeg 1202w, https:\/\/jessel.de\/365-tage-sylt\/wp-content\/uploads\/2023\/01\/CB823647-A02B-4DE2-98AE-09E41EEA1D1C-300x200.jpeg 300w, https:\/\/jessel.de\/365-tage-sylt\/wp-content\/uploads\/2023\/01\/CB823647-A02B-4DE2-98AE-09E41EEA1D1C-1024x682.jpeg 1024w, https:\/\/jessel.de\/365-tage-sylt\/wp-content\/uploads\/2023\/01\/CB823647-A02B-4DE2-98AE-09E41EEA1D1C-768x511.jpeg 768w\" sizes=\"auto, (max-width: 1202px) 100vw, 1202px\" \/><\/p>\n<p>Die relative Luftfeuchte d\u00fcrfte deutlich \u00fcber 90% liegen, derart angereichert ist die meeresnahe Atmosph\u00e4re mit Aerosolen:<\/p>\n<p><img loading=\"lazy\" decoding=\"async\" class=\"alignnone size-full wp-image-13525\" src=\"https:\/\/jessel.de\/365-tage-sylt\/wp-content\/uploads\/2023\/01\/D9E56EBB-BD7C-49CE-B2BF-0D4B86F105B3.jpeg\" alt=\"\" width=\"1200\" height=\"800\" srcset=\"https:\/\/jessel.de\/365-tage-sylt\/wp-content\/uploads\/2023\/01\/D9E56EBB-BD7C-49CE-B2BF-0D4B86F105B3.jpeg 1200w, https:\/\/jessel.de\/365-tage-sylt\/wp-content\/uploads\/2023\/01\/D9E56EBB-BD7C-49CE-B2BF-0D4B86F105B3-300x200.jpeg 300w, https:\/\/jessel.de\/365-tage-sylt\/wp-content\/uploads\/2023\/01\/D9E56EBB-BD7C-49CE-B2BF-0D4B86F105B3-1024x683.jpeg 1024w, https:\/\/jessel.de\/365-tage-sylt\/wp-content\/uploads\/2023\/01\/D9E56EBB-BD7C-49CE-B2BF-0D4B86F105B3-768x512.jpeg 768w\" sizes=\"auto, (max-width: 1200px) 100vw, 1200px\" \/><\/p>\n<p>Zum Schluss schaue ich mir die Sache nochmal aus luftiger H\u00f6he an. Das Tosen der Brandung ist allgegenw\u00e4rtig und ich bin nach sechsst\u00fcndiger Frischluftzufuhr offenbar etwas Sauerstoff-\u00fcbers\u00e4ttigt\u2026 so kommt\u2019s mir jedenfalls vor:<\/p>\n<p><img loading=\"lazy\" decoding=\"async\" class=\"alignnone size-full wp-image-13524\" src=\"https:\/\/jessel.de\/365-tage-sylt\/wp-content\/uploads\/2023\/01\/C57614C6-9CAB-4C63-B8DF-382DB5B4DC0D.jpeg\" alt=\"\" width=\"1202\" height=\"800\" srcset=\"https:\/\/jessel.de\/365-tage-sylt\/wp-content\/uploads\/2023\/01\/C57614C6-9CAB-4C63-B8DF-382DB5B4DC0D.jpeg 1202w, https:\/\/jessel.de\/365-tage-sylt\/wp-content\/uploads\/2023\/01\/C57614C6-9CAB-4C63-B8DF-382DB5B4DC0D-300x200.jpeg 300w, https:\/\/jessel.de\/365-tage-sylt\/wp-content\/uploads\/2023\/01\/C57614C6-9CAB-4C63-B8DF-382DB5B4DC0D-1024x682.jpeg 1024w, https:\/\/jessel.de\/365-tage-sylt\/wp-content\/uploads\/2023\/01\/C57614C6-9CAB-4C63-B8DF-382DB5B4DC0D-768x511.jpeg 768w\" sizes=\"auto, (max-width: 1202px) 100vw, 1202px\" \/><\/p>\n<p>&nbsp;<\/p>\n","protected":false},"excerpt":{"rendered":"<p>Endlich mal wieder Bewegung in der Atmosph\u00e4re, herrlich! Und was f\u00fcr ein wundervolles Meer, mit der typischen Sylter Kaskadenbrandung. Und die Luft, einfach champagn\u00f6s. Ich bin den ganzen Tag unterwegs, hier nur ein paar Eindr\u00fccke vom heutigen Nachmittag. Vorm Roten Kliff nagen die Wellen an der Sandvorsp\u00fclung, eine meterhohe Abbruchkante ist die Folge: Aber auch die m\u00e4chtigen Regenschauer nagen an der Insel. Vom Kliff wird der feink\u00f6rnige Geschiebemergel ausgewaschen und&hellip;<\/p>\n","protected":false},"author":2,"featured_media":13528,"comment_status":"open","ping_status":"open","sticky":false,"template":"","format":"standard","meta":{"footnotes":""},"categories":[27,39,25,49,40,23],"tags":[],"class_list":["post-13522","post","type-post","status-publish","format-standard","has-post-thumbnail","hentry","category-alle-bilder","category-arbeit","category-kampen","category-sturm","category-tiere","category-winter"],"jetpack_featured_media_url":"https:\/\/jessel.de\/365-tage-sylt\/wp-content\/uploads\/2023\/01\/C7C00E4C-59C7-4A9C-94FA-A6DEBEDE4279.jpeg","_links":{"self":[{"href":"https:\/\/jessel.de\/365-tage-sylt\/wp-json\/wp\/v2\/posts\/13522","targetHints":{"allow":["GET"]}}],"collection":[{"href":"https:\/\/jessel.de\/365-tage-sylt\/wp-json\/wp\/v2\/posts"}],"about":[{"href":"https:\/\/jessel.de\/365-tage-sylt\/wp-json\/wp\/v2\/types\/post"}],"author":[{"embeddable":true,"href":"https:\/\/jessel.de\/365-tage-sylt\/wp-json\/wp\/v2\/users\/2"}],"replies":[{"embeddable":true,"href":"https:\/\/jessel.de\/365-tage-sylt\/wp-json\/wp\/v2\/comments?post=13522"}],"version-history":[{"count":3,"href":"https:\/\/jessel.de\/365-tage-sylt\/wp-json\/wp\/v2\/posts\/13522\/revisions"}],"predecessor-version":[{"id":13532,"href":"https:\/\/jessel.de\/365-tage-sylt\/wp-json\/wp\/v2\/posts\/13522\/revisions\/13532"}],"wp:featuredmedia":[{"embeddable":true,"href":"https:\/\/jessel.de\/365-tage-sylt\/wp-json\/wp\/v2\/media\/13528"}],"wp:attachment":[{"href":"https:\/\/jessel.de\/365-tage-sylt\/wp-json\/wp\/v2\/media?parent=13522"}],"wp:term":[{"taxonomy":"category","embeddable":true,"href":"https:\/\/jessel.de\/365-tage-sylt\/wp-json\/wp\/v2\/categories?post=13522"},{"taxonomy":"post_tag","embeddable":true,"href":"https:\/\/jessel.de\/365-tage-sylt\/wp-json\/wp\/v2\/tags?post=13522"}],"curies":[{"name":"wp","href":"https:\/\/api.w.org\/{rel}","templated":true}]}}