{"id":1361,"date":"2017-06-08T08:13:38","date_gmt":"2017-06-08T08:13:38","guid":{"rendered":"http:\/\/jessel.de\/365-tage-sylt\/?p=1361"},"modified":"2017-06-08T14:12:16","modified_gmt":"2017-06-08T14:12:16","slug":"the-morning-after","status":"publish","type":"post","link":"https:\/\/jessel.de\/365-tage-sylt\/the-morning-after\/","title":{"rendered":"The morning after&#8230;"},"content":{"rendered":"<p>Der K\u00fcnstler f\u00fchlt sich besonders der Kindheit verpflichtet. Um nicht zu sagen, er ist &#8211; tief gef\u00fchlt &#8211; innerlich das\/ein Kind geblieben. Das fiel mir im Besonderen in den Gespr\u00e4chen mit Lars Wiggert auf, in dessen gemalten Im- und Expressionen die Orte und Erlebnisse der Kindheit und Jugend stets megapr\u00e4sent sind. Und es f\u00e4llt mir heute fr\u00fch um Punkt 5 Uhr am Strand\u00fcbergang Seenot auf, dass ich &#8211; ganz insbesondere nach st\u00fcrmischen Tagen &#8211; immer der Erste am Strand sein muss. Und wehe nicht! Fr\u00fcher galt es, die n\u00e4chtlichen Anschwemmsel des Meeres zu ergattern, bevor jemand anderes auf die Idee gekommen w\u00e4re, heute suche ich diese phantastische Unber\u00fchrtheit, dieses Urlandschaftsgem\u00e4lde ohne menschliche Spuren &#8211; und gelungene Ergebnisse machen mich einfach nur gl\u00fccklich. Geht also schon mal gut los heute morgen:<\/p>\n<p><img loading=\"lazy\" decoding=\"async\" class=\"alignnone size-full wp-image-1362\" src=\"http:\/\/jessel.de\/365-tage-sylt\/wp-content\/uploads\/2017\/06\/L1006715.jpg\" alt=\"\" width=\"1203\" height=\"800\" srcset=\"https:\/\/jessel.de\/365-tage-sylt\/wp-content\/uploads\/2017\/06\/L1006715.jpg 1203w, https:\/\/jessel.de\/365-tage-sylt\/wp-content\/uploads\/2017\/06\/L1006715-300x200.jpg 300w, https:\/\/jessel.de\/365-tage-sylt\/wp-content\/uploads\/2017\/06\/L1006715-768x511.jpg 768w, https:\/\/jessel.de\/365-tage-sylt\/wp-content\/uploads\/2017\/06\/L1006715-1024x681.jpg 1024w\" sizes=\"auto, (max-width: 1203px) 100vw, 1203px\" \/><\/p>\n<p>Besonders gesucht: Die makellose Sch\u00f6nheit des herbei gewehten Sandes im Kontrast zu jenem zivilisatorischen Tand, der sich alleine an einem ganz normalen Strand\u00fcbergang so ansammelt:<\/p>\n<p><img loading=\"lazy\" decoding=\"async\" class=\"alignnone size-full wp-image-1364\" src=\"http:\/\/jessel.de\/365-tage-sylt\/wp-content\/uploads\/2017\/06\/L1006738.jpg\" alt=\"\" width=\"1203\" height=\"800\" srcset=\"https:\/\/jessel.de\/365-tage-sylt\/wp-content\/uploads\/2017\/06\/L1006738.jpg 1203w, https:\/\/jessel.de\/365-tage-sylt\/wp-content\/uploads\/2017\/06\/L1006738-300x200.jpg 300w, https:\/\/jessel.de\/365-tage-sylt\/wp-content\/uploads\/2017\/06\/L1006738-768x511.jpg 768w, https:\/\/jessel.de\/365-tage-sylt\/wp-content\/uploads\/2017\/06\/L1006738-1024x681.jpg 1024w\" sizes=\"auto, (max-width: 1203px) 100vw, 1203px\" \/><\/p>\n<p>Naja &#8211; und den von den Naturkr\u00e4ften maltr\u00e4tierten Vorposten der Zivilisation gilt ohnehin meine ganze Aufmerksamkeit:<\/p>\n<p><img loading=\"lazy\" decoding=\"async\" class=\"alignnone size-full wp-image-1363\" src=\"http:\/\/jessel.de\/365-tage-sylt\/wp-content\/uploads\/2017\/06\/L1006727.jpg\" alt=\"\" width=\"1203\" height=\"800\" srcset=\"https:\/\/jessel.de\/365-tage-sylt\/wp-content\/uploads\/2017\/06\/L1006727.jpg 1203w, https:\/\/jessel.de\/365-tage-sylt\/wp-content\/uploads\/2017\/06\/L1006727-300x200.jpg 300w, https:\/\/jessel.de\/365-tage-sylt\/wp-content\/uploads\/2017\/06\/L1006727-768x511.jpg 768w, https:\/\/jessel.de\/365-tage-sylt\/wp-content\/uploads\/2017\/06\/L1006727-1024x681.jpg 1024w\" sizes=\"auto, (max-width: 1203px) 100vw, 1203px\" \/><\/p>\n<p>Hier lie\u00dfen sich ganze Seminare &#8222;Aerodynamik in situ&#8220; abhalten:<\/p>\n<p><img loading=\"lazy\" decoding=\"async\" class=\"alignnone size-full wp-image-1367\" src=\"http:\/\/jessel.de\/365-tage-sylt\/wp-content\/uploads\/2017\/06\/L1006763.jpg\" alt=\"\" width=\"1203\" height=\"800\" srcset=\"https:\/\/jessel.de\/365-tage-sylt\/wp-content\/uploads\/2017\/06\/L1006763.jpg 1203w, https:\/\/jessel.de\/365-tage-sylt\/wp-content\/uploads\/2017\/06\/L1006763-300x200.jpg 300w, https:\/\/jessel.de\/365-tage-sylt\/wp-content\/uploads\/2017\/06\/L1006763-768x511.jpg 768w, https:\/\/jessel.de\/365-tage-sylt\/wp-content\/uploads\/2017\/06\/L1006763-1024x681.jpg 1024w\" sizes=\"auto, (max-width: 1203px) 100vw, 1203px\" \/><\/p>\n<p>Die Wochen zwischen Mitte Mai und Ende Juni bringen auch regelm\u00e4\u00dfig mehr oder weniger ausgepr\u00e4gte Algenbl\u00fcten mit sich. Heute fr\u00fch die Auswirkungen einer weniger ausgepr\u00e4gten am Westerl\u00e4nder Zentralstrand in Form einer gr\u00fcnbr\u00e4unlich verkleisterten Strandzone im Hochwasserbereich. Ich erinnere mich an Jahre, als von hunderten von Strandk\u00f6rben tats\u00e4chlich nur noch die D\u00e4cher aus den Schaummassen hervor lugten:<\/p>\n<p><img loading=\"lazy\" decoding=\"async\" class=\"alignnone size-full wp-image-1365\" src=\"http:\/\/jessel.de\/365-tage-sylt\/wp-content\/uploads\/2017\/06\/L1006746.jpg\" alt=\"\" width=\"1203\" height=\"800\" srcset=\"https:\/\/jessel.de\/365-tage-sylt\/wp-content\/uploads\/2017\/06\/L1006746.jpg 1203w, https:\/\/jessel.de\/365-tage-sylt\/wp-content\/uploads\/2017\/06\/L1006746-300x200.jpg 300w, https:\/\/jessel.de\/365-tage-sylt\/wp-content\/uploads\/2017\/06\/L1006746-768x511.jpg 768w, https:\/\/jessel.de\/365-tage-sylt\/wp-content\/uploads\/2017\/06\/L1006746-1024x681.jpg 1024w\" sizes=\"auto, (max-width: 1203px) 100vw, 1203px\" \/><br \/>\nWer die K\u00f6rbe nicht rechtzeitig hoch genug auf den Strand tr\u00e4gt, muss eben schrubben:<\/p>\n<p><img loading=\"lazy\" decoding=\"async\" class=\"alignnone size-full wp-image-1368\" src=\"http:\/\/jessel.de\/365-tage-sylt\/wp-content\/uploads\/2017\/06\/L1006764.jpg\" alt=\"\" width=\"1203\" height=\"800\" srcset=\"https:\/\/jessel.de\/365-tage-sylt\/wp-content\/uploads\/2017\/06\/L1006764.jpg 1203w, https:\/\/jessel.de\/365-tage-sylt\/wp-content\/uploads\/2017\/06\/L1006764-300x200.jpg 300w, https:\/\/jessel.de\/365-tage-sylt\/wp-content\/uploads\/2017\/06\/L1006764-768x511.jpg 768w, https:\/\/jessel.de\/365-tage-sylt\/wp-content\/uploads\/2017\/06\/L1006764-1024x681.jpg 1024w\" sizes=\"auto, (max-width: 1203px) 100vw, 1203px\" \/><\/p>\n<p>Keine Spur &#8211; herrlich!<\/p>\n<p><img loading=\"lazy\" decoding=\"async\" class=\"alignnone size-full wp-image-1369\" src=\"http:\/\/jessel.de\/365-tage-sylt\/wp-content\/uploads\/2017\/06\/L1006767.jpg\" alt=\"\" width=\"1203\" height=\"800\" srcset=\"https:\/\/jessel.de\/365-tage-sylt\/wp-content\/uploads\/2017\/06\/L1006767.jpg 1203w, https:\/\/jessel.de\/365-tage-sylt\/wp-content\/uploads\/2017\/06\/L1006767-300x200.jpg 300w, https:\/\/jessel.de\/365-tage-sylt\/wp-content\/uploads\/2017\/06\/L1006767-768x511.jpg 768w, https:\/\/jessel.de\/365-tage-sylt\/wp-content\/uploads\/2017\/06\/L1006767-1024x681.jpg 1024w\" sizes=\"auto, (max-width: 1203px) 100vw, 1203px\" \/><\/p>\n<p>Hier eine R\u00fcckenansicht der extravagantesten Strandkorb-Reihung der Insel:<\/p>\n<p><img loading=\"lazy\" decoding=\"async\" class=\"alignnone size-full wp-image-1370\" src=\"http:\/\/jessel.de\/365-tage-sylt\/wp-content\/uploads\/2017\/06\/L1006779.jpg\" alt=\"\" width=\"1203\" height=\"800\" srcset=\"https:\/\/jessel.de\/365-tage-sylt\/wp-content\/uploads\/2017\/06\/L1006779.jpg 1203w, https:\/\/jessel.de\/365-tage-sylt\/wp-content\/uploads\/2017\/06\/L1006779-300x200.jpg 300w, https:\/\/jessel.de\/365-tage-sylt\/wp-content\/uploads\/2017\/06\/L1006779-768x511.jpg 768w, https:\/\/jessel.de\/365-tage-sylt\/wp-content\/uploads\/2017\/06\/L1006779-1024x681.jpg 1024w\" sizes=\"auto, (max-width: 1203px) 100vw, 1203px\" \/><\/p>\n<p>Und schliesslich eine Urbane Installation, die ich hier nur schon einmal festgehalten haben m\u00f6chte. F\u00fcr das Top-Foto fehlt noch etwas&#8230; ich komme wieder, versprochen:<\/p>\n<p><img loading=\"lazy\" decoding=\"async\" class=\"alignnone size-full wp-image-1371\" src=\"http:\/\/jessel.de\/365-tage-sylt\/wp-content\/uploads\/2017\/06\/L1006791.jpg\" alt=\"\" width=\"1263\" height=\"800\" srcset=\"https:\/\/jessel.de\/365-tage-sylt\/wp-content\/uploads\/2017\/06\/L1006791.jpg 1263w, https:\/\/jessel.de\/365-tage-sylt\/wp-content\/uploads\/2017\/06\/L1006791-300x190.jpg 300w, https:\/\/jessel.de\/365-tage-sylt\/wp-content\/uploads\/2017\/06\/L1006791-768x486.jpg 768w, https:\/\/jessel.de\/365-tage-sylt\/wp-content\/uploads\/2017\/06\/L1006791-1024x649.jpg 1024w\" sizes=\"auto, (max-width: 1263px) 100vw, 1263px\" \/><\/p>\n<p>&nbsp;<\/p>\n<p>&nbsp;<\/p>\n","protected":false},"excerpt":{"rendered":"<p>Der K\u00fcnstler f\u00fchlt sich besonders der Kindheit verpflichtet. Um nicht zu sagen, er ist &#8211; tief gef\u00fchlt &#8211; innerlich das\/ein Kind geblieben. Das fiel mir im Besonderen in den Gespr\u00e4chen mit Lars Wiggert auf, in dessen gemalten Im- und Expressionen die Orte und Erlebnisse der Kindheit und Jugend stets megapr\u00e4sent sind. Und es f\u00e4llt mir heute fr\u00fch um Punkt 5 Uhr am Strand\u00fcbergang Seenot auf, dass ich &#8211; ganz insbesondere&hellip;<\/p>\n","protected":false},"author":2,"featured_media":1366,"comment_status":"open","ping_status":"open","sticky":false,"template":"","format":"standard","meta":{"footnotes":""},"categories":[27,41,35,4,26,2,7],"tags":[],"class_list":["post-1361","post","type-post","status-publish","format-standard","has-post-thumbnail","hentry","category-alle-bilder","category-fruehling","category-schlechtes-wetter","category-spuren","category-strand","category-tourismus","category-westerland"],"jetpack_featured_media_url":"https:\/\/jessel.de\/365-tage-sylt\/wp-content\/uploads\/2017\/06\/L1006759.jpg","_links":{"self":[{"href":"https:\/\/jessel.de\/365-tage-sylt\/wp-json\/wp\/v2\/posts\/1361","targetHints":{"allow":["GET"]}}],"collection":[{"href":"https:\/\/jessel.de\/365-tage-sylt\/wp-json\/wp\/v2\/posts"}],"about":[{"href":"https:\/\/jessel.de\/365-tage-sylt\/wp-json\/wp\/v2\/types\/post"}],"author":[{"embeddable":true,"href":"https:\/\/jessel.de\/365-tage-sylt\/wp-json\/wp\/v2\/users\/2"}],"replies":[{"embeddable":true,"href":"https:\/\/jessel.de\/365-tage-sylt\/wp-json\/wp\/v2\/comments?post=1361"}],"version-history":[{"count":3,"href":"https:\/\/jessel.de\/365-tage-sylt\/wp-json\/wp\/v2\/posts\/1361\/revisions"}],"predecessor-version":[{"id":1374,"href":"https:\/\/jessel.de\/365-tage-sylt\/wp-json\/wp\/v2\/posts\/1361\/revisions\/1374"}],"wp:featuredmedia":[{"embeddable":true,"href":"https:\/\/jessel.de\/365-tage-sylt\/wp-json\/wp\/v2\/media\/1366"}],"wp:attachment":[{"href":"https:\/\/jessel.de\/365-tage-sylt\/wp-json\/wp\/v2\/media?parent=1361"}],"wp:term":[{"taxonomy":"category","embeddable":true,"href":"https:\/\/jessel.de\/365-tage-sylt\/wp-json\/wp\/v2\/categories?post=1361"},{"taxonomy":"post_tag","embeddable":true,"href":"https:\/\/jessel.de\/365-tage-sylt\/wp-json\/wp\/v2\/tags?post=1361"}],"curies":[{"name":"wp","href":"https:\/\/api.w.org\/{rel}","templated":true}]}}