{"id":13733,"date":"2023-02-26T20:46:29","date_gmt":"2023-02-26T20:46:29","guid":{"rendered":"https:\/\/jessel.de\/365-tage-sylt\/?p=13733"},"modified":"2023-02-26T20:48:12","modified_gmt":"2023-02-26T20:48:12","slug":"26-februar-an-den-insel-enden","status":"publish","type":"post","link":"https:\/\/jessel.de\/365-tage-sylt\/26-februar-an-den-insel-enden\/","title":{"rendered":"26. Februar: Auf zu den Insel-Enden\u2026"},"content":{"rendered":"<p>Als ich um 5:45 Uhr aufs Fahrrad steige um zum Ellenbogen zu radeln, kommt sie wieder, die Erkenntnis, da\u00df ich den besten Job der Welt habe. Obwohl ich in der keimenden D\u00e4mmerung \u00fcber dem Festland bald ablesen kann, da\u00df gro\u00dfe Fotos an diesem Morgen eher nicht zu erwarten sind.<\/p>\n<p>Als ich die Ellenbogenspitze um kurz vor 7 Uhr erreiche, werde ich bereits erwartet:<\/p>\n<p><img loading=\"lazy\" decoding=\"async\" class=\"alignnone size-full wp-image-13736\" src=\"https:\/\/jessel.de\/365-tage-sylt\/wp-content\/uploads\/2023\/02\/682DF1AD-79FC-485B-9079-08C622A94D1C.jpeg\" alt=\"\" width=\"1200\" height=\"800\" srcset=\"https:\/\/jessel.de\/365-tage-sylt\/wp-content\/uploads\/2023\/02\/682DF1AD-79FC-485B-9079-08C622A94D1C.jpeg 1200w, https:\/\/jessel.de\/365-tage-sylt\/wp-content\/uploads\/2023\/02\/682DF1AD-79FC-485B-9079-08C622A94D1C-300x200.jpeg 300w, https:\/\/jessel.de\/365-tage-sylt\/wp-content\/uploads\/2023\/02\/682DF1AD-79FC-485B-9079-08C622A94D1C-1024x683.jpeg 1024w, https:\/\/jessel.de\/365-tage-sylt\/wp-content\/uploads\/2023\/02\/682DF1AD-79FC-485B-9079-08C622A94D1C-768x512.jpeg 768w\" sizes=\"auto, (max-width: 1200px) 100vw, 1200px\" \/><\/p>\n<p>Das angedachte Foto-Programm kann ich schnell streichen, aber f\u00fcr einen Klassiker reicht\u2019s noch &#8211; immerhin:<\/p>\n<p><img loading=\"lazy\" decoding=\"async\" class=\"alignnone size-full wp-image-13735\" src=\"https:\/\/jessel.de\/365-tage-sylt\/wp-content\/uploads\/2023\/02\/3A5B2C50-E46E-43DE-9BEC-E56C598BBC0A.jpeg\" alt=\"\" width=\"1200\" height=\"800\" srcset=\"https:\/\/jessel.de\/365-tage-sylt\/wp-content\/uploads\/2023\/02\/3A5B2C50-E46E-43DE-9BEC-E56C598BBC0A.jpeg 1200w, https:\/\/jessel.de\/365-tage-sylt\/wp-content\/uploads\/2023\/02\/3A5B2C50-E46E-43DE-9BEC-E56C598BBC0A-300x200.jpeg 300w, https:\/\/jessel.de\/365-tage-sylt\/wp-content\/uploads\/2023\/02\/3A5B2C50-E46E-43DE-9BEC-E56C598BBC0A-1024x683.jpeg 1024w, https:\/\/jessel.de\/365-tage-sylt\/wp-content\/uploads\/2023\/02\/3A5B2C50-E46E-43DE-9BEC-E56C598BBC0A-768x512.jpeg 768w\" sizes=\"auto, (max-width: 1200px) 100vw, 1200px\" \/><\/p>\n<p>Nachmittags fahre ich zum s\u00fcdlichen Insel-Ende. Dazu morgen mehr\u2026<\/p>\n","protected":false},"excerpt":{"rendered":"<p>Als ich um 5:45 Uhr aufs Fahrrad steige um zum Ellenbogen zu radeln, kommt sie wieder, die Erkenntnis, da\u00df ich den besten Job der Welt habe. Obwohl ich in der keimenden D\u00e4mmerung \u00fcber dem Festland bald ablesen kann, da\u00df gro\u00dfe Fotos an diesem Morgen eher nicht zu erwarten sind. Als ich die Ellenbogenspitze um kurz vor 7 Uhr erreiche, werde ich bereits erwartet: Das angedachte Foto-Programm kann ich schnell streichen,&hellip;<\/p>\n","protected":false},"author":2,"featured_media":13734,"comment_status":"open","ping_status":"open","sticky":false,"template":"","format":"standard","meta":{"footnotes":""},"categories":[27,39,24,28,1,23],"tags":[],"class_list":["post-13733","post","type-post","status-publish","format-standard","has-post-thumbnail","hentry","category-alle-bilder","category-arbeit","category-duenen","category-haeuser","category-uncategorized","category-winter"],"jetpack_featured_media_url":"https:\/\/jessel.de\/365-tage-sylt\/wp-content\/uploads\/2023\/02\/3B0743E8-2318-493C-9205-C65CED96FBE4.jpeg","_links":{"self":[{"href":"https:\/\/jessel.de\/365-tage-sylt\/wp-json\/wp\/v2\/posts\/13733","targetHints":{"allow":["GET"]}}],"collection":[{"href":"https:\/\/jessel.de\/365-tage-sylt\/wp-json\/wp\/v2\/posts"}],"about":[{"href":"https:\/\/jessel.de\/365-tage-sylt\/wp-json\/wp\/v2\/types\/post"}],"author":[{"embeddable":true,"href":"https:\/\/jessel.de\/365-tage-sylt\/wp-json\/wp\/v2\/users\/2"}],"replies":[{"embeddable":true,"href":"https:\/\/jessel.de\/365-tage-sylt\/wp-json\/wp\/v2\/comments?post=13733"}],"version-history":[{"count":3,"href":"https:\/\/jessel.de\/365-tage-sylt\/wp-json\/wp\/v2\/posts\/13733\/revisions"}],"predecessor-version":[{"id":13739,"href":"https:\/\/jessel.de\/365-tage-sylt\/wp-json\/wp\/v2\/posts\/13733\/revisions\/13739"}],"wp:featuredmedia":[{"embeddable":true,"href":"https:\/\/jessel.de\/365-tage-sylt\/wp-json\/wp\/v2\/media\/13734"}],"wp:attachment":[{"href":"https:\/\/jessel.de\/365-tage-sylt\/wp-json\/wp\/v2\/media?parent=13733"}],"wp:term":[{"taxonomy":"category","embeddable":true,"href":"https:\/\/jessel.de\/365-tage-sylt\/wp-json\/wp\/v2\/categories?post=13733"},{"taxonomy":"post_tag","embeddable":true,"href":"https:\/\/jessel.de\/365-tage-sylt\/wp-json\/wp\/v2\/tags?post=13733"}],"curies":[{"name":"wp","href":"https:\/\/api.w.org\/{rel}","templated":true}]}}