{"id":13834,"date":"2023-03-09T16:26:36","date_gmt":"2023-03-09T16:26:36","guid":{"rendered":"https:\/\/jessel.de\/365-tage-sylt\/?p=13834"},"modified":"2023-03-09T16:26:36","modified_gmt":"2023-03-09T16:26:36","slug":"8-maerz-spaetnachmittags","status":"publish","type":"post","link":"https:\/\/jessel.de\/365-tage-sylt\/8-maerz-spaetnachmittags\/","title":{"rendered":"8. M\u00e4rz, sp\u00e4tnachmittags"},"content":{"rendered":"<p>Die ausgesprochene \u201eRuhe nach dem Sturm\u201c h\u00e4lt bis zum Abend an. Mehr Kontrast zu dem gestrigen Inferno ist kaum denkbar.<\/p>\n<p>Mich zieht es auch nachmittags ans Wattufer zur\u00fcck. Auf der einen Seite sto\u00dfe ich dabei auf manch\u2019 skurriles Ambiente\u2026:<\/p>\n<p><img loading=\"lazy\" decoding=\"async\" class=\"alignnone size-full wp-image-13836\" src=\"https:\/\/jessel.de\/365-tage-sylt\/wp-content\/uploads\/2023\/03\/D11AFA19-291F-4AC2-B883-136E599FDAEB.jpeg\" alt=\"\" width=\"1202\" height=\"800\" srcset=\"https:\/\/jessel.de\/365-tage-sylt\/wp-content\/uploads\/2023\/03\/D11AFA19-291F-4AC2-B883-136E599FDAEB.jpeg 1202w, https:\/\/jessel.de\/365-tage-sylt\/wp-content\/uploads\/2023\/03\/D11AFA19-291F-4AC2-B883-136E599FDAEB-300x200.jpeg 300w, https:\/\/jessel.de\/365-tage-sylt\/wp-content\/uploads\/2023\/03\/D11AFA19-291F-4AC2-B883-136E599FDAEB-1024x682.jpeg 1024w, https:\/\/jessel.de\/365-tage-sylt\/wp-content\/uploads\/2023\/03\/D11AFA19-291F-4AC2-B883-136E599FDAEB-768x511.jpeg 768w\" sizes=\"auto, (max-width: 1202px) 100vw, 1202px\" \/><\/p>\n<p>\u2026 mehr jedoch interessieren mich die weiterhin von Nordwesten her durchziehenden Schneeschauer, die \u00fcber das nahe Festland ziehen:<\/p>\n<p><img loading=\"lazy\" decoding=\"async\" class=\"alignnone size-full wp-image-13837\" src=\"https:\/\/jessel.de\/365-tage-sylt\/wp-content\/uploads\/2023\/03\/2BC6DDF3-BF25-447C-A64D-1045BE44D8EB.jpeg\" alt=\"\" width=\"2075\" height=\"800\" srcset=\"https:\/\/jessel.de\/365-tage-sylt\/wp-content\/uploads\/2023\/03\/2BC6DDF3-BF25-447C-A64D-1045BE44D8EB.jpeg 2075w, https:\/\/jessel.de\/365-tage-sylt\/wp-content\/uploads\/2023\/03\/2BC6DDF3-BF25-447C-A64D-1045BE44D8EB-300x116.jpeg 300w, https:\/\/jessel.de\/365-tage-sylt\/wp-content\/uploads\/2023\/03\/2BC6DDF3-BF25-447C-A64D-1045BE44D8EB-1024x395.jpeg 1024w, https:\/\/jessel.de\/365-tage-sylt\/wp-content\/uploads\/2023\/03\/2BC6DDF3-BF25-447C-A64D-1045BE44D8EB-768x296.jpeg 768w, https:\/\/jessel.de\/365-tage-sylt\/wp-content\/uploads\/2023\/03\/2BC6DDF3-BF25-447C-A64D-1045BE44D8EB-1536x592.jpeg 1536w, https:\/\/jessel.de\/365-tage-sylt\/wp-content\/uploads\/2023\/03\/2BC6DDF3-BF25-447C-A64D-1045BE44D8EB-2048x790.jpeg 2048w\" sizes=\"auto, (max-width: 2075px) 100vw, 2075px\" \/><\/p>\n<p>Leider tut mir keine Schauerwolke den Gefallen, mal etwas n\u00e4her zu kommen oder gar \u00fcber die Insel zu ziehen, aber daf\u00fcr habe ich ja die gewaltigen Cumuli des heutigen Morgens im Kasten\u2026 \ud83d\ude09<\/p>\n","protected":false},"excerpt":{"rendered":"<p>Die ausgesprochene \u201eRuhe nach dem Sturm\u201c h\u00e4lt bis zum Abend an. Mehr Kontrast zu dem gestrigen Inferno ist kaum denkbar. Mich zieht es auch nachmittags ans Wattufer zur\u00fcck. Auf der einen Seite sto\u00dfe ich dabei auf manch\u2019 skurriles Ambiente\u2026: \u2026 mehr jedoch interessieren mich die weiterhin von Nordwesten her durchziehenden Schneeschauer, die \u00fcber das nahe Festland ziehen: Leider tut mir keine Schauerwolke den Gefallen, mal etwas n\u00e4her zu kommen oder&hellip;<\/p>\n","protected":false},"author":2,"featured_media":13835,"comment_status":"open","ping_status":"open","sticky":false,"template":"","format":"standard","meta":{"footnotes":""},"categories":[27,39,50,42,23],"tags":[],"class_list":["post-13834","post","type-post","status-publish","format-standard","has-post-thumbnail","hentry","category-alle-bilder","category-arbeit","category-munkmarsch","category-watt","category-winter"],"jetpack_featured_media_url":"https:\/\/jessel.de\/365-tage-sylt\/wp-content\/uploads\/2023\/03\/7B979E99-E4B6-4233-A6AF-8704FFA10EBA.jpeg","_links":{"self":[{"href":"https:\/\/jessel.de\/365-tage-sylt\/wp-json\/wp\/v2\/posts\/13834","targetHints":{"allow":["GET"]}}],"collection":[{"href":"https:\/\/jessel.de\/365-tage-sylt\/wp-json\/wp\/v2\/posts"}],"about":[{"href":"https:\/\/jessel.de\/365-tage-sylt\/wp-json\/wp\/v2\/types\/post"}],"author":[{"embeddable":true,"href":"https:\/\/jessel.de\/365-tage-sylt\/wp-json\/wp\/v2\/users\/2"}],"replies":[{"embeddable":true,"href":"https:\/\/jessel.de\/365-tage-sylt\/wp-json\/wp\/v2\/comments?post=13834"}],"version-history":[{"count":1,"href":"https:\/\/jessel.de\/365-tage-sylt\/wp-json\/wp\/v2\/posts\/13834\/revisions"}],"predecessor-version":[{"id":13838,"href":"https:\/\/jessel.de\/365-tage-sylt\/wp-json\/wp\/v2\/posts\/13834\/revisions\/13838"}],"wp:featuredmedia":[{"embeddable":true,"href":"https:\/\/jessel.de\/365-tage-sylt\/wp-json\/wp\/v2\/media\/13835"}],"wp:attachment":[{"href":"https:\/\/jessel.de\/365-tage-sylt\/wp-json\/wp\/v2\/media?parent=13834"}],"wp:term":[{"taxonomy":"category","embeddable":true,"href":"https:\/\/jessel.de\/365-tage-sylt\/wp-json\/wp\/v2\/categories?post=13834"},{"taxonomy":"post_tag","embeddable":true,"href":"https:\/\/jessel.de\/365-tage-sylt\/wp-json\/wp\/v2\/tags?post=13834"}],"curies":[{"name":"wp","href":"https:\/\/api.w.org\/{rel}","templated":true}]}}