{"id":13929,"date":"2023-03-22T10:28:53","date_gmt":"2023-03-22T10:28:53","guid":{"rendered":"https:\/\/jessel.de\/365-tage-sylt\/?p=13929"},"modified":"2023-03-22T18:14:50","modified_gmt":"2023-03-22T18:14:50","slug":"die-bildergebnisse-vom-hamburg-spaziergang","status":"publish","type":"post","link":"https:\/\/jessel.de\/365-tage-sylt\/die-bildergebnisse-vom-hamburg-spaziergang\/","title":{"rendered":"Die Bildergebnisse vom Hamburg-Spaziergang\u2026"},"content":{"rendered":"<p>\u2026 interessieren diverse Blogleser. Mittlerweile habe ich sie gesichtet, so da\u00df ich sie heute, als Nachtrag, pr\u00e4sentieren kann, inklusive der Ideen dahinter.<\/p>\n<p>Nach Jahrzehnten analoger Fotografie im Kleinbild-, Mittel- und Gro\u00dfformat und nunmehr 12- j\u00e4hriger digitaler Arbeit habe ich erlebt, wie sehr die Bildergebnisse von der jeweiligen Kameratechnik beeinflu\u00dft werden. N\u00e4mlich viel mehr als ich es zun\u00e4chst wahrhaben wollte. Es galt und gilt also, die jeweiligen St\u00e4rken und Schw\u00e4chen der Systeme zu kennen, oder besser: Erstere zu nutzen, Letztere zu kaschieren. Beim Schreiben merke ich gerade, da\u00df ich \u00fcber dieses Thema wohl ein Buch schreiben k\u00f6nnte\/m\u00fcsste, um alles zu erl\u00e4utern, was mir dazu einf\u00e4llt.<\/p>\n<p>Ab etwa der Jahrtausendwende fotografierte ich immer h\u00e4ufiger mit Sucherkameras des Leica M -Systems. Erst analog, ab 2011 digital. Gr\u00fcnde daf\u00fcr waren\/sind die \u00fcberragende Bildqualit\u00e4t, die Ger\u00e4uscharmut beim Ausl\u00f6sen sowie die M\u00f6glichkeit, beim Blick durch den Sucher au\u00dfer dem gew\u00e4hlten Ausschnitt auch noch das Drumherum sehen zu k\u00f6nnen.<\/p>\n<p>Ein Problem kann die Fokussierung darstellen, insbesondere bei bewegten Motiven, die sich auf den Fotografen zubewegen (Beispiel: Der Syltlauf). Hier hat Leica in der neuen M11 nun einen \u00a0\u201eLive-View\u201c mit roten Markierungen vorgestellt, die den Sch\u00e4rfebereich deutlich umrei\u00dfen. Zum Trainieren dieses Features be\u00e4uge ich die tiefengestaffelten Grabsteine des Altonaer J\u00fcdischen Friedhofs und fokussiere durch das Absperrgitter hin und her &#8211; bis mich eine steinalte Passantin von hinten fragt, ob sie mir irgendwie helfen k\u00f6nne:<\/p>\n<p><img loading=\"lazy\" decoding=\"async\" class=\"alignnone size-full wp-image-13938\" src=\"https:\/\/jessel.de\/365-tage-sylt\/wp-content\/uploads\/2023\/03\/EB5D3B4F-461D-4D28-A521-95181E1C7D3A.jpeg\" alt=\"\" width=\"1205\" height=\"800\" srcset=\"https:\/\/jessel.de\/365-tage-sylt\/wp-content\/uploads\/2023\/03\/EB5D3B4F-461D-4D28-A521-95181E1C7D3A.jpeg 1205w, https:\/\/jessel.de\/365-tage-sylt\/wp-content\/uploads\/2023\/03\/EB5D3B4F-461D-4D28-A521-95181E1C7D3A-300x199.jpeg 300w, https:\/\/jessel.de\/365-tage-sylt\/wp-content\/uploads\/2023\/03\/EB5D3B4F-461D-4D28-A521-95181E1C7D3A-1024x680.jpeg 1024w, https:\/\/jessel.de\/365-tage-sylt\/wp-content\/uploads\/2023\/03\/EB5D3B4F-461D-4D28-A521-95181E1C7D3A-768x510.jpeg 768w\" sizes=\"auto, (max-width: 1205px) 100vw, 1205px\" \/><\/p>\n<p>Wunderbar \u00fcbrigens auch das d\u00fcstere Regenwetter dieses noch fr\u00fchen Morgens, welches die Fokussierung nicht gerade einfacher macht. Die neuartige digitale Fokussierung leuchtet mir im wahrsten Sinne des Wortes sofort ein.<\/p>\n<p>Die enorme Dateigr\u00f6\u00dfe von 60(!) MB wird mir zuk\u00fcnftig helfen, St\u00fcrzende Linien am Rechner auszugleichen und trotzdem noch genug \u201eRest-Datei\u201c, ausreichend f\u00fcr gro\u00dfformatige Kalenderbilder, zu retten:<\/p>\n<p><img loading=\"lazy\" decoding=\"async\" class=\"alignnone size-full wp-image-13939\" src=\"https:\/\/jessel.de\/365-tage-sylt\/wp-content\/uploads\/2023\/03\/D6FA47FC-9122-4984-A545-35270E193213.jpeg\" alt=\"\" width=\"1205\" height=\"800\" srcset=\"https:\/\/jessel.de\/365-tage-sylt\/wp-content\/uploads\/2023\/03\/D6FA47FC-9122-4984-A545-35270E193213.jpeg 1205w, https:\/\/jessel.de\/365-tage-sylt\/wp-content\/uploads\/2023\/03\/D6FA47FC-9122-4984-A545-35270E193213-300x199.jpeg 300w, https:\/\/jessel.de\/365-tage-sylt\/wp-content\/uploads\/2023\/03\/D6FA47FC-9122-4984-A545-35270E193213-1024x680.jpeg 1024w, https:\/\/jessel.de\/365-tage-sylt\/wp-content\/uploads\/2023\/03\/D6FA47FC-9122-4984-A545-35270E193213-768x510.jpeg 768w\" sizes=\"auto, (max-width: 1205px) 100vw, 1205px\" \/><\/p>\n<p>Die neuartige Fokussierung funktioniert auch bei \u201egrisseligen\u201c Motiven, zum Beispiel Zwergstr\u00e4uchern in \u201ePlanten un Blomen\u201c, senkrecht von oben fotografiert:<\/p>\n<p><img loading=\"lazy\" decoding=\"async\" class=\"alignnone size-full wp-image-13937\" src=\"https:\/\/jessel.de\/365-tage-sylt\/wp-content\/uploads\/2023\/03\/A4B17411-D248-45D8-A5E8-1EA83EB9437E.jpeg\" alt=\"\" width=\"1205\" height=\"800\" srcset=\"https:\/\/jessel.de\/365-tage-sylt\/wp-content\/uploads\/2023\/03\/A4B17411-D248-45D8-A5E8-1EA83EB9437E.jpeg 1205w, https:\/\/jessel.de\/365-tage-sylt\/wp-content\/uploads\/2023\/03\/A4B17411-D248-45D8-A5E8-1EA83EB9437E-300x199.jpeg 300w, https:\/\/jessel.de\/365-tage-sylt\/wp-content\/uploads\/2023\/03\/A4B17411-D248-45D8-A5E8-1EA83EB9437E-1024x680.jpeg 1024w, https:\/\/jessel.de\/365-tage-sylt\/wp-content\/uploads\/2023\/03\/A4B17411-D248-45D8-A5E8-1EA83EB9437E-768x510.jpeg 768w\" sizes=\"auto, (max-width: 1205px) 100vw, 1205px\" \/><\/p>\n<p>Bei den Elbbr\u00fccken finde ich wiederum ein gutes Motiv f\u00fcr Spiel\u2018chen mit der neuen Fokussierungsmethode, die nun bereits etwas fl\u00fcssiger von der Hand geht:<\/p>\n<p><img loading=\"lazy\" decoding=\"async\" class=\"alignnone size-full wp-image-13935\" src=\"https:\/\/jessel.de\/365-tage-sylt\/wp-content\/uploads\/2023\/03\/49923B20-38A7-44D8-80FF-17A35D721B8D.jpeg\" alt=\"\" width=\"531\" height=\"800\" srcset=\"https:\/\/jessel.de\/365-tage-sylt\/wp-content\/uploads\/2023\/03\/49923B20-38A7-44D8-80FF-17A35D721B8D.jpeg 531w, https:\/\/jessel.de\/365-tage-sylt\/wp-content\/uploads\/2023\/03\/49923B20-38A7-44D8-80FF-17A35D721B8D-199x300.jpeg 199w\" sizes=\"auto, (max-width: 531px) 100vw, 531px\" \/><\/p>\n<p>Links und rechts meines Weges (\u00fcbrigens wiederum eines Abschnitts des Jakobsweges \u201eVia Baltica\u201c) wird gebaut ohne Ende. Rechterhand die bereits planierten und gegen \u00dcberflutungen erh\u00f6hten Erweiterungsfl\u00e4chen der Hafencity\u2026:<\/p>\n<p><img loading=\"lazy\" decoding=\"async\" class=\"alignnone size-full wp-image-13933\" src=\"https:\/\/jessel.de\/365-tage-sylt\/wp-content\/uploads\/2023\/03\/06599EBA-471A-49F9-9B45-D727B2138E5A.jpeg\" alt=\"\" width=\"1204\" height=\"800\" srcset=\"https:\/\/jessel.de\/365-tage-sylt\/wp-content\/uploads\/2023\/03\/06599EBA-471A-49F9-9B45-D727B2138E5A.jpeg 1204w, https:\/\/jessel.de\/365-tage-sylt\/wp-content\/uploads\/2023\/03\/06599EBA-471A-49F9-9B45-D727B2138E5A-300x199.jpeg 300w, https:\/\/jessel.de\/365-tage-sylt\/wp-content\/uploads\/2023\/03\/06599EBA-471A-49F9-9B45-D727B2138E5A-1024x680.jpeg 1024w, https:\/\/jessel.de\/365-tage-sylt\/wp-content\/uploads\/2023\/03\/06599EBA-471A-49F9-9B45-D727B2138E5A-768x510.jpeg 768w\" sizes=\"auto, (max-width: 1204px) 100vw, 1204px\" \/><\/p>\n<p>\u2026 linkerhand der \u201eElbtower\u201c, der bis 2025 auf 233 Meter angewachsen sein soll. Beim \u00dcberqueren der mehrspurigen Ausfallstra\u00dfe \u201eAm Moldauhafen\u201c mache ich mir berechtigte Sorgen um meine neue Kamera, denn der Schwerlastverkehr knallt hier ungebremst durch, wenn nicht gerade eine Ampel auf ROT springt:<\/p>\n<p><img loading=\"lazy\" decoding=\"async\" class=\"alignnone size-full wp-image-13934\" src=\"https:\/\/jessel.de\/365-tage-sylt\/wp-content\/uploads\/2023\/03\/36258061-3041-4464-A4F4-80561E0B395B.jpeg\" alt=\"\" width=\"1205\" height=\"800\" srcset=\"https:\/\/jessel.de\/365-tage-sylt\/wp-content\/uploads\/2023\/03\/36258061-3041-4464-A4F4-80561E0B395B.jpeg 1205w, https:\/\/jessel.de\/365-tage-sylt\/wp-content\/uploads\/2023\/03\/36258061-3041-4464-A4F4-80561E0B395B-300x199.jpeg 300w, https:\/\/jessel.de\/365-tage-sylt\/wp-content\/uploads\/2023\/03\/36258061-3041-4464-A4F4-80561E0B395B-1024x680.jpeg 1024w, https:\/\/jessel.de\/365-tage-sylt\/wp-content\/uploads\/2023\/03\/36258061-3041-4464-A4F4-80561E0B395B-768x510.jpeg 768w\" sizes=\"auto, (max-width: 1205px) 100vw, 1205px\" \/><\/p>\n<p>Nach einer knapp 14 Kilometer messenden Fotowanderung erreiche ich mein Etappenziel, die idyllisch zwischen diesen Stra\u00dfen gelegene \u201eVeddeler Fischgastst\u00e4tte\u201c, die j\u00fcngst in den Kreis meiner Lieblings-Restaurants aufgenommen werden konnte:<\/p>\n<p><img loading=\"lazy\" decoding=\"async\" class=\"alignnone size-full wp-image-13932\" src=\"https:\/\/jessel.de\/365-tage-sylt\/wp-content\/uploads\/2023\/03\/75477A7D-8A9A-403E-8070-23B69E877543.jpeg\" alt=\"\" width=\"1205\" height=\"800\" srcset=\"https:\/\/jessel.de\/365-tage-sylt\/wp-content\/uploads\/2023\/03\/75477A7D-8A9A-403E-8070-23B69E877543.jpeg 1205w, https:\/\/jessel.de\/365-tage-sylt\/wp-content\/uploads\/2023\/03\/75477A7D-8A9A-403E-8070-23B69E877543-300x199.jpeg 300w, https:\/\/jessel.de\/365-tage-sylt\/wp-content\/uploads\/2023\/03\/75477A7D-8A9A-403E-8070-23B69E877543-1024x680.jpeg 1024w, https:\/\/jessel.de\/365-tage-sylt\/wp-content\/uploads\/2023\/03\/75477A7D-8A9A-403E-8070-23B69E877543-768x510.jpeg 768w\" sizes=\"auto, (max-width: 1205px) 100vw, 1205px\" \/><\/p>\n<p>Um Punkt 11 Uhr \u00f6ffnet die Chefin Olivia h\u00f6chstselbst ihren kulinarischen Au\u00dfenposten:<\/p>\n<p><img loading=\"lazy\" decoding=\"async\" class=\"alignnone size-full wp-image-13931\" src=\"https:\/\/jessel.de\/365-tage-sylt\/wp-content\/uploads\/2023\/03\/45457352-25E9-4E83-B092-7F75BB26F592.jpeg\" alt=\"\" width=\"1205\" height=\"800\" srcset=\"https:\/\/jessel.de\/365-tage-sylt\/wp-content\/uploads\/2023\/03\/45457352-25E9-4E83-B092-7F75BB26F592.jpeg 1205w, https:\/\/jessel.de\/365-tage-sylt\/wp-content\/uploads\/2023\/03\/45457352-25E9-4E83-B092-7F75BB26F592-300x199.jpeg 300w, https:\/\/jessel.de\/365-tage-sylt\/wp-content\/uploads\/2023\/03\/45457352-25E9-4E83-B092-7F75BB26F592-1024x680.jpeg 1024w, https:\/\/jessel.de\/365-tage-sylt\/wp-content\/uploads\/2023\/03\/45457352-25E9-4E83-B092-7F75BB26F592-768x510.jpeg 768w\" sizes=\"auto, (max-width: 1205px) 100vw, 1205px\" \/><\/p>\n<p>Nach einer S-Bahnfahrt bis zum Hauptbahnhof f\u00fchrt mich ein willkommener Verdauungsspaziergang zu den gegenw\u00e4rtig Christom\u00e4\u00dfig verpackten Deichtorhallen\u2026:<\/p>\n<p><img loading=\"lazy\" decoding=\"async\" class=\"alignnone size-full wp-image-13930\" src=\"https:\/\/jessel.de\/365-tage-sylt\/wp-content\/uploads\/2023\/03\/689BC219-7E0B-4053-8B6F-695ABDF5B572.jpeg\" alt=\"\" width=\"1205\" height=\"800\" srcset=\"https:\/\/jessel.de\/365-tage-sylt\/wp-content\/uploads\/2023\/03\/689BC219-7E0B-4053-8B6F-695ABDF5B572.jpeg 1205w, https:\/\/jessel.de\/365-tage-sylt\/wp-content\/uploads\/2023\/03\/689BC219-7E0B-4053-8B6F-695ABDF5B572-300x199.jpeg 300w, https:\/\/jessel.de\/365-tage-sylt\/wp-content\/uploads\/2023\/03\/689BC219-7E0B-4053-8B6F-695ABDF5B572-1024x680.jpeg 1024w, https:\/\/jessel.de\/365-tage-sylt\/wp-content\/uploads\/2023\/03\/689BC219-7E0B-4053-8B6F-695ABDF5B572-768x510.jpeg 768w\" sizes=\"auto, (max-width: 1205px) 100vw, 1205px\" \/><\/p>\n<p>\u2026 wo ich in einer Container-Installation die Schummerlicht-Ausstellung von Ragnar Axelsson (und deren Besucher) lautlos fotografiere:<\/p>\n<p><img loading=\"lazy\" decoding=\"async\" class=\"alignnone size-full wp-image-13943\" src=\"https:\/\/jessel.de\/365-tage-sylt\/wp-content\/uploads\/2023\/03\/1817B185-8ECD-4F19-B04A-51B56A3A5DC3.jpeg\" alt=\"\" width=\"1205\" height=\"800\" srcset=\"https:\/\/jessel.de\/365-tage-sylt\/wp-content\/uploads\/2023\/03\/1817B185-8ECD-4F19-B04A-51B56A3A5DC3.jpeg 1205w, https:\/\/jessel.de\/365-tage-sylt\/wp-content\/uploads\/2023\/03\/1817B185-8ECD-4F19-B04A-51B56A3A5DC3-300x199.jpeg 300w, https:\/\/jessel.de\/365-tage-sylt\/wp-content\/uploads\/2023\/03\/1817B185-8ECD-4F19-B04A-51B56A3A5DC3-1024x680.jpeg 1024w, https:\/\/jessel.de\/365-tage-sylt\/wp-content\/uploads\/2023\/03\/1817B185-8ECD-4F19-B04A-51B56A3A5DC3-768x510.jpeg 768w\" sizes=\"auto, (max-width: 1205px) 100vw, 1205px\" \/><\/p>\n<p>Das heutige Titelbild zeigt eine Bronzeskulptur namens \u201eDer letzte Abschied\u201c vor dem S\u00fcdausgang des Dammtor Bahnhofs, die an die zwischen 1938 und 1939 nach England deportierten ca. 1.000 j\u00fcdischen Kinder erinnert.<\/p>\n<p>&nbsp;<\/p>\n","protected":false},"excerpt":{"rendered":"<p>\u2026 interessieren diverse Blogleser. Mittlerweile habe ich sie gesichtet, so da\u00df ich sie heute, als Nachtrag, pr\u00e4sentieren kann, inklusive der Ideen dahinter. Nach Jahrzehnten analoger Fotografie im Kleinbild-, Mittel- und Gro\u00dfformat und nunmehr 12- j\u00e4hriger digitaler Arbeit habe ich erlebt, wie sehr die Bildergebnisse von der jeweiligen Kameratechnik beeinflu\u00dft werden. N\u00e4mlich viel mehr als ich es zun\u00e4chst wahrhaben wollte. Es galt und gilt also, die jeweiligen St\u00e4rken und Schw\u00e4chen der&hellip;<\/p>\n","protected":false},"author":2,"featured_media":13936,"comment_status":"open","ping_status":"open","sticky":false,"template":"","format":"standard","meta":{"footnotes":""},"categories":[27,39,41,28,3,35,29,33],"tags":[],"class_list":["post-13929","post","type-post","status-publish","format-standard","has-post-thumbnail","hentry","category-alle-bilder","category-arbeit","category-fruehling","category-haeuser","category-menschen","category-schlechtes-wetter","category-verkehr","category-woanders"],"jetpack_featured_media_url":"https:\/\/jessel.de\/365-tage-sylt\/wp-content\/uploads\/2023\/03\/A5136C34-F30C-4863-96C3-98BC15B4CC09.jpeg","_links":{"self":[{"href":"https:\/\/jessel.de\/365-tage-sylt\/wp-json\/wp\/v2\/posts\/13929","targetHints":{"allow":["GET"]}}],"collection":[{"href":"https:\/\/jessel.de\/365-tage-sylt\/wp-json\/wp\/v2\/posts"}],"about":[{"href":"https:\/\/jessel.de\/365-tage-sylt\/wp-json\/wp\/v2\/types\/post"}],"author":[{"embeddable":true,"href":"https:\/\/jessel.de\/365-tage-sylt\/wp-json\/wp\/v2\/users\/2"}],"replies":[{"embeddable":true,"href":"https:\/\/jessel.de\/365-tage-sylt\/wp-json\/wp\/v2\/comments?post=13929"}],"version-history":[{"count":6,"href":"https:\/\/jessel.de\/365-tage-sylt\/wp-json\/wp\/v2\/posts\/13929\/revisions"}],"predecessor-version":[{"id":13948,"href":"https:\/\/jessel.de\/365-tage-sylt\/wp-json\/wp\/v2\/posts\/13929\/revisions\/13948"}],"wp:featuredmedia":[{"embeddable":true,"href":"https:\/\/jessel.de\/365-tage-sylt\/wp-json\/wp\/v2\/media\/13936"}],"wp:attachment":[{"href":"https:\/\/jessel.de\/365-tage-sylt\/wp-json\/wp\/v2\/media?parent=13929"}],"wp:term":[{"taxonomy":"category","embeddable":true,"href":"https:\/\/jessel.de\/365-tage-sylt\/wp-json\/wp\/v2\/categories?post=13929"},{"taxonomy":"post_tag","embeddable":true,"href":"https:\/\/jessel.de\/365-tage-sylt\/wp-json\/wp\/v2\/tags?post=13929"}],"curies":[{"name":"wp","href":"https:\/\/api.w.org\/{rel}","templated":true}]}}