{"id":13949,"date":"2023-03-23T19:33:56","date_gmt":"2023-03-23T19:33:56","guid":{"rendered":"https:\/\/jessel.de\/365-tage-sylt\/?p=13949"},"modified":"2023-03-23T19:36:57","modified_gmt":"2023-03-23T19:36:57","slug":"23-maerz-ein-abend-am-strand-mit-der-neuen-knipse","status":"publish","type":"post","link":"https:\/\/jessel.de\/365-tage-sylt\/23-maerz-ein-abend-am-strand-mit-der-neuen-knipse\/","title":{"rendered":"23. M\u00e4rz: Ein Abend am Strand\u2026 mit der neuen Knipse"},"content":{"rendered":"<p>Die letzten Schauer sind bald nach Sonnenaufgang Geschichte. Es steht ein sonniger Tag bevor, wunderbar, allerdings einer der diesigen Art, zum Fotografieren nicht ganz so wunderbar.<\/p>\n<p>Erst kurz vor Sonnenuntergang packe ich mein neues Schmuckst\u00fcck ein und schaue mal, was machbar ist. Und kann nur staunen &#8211; \u00fcber den Dynamikumfang, den regelrechten \u201eSchmelz\u201c der Aufnahmen, die \u00fcberragende Bildqualit\u00e4t, boah:<\/p>\n<p><img loading=\"lazy\" decoding=\"async\" class=\"alignnone size-full wp-image-13951\" src=\"https:\/\/jessel.de\/365-tage-sylt\/wp-content\/uploads\/2023\/03\/C7CB081A-730A-4F7C-8711-FB8399708542.jpeg\" alt=\"\" width=\"1205\" height=\"800\" srcset=\"https:\/\/jessel.de\/365-tage-sylt\/wp-content\/uploads\/2023\/03\/C7CB081A-730A-4F7C-8711-FB8399708542.jpeg 1205w, https:\/\/jessel.de\/365-tage-sylt\/wp-content\/uploads\/2023\/03\/C7CB081A-730A-4F7C-8711-FB8399708542-300x199.jpeg 300w, https:\/\/jessel.de\/365-tage-sylt\/wp-content\/uploads\/2023\/03\/C7CB081A-730A-4F7C-8711-FB8399708542-1024x680.jpeg 1024w, https:\/\/jessel.de\/365-tage-sylt\/wp-content\/uploads\/2023\/03\/C7CB081A-730A-4F7C-8711-FB8399708542-768x510.jpeg 768w\" sizes=\"auto, (max-width: 1205px) 100vw, 1205px\" \/><\/p>\n<p>Es ist viel los am Westerl\u00e4nder Nordstrand. Trotz des k\u00fchlen S\u00fcdwestwinds gibt\u2019s hier kalten Schampus, obwohl &#8211; gef\u00fchlt &#8211; eher noch Punsch oder Grog angesagt w\u00e4ren:<\/p>\n<p><img loading=\"lazy\" decoding=\"async\" class=\"alignnone size-full wp-image-13952\" src=\"https:\/\/jessel.de\/365-tage-sylt\/wp-content\/uploads\/2023\/03\/1FDC3ABF-A71E-4B59-9E19-AC893E5F38E1.jpeg\" alt=\"\" width=\"1205\" height=\"800\" srcset=\"https:\/\/jessel.de\/365-tage-sylt\/wp-content\/uploads\/2023\/03\/1FDC3ABF-A71E-4B59-9E19-AC893E5F38E1.jpeg 1205w, https:\/\/jessel.de\/365-tage-sylt\/wp-content\/uploads\/2023\/03\/1FDC3ABF-A71E-4B59-9E19-AC893E5F38E1-300x199.jpeg 300w, https:\/\/jessel.de\/365-tage-sylt\/wp-content\/uploads\/2023\/03\/1FDC3ABF-A71E-4B59-9E19-AC893E5F38E1-1024x680.jpeg 1024w, https:\/\/jessel.de\/365-tage-sylt\/wp-content\/uploads\/2023\/03\/1FDC3ABF-A71E-4B59-9E19-AC893E5F38E1-768x510.jpeg 768w\" sizes=\"auto, (max-width: 1205px) 100vw, 1205px\" \/><\/p>\n<p>Das kleine Zwischenhoch wird von dem n\u00e4chsten Tief verdr\u00e4ngt. Dieses bringt den enormen Dunst, der mir wiederum erm\u00f6glicht, das finale Bild des Tages ohne Menschen zu fotografieren:<\/p>\n<p><img loading=\"lazy\" decoding=\"async\" class=\"alignnone size-full wp-image-13950\" src=\"https:\/\/jessel.de\/365-tage-sylt\/wp-content\/uploads\/2023\/03\/A6039268-5A56-4FD2-A9B7-1B124B0F5DBD.jpeg\" alt=\"\" width=\"1205\" height=\"800\" srcset=\"https:\/\/jessel.de\/365-tage-sylt\/wp-content\/uploads\/2023\/03\/A6039268-5A56-4FD2-A9B7-1B124B0F5DBD.jpeg 1205w, https:\/\/jessel.de\/365-tage-sylt\/wp-content\/uploads\/2023\/03\/A6039268-5A56-4FD2-A9B7-1B124B0F5DBD-300x199.jpeg 300w, https:\/\/jessel.de\/365-tage-sylt\/wp-content\/uploads\/2023\/03\/A6039268-5A56-4FD2-A9B7-1B124B0F5DBD-1024x680.jpeg 1024w, https:\/\/jessel.de\/365-tage-sylt\/wp-content\/uploads\/2023\/03\/A6039268-5A56-4FD2-A9B7-1B124B0F5DBD-768x510.jpeg 768w\" sizes=\"auto, (max-width: 1205px) 100vw, 1205px\" \/><\/p>\n<p>Die Bildergebnisse sind umwerfend, dabei reize ich die M\u00f6glichkeiten der Kamera noch gar nicht aus. Eines steht jetzt schon fest: Ab der Ausgabe f\u00fcr 2026 wird mein MEERLANDSCHAFT &#8211; Kalender anders aussehen als bisher, und zwar (noch) besser. \ud83d\ude09<\/p>\n","protected":false},"excerpt":{"rendered":"<p>Die letzten Schauer sind bald nach Sonnenaufgang Geschichte. Es steht ein sonniger Tag bevor, wunderbar, allerdings einer der diesigen Art, zum Fotografieren nicht ganz so wunderbar. Erst kurz vor Sonnenuntergang packe ich mein neues Schmuckst\u00fcck ein und schaue mal, was machbar ist. Und kann nur staunen &#8211; \u00fcber den Dynamikumfang, den regelrechten \u201eSchmelz\u201c der Aufnahmen, die \u00fcberragende Bildqualit\u00e4t, boah: Es ist viel los am Westerl\u00e4nder Nordstrand. Trotz des k\u00fchlen S\u00fcdwestwinds&hellip;<\/p>\n","protected":false},"author":2,"featured_media":13953,"comment_status":"open","ping_status":"open","sticky":false,"template":"","format":"standard","meta":{"footnotes":""},"categories":[27,39,24,41,3,26,2,7],"tags":[],"class_list":["post-13949","post","type-post","status-publish","format-standard","has-post-thumbnail","hentry","category-alle-bilder","category-arbeit","category-duenen","category-fruehling","category-menschen","category-strand","category-tourismus","category-westerland"],"jetpack_featured_media_url":"https:\/\/jessel.de\/365-tage-sylt\/wp-content\/uploads\/2023\/03\/39673996-35B1-45BB-ADB8-965E11702F65.jpeg","_links":{"self":[{"href":"https:\/\/jessel.de\/365-tage-sylt\/wp-json\/wp\/v2\/posts\/13949","targetHints":{"allow":["GET"]}}],"collection":[{"href":"https:\/\/jessel.de\/365-tage-sylt\/wp-json\/wp\/v2\/posts"}],"about":[{"href":"https:\/\/jessel.de\/365-tage-sylt\/wp-json\/wp\/v2\/types\/post"}],"author":[{"embeddable":true,"href":"https:\/\/jessel.de\/365-tage-sylt\/wp-json\/wp\/v2\/users\/2"}],"replies":[{"embeddable":true,"href":"https:\/\/jessel.de\/365-tage-sylt\/wp-json\/wp\/v2\/comments?post=13949"}],"version-history":[{"count":4,"href":"https:\/\/jessel.de\/365-tage-sylt\/wp-json\/wp\/v2\/posts\/13949\/revisions"}],"predecessor-version":[{"id":13957,"href":"https:\/\/jessel.de\/365-tage-sylt\/wp-json\/wp\/v2\/posts\/13949\/revisions\/13957"}],"wp:featuredmedia":[{"embeddable":true,"href":"https:\/\/jessel.de\/365-tage-sylt\/wp-json\/wp\/v2\/media\/13953"}],"wp:attachment":[{"href":"https:\/\/jessel.de\/365-tage-sylt\/wp-json\/wp\/v2\/media?parent=13949"}],"wp:term":[{"taxonomy":"category","embeddable":true,"href":"https:\/\/jessel.de\/365-tage-sylt\/wp-json\/wp\/v2\/categories?post=13949"},{"taxonomy":"post_tag","embeddable":true,"href":"https:\/\/jessel.de\/365-tage-sylt\/wp-json\/wp\/v2\/tags?post=13949"}],"curies":[{"name":"wp","href":"https:\/\/api.w.org\/{rel}","templated":true}]}}