{"id":13958,"date":"2023-03-25T05:02:32","date_gmt":"2023-03-25T05:02:32","guid":{"rendered":"https:\/\/jessel.de\/365-tage-sylt\/?p=13958"},"modified":"2023-03-25T06:45:50","modified_gmt":"2023-03-25T06:45:50","slug":"24-maerz-ein-kurzbesuch-im-sonnigen-sylter-sueden","status":"publish","type":"post","link":"https:\/\/jessel.de\/365-tage-sylt\/24-maerz-ein-kurzbesuch-im-sonnigen-sylter-sueden\/","title":{"rendered":"24. M\u00e4rz: Ein Kurzbesuch im sonnigen Sylter S\u00fcden"},"content":{"rendered":"<p>Der Osterrummel beginnt. Mein Bus nach H\u00f6rnum gleicht einer Sardinenb\u00fcchse. Koffer ohne Ende. Das kommt nun doch etwas \u00fcberraschend. Als ich am H\u00f6rnumer Oststrand die Ameisen-Karavane sehe, die sich in Richtung Odde schl\u00e4ngelt, ist\u2019s vorbei mit meiner Foto &#8211; Lust. Die weiterhin ausgesprochen diesige, fast wolkenlose Luft l\u00e4dt auch nicht gerade zum Bildermachen ein.<\/p>\n<p>Gl\u00fccklicherweise gibt es Caf\u00e9 Lund, dort das beste Sauerteigbrot der Insel. Mit diesem unterm Arm geht\u2019s mit dem n\u00e4chsten Bus zur\u00fcck nach Westerland.<\/p>\n","protected":false},"excerpt":{"rendered":"<p>Der Osterrummel beginnt. Mein Bus nach H\u00f6rnum gleicht einer Sardinenb\u00fcchse. Koffer ohne Ende. Das kommt nun doch etwas \u00fcberraschend. Als ich am H\u00f6rnumer Oststrand die Ameisen-Karavane sehe, die sich in Richtung Odde schl\u00e4ngelt, ist\u2019s vorbei mit meiner Foto &#8211; Lust. Die weiterhin ausgesprochen diesige, fast wolkenlose Luft l\u00e4dt auch nicht gerade zum Bildermachen ein. Gl\u00fccklicherweise gibt es Caf\u00e9 Lund, dort das beste Sauerteigbrot der Insel. Mit diesem unterm Arm geht\u2019s&hellip;<\/p>\n","protected":false},"author":2,"featured_media":13959,"comment_status":"open","ping_status":"open","sticky":false,"template":"","format":"standard","meta":{"footnotes":""},"categories":[27,39,41,28,1,43,3,2],"tags":[],"class_list":["post-13958","post","type-post","status-publish","format-standard","has-post-thumbnail","hentry","category-alle-bilder","category-arbeit","category-fruehling","category-haeuser","category-uncategorized","category-kulinarik","category-menschen","category-tourismus"],"jetpack_featured_media_url":"https:\/\/jessel.de\/365-tage-sylt\/wp-content\/uploads\/2023\/03\/CD1444A8-AAAA-4D46-9DAB-C46BD3896DA6.jpeg","_links":{"self":[{"href":"https:\/\/jessel.de\/365-tage-sylt\/wp-json\/wp\/v2\/posts\/13958","targetHints":{"allow":["GET"]}}],"collection":[{"href":"https:\/\/jessel.de\/365-tage-sylt\/wp-json\/wp\/v2\/posts"}],"about":[{"href":"https:\/\/jessel.de\/365-tage-sylt\/wp-json\/wp\/v2\/types\/post"}],"author":[{"embeddable":true,"href":"https:\/\/jessel.de\/365-tage-sylt\/wp-json\/wp\/v2\/users\/2"}],"replies":[{"embeddable":true,"href":"https:\/\/jessel.de\/365-tage-sylt\/wp-json\/wp\/v2\/comments?post=13958"}],"version-history":[{"count":4,"href":"https:\/\/jessel.de\/365-tage-sylt\/wp-json\/wp\/v2\/posts\/13958\/revisions"}],"predecessor-version":[{"id":13963,"href":"https:\/\/jessel.de\/365-tage-sylt\/wp-json\/wp\/v2\/posts\/13958\/revisions\/13963"}],"wp:featuredmedia":[{"embeddable":true,"href":"https:\/\/jessel.de\/365-tage-sylt\/wp-json\/wp\/v2\/media\/13959"}],"wp:attachment":[{"href":"https:\/\/jessel.de\/365-tage-sylt\/wp-json\/wp\/v2\/media?parent=13958"}],"wp:term":[{"taxonomy":"category","embeddable":true,"href":"https:\/\/jessel.de\/365-tage-sylt\/wp-json\/wp\/v2\/categories?post=13958"},{"taxonomy":"post_tag","embeddable":true,"href":"https:\/\/jessel.de\/365-tage-sylt\/wp-json\/wp\/v2\/tags?post=13958"}],"curies":[{"name":"wp","href":"https:\/\/api.w.org\/{rel}","templated":true}]}}