{"id":14020,"date":"2023-03-31T16:33:46","date_gmt":"2023-03-31T16:33:46","guid":{"rendered":"https:\/\/jessel.de\/365-tage-sylt\/?p=14020"},"modified":"2023-03-31T16:37:19","modified_gmt":"2023-03-31T16:37:19","slug":"30-31-maerz-wo-bin-ich","status":"publish","type":"post","link":"https:\/\/jessel.de\/365-tage-sylt\/30-31-maerz-wo-bin-ich\/","title":{"rendered":"30.\/31. M\u00e4rz: Wo bin ich?"},"content":{"rendered":"<p>Mein Sylt Shuttle Plus f\u00e4hrt zur Abwechslung und ohne erkennbaren Anlass mal ne halbe Stunde sp\u00e4ter ab, daf\u00fcr jedoch leer wie immer:<\/p>\n<p><img loading=\"lazy\" decoding=\"async\" class=\"alignnone size-full wp-image-14030\" src=\"https:\/\/jessel.de\/365-tage-sylt\/wp-content\/uploads\/2023\/03\/A8336C7B-2733-4644-9B91-4FF5B369BD5B.jpeg\" alt=\"\" width=\"1400\" height=\"800\" srcset=\"https:\/\/jessel.de\/365-tage-sylt\/wp-content\/uploads\/2023\/03\/A8336C7B-2733-4644-9B91-4FF5B369BD5B.jpeg 1400w, https:\/\/jessel.de\/365-tage-sylt\/wp-content\/uploads\/2023\/03\/A8336C7B-2733-4644-9B91-4FF5B369BD5B-300x171.jpeg 300w, https:\/\/jessel.de\/365-tage-sylt\/wp-content\/uploads\/2023\/03\/A8336C7B-2733-4644-9B91-4FF5B369BD5B-1024x585.jpeg 1024w, https:\/\/jessel.de\/365-tage-sylt\/wp-content\/uploads\/2023\/03\/A8336C7B-2733-4644-9B91-4FF5B369BD5B-768x439.jpeg 768w\" sizes=\"auto, (max-width: 1400px) 100vw, 1400px\" \/><\/p>\n<p>In der Nacht hat es gewaltig gesch\u00fcttet. Als ich morgens zum Sport radel\u2018, kreuzt eine Armada von Regenw\u00fcrmern meinen Weg, die den \u00dcberflutungen entgehen konnten. \u00a0Dementsprechend amphibisch pr\u00e4sentiert sich auch das nahe Festland\u2026:<\/p>\n<p><img loading=\"lazy\" decoding=\"async\" class=\"alignnone size-full wp-image-14022\" src=\"https:\/\/jessel.de\/365-tage-sylt\/wp-content\/uploads\/2023\/03\/83AB1386-0D86-4724-805D-C9C85CE54008.jpeg\" alt=\"\" width=\"1100\" height=\"800\" srcset=\"https:\/\/jessel.de\/365-tage-sylt\/wp-content\/uploads\/2023\/03\/83AB1386-0D86-4724-805D-C9C85CE54008.jpeg 1100w, https:\/\/jessel.de\/365-tage-sylt\/wp-content\/uploads\/2023\/03\/83AB1386-0D86-4724-805D-C9C85CE54008-300x218.jpeg 300w, https:\/\/jessel.de\/365-tage-sylt\/wp-content\/uploads\/2023\/03\/83AB1386-0D86-4724-805D-C9C85CE54008-1024x745.jpeg 1024w, https:\/\/jessel.de\/365-tage-sylt\/wp-content\/uploads\/2023\/03\/83AB1386-0D86-4724-805D-C9C85CE54008-768x559.jpeg 768w\" sizes=\"auto, (max-width: 1100px) 100vw, 1100px\" \/><\/p>\n<p>\u2026 bei der Querung mit dem Fahrrad\u2026:<\/p>\n<p><img loading=\"lazy\" decoding=\"async\" class=\"size-full wp-image-14028\" src=\"https:\/\/jessel.de\/365-tage-sylt\/wp-content\/uploads\/2023\/03\/7DC0EFA6-1B88-4B8A-911A-EE0D895D4335.jpeg\" alt=\"\" width=\"1100\" height=\"800\" srcset=\"https:\/\/jessel.de\/365-tage-sylt\/wp-content\/uploads\/2023\/03\/7DC0EFA6-1B88-4B8A-911A-EE0D895D4335.jpeg 1100w, https:\/\/jessel.de\/365-tage-sylt\/wp-content\/uploads\/2023\/03\/7DC0EFA6-1B88-4B8A-911A-EE0D895D4335-300x218.jpeg 300w, https:\/\/jessel.de\/365-tage-sylt\/wp-content\/uploads\/2023\/03\/7DC0EFA6-1B88-4B8A-911A-EE0D895D4335-1024x745.jpeg 1024w, https:\/\/jessel.de\/365-tage-sylt\/wp-content\/uploads\/2023\/03\/7DC0EFA6-1B88-4B8A-911A-EE0D895D4335-768x559.jpeg 768w\" sizes=\"auto, (max-width: 1100px) 100vw, 1100px\" \/><\/p>\n<p>\u2026 Richtung Flensburg. Die insgesamt ausgesprochen dunkle Gesamtstimmung wird noch untermalt von zahlreichen just geknickten Knicks &#8211; die zwar mittlerweile zum immateriellen Kulturerbe der Unesco z\u00e4hlen, auch wenn sie nach dem Knicken nicht so \u00fcberm\u00e4\u00dfig vorzeigbar daherkommen:<\/p>\n<p><img loading=\"lazy\" decoding=\"async\" class=\"size-full wp-image-14027\" src=\"https:\/\/jessel.de\/365-tage-sylt\/wp-content\/uploads\/2023\/03\/2CBBD674-83F7-4370-BEB3-86449D699A63.jpeg\" alt=\"\" width=\"1100\" height=\"800\" srcset=\"https:\/\/jessel.de\/365-tage-sylt\/wp-content\/uploads\/2023\/03\/2CBBD674-83F7-4370-BEB3-86449D699A63.jpeg 1100w, https:\/\/jessel.de\/365-tage-sylt\/wp-content\/uploads\/2023\/03\/2CBBD674-83F7-4370-BEB3-86449D699A63-300x218.jpeg 300w, https:\/\/jessel.de\/365-tage-sylt\/wp-content\/uploads\/2023\/03\/2CBBD674-83F7-4370-BEB3-86449D699A63-1024x745.jpeg 1024w, https:\/\/jessel.de\/365-tage-sylt\/wp-content\/uploads\/2023\/03\/2CBBD674-83F7-4370-BEB3-86449D699A63-768x559.jpeg 768w\" sizes=\"auto, (max-width: 1100px) 100vw, 1100px\" \/><\/p>\n<p>In Flensburg angekommen, bin ich zu einer Weinprobe eingeladen. Mademoiselle Aurelie, Repr\u00e4sentantin einer Els\u00e4sser Winzer-Genossenschaft (links im Foto), erl\u00e4utert mit einer geh\u00f6rigen Portion franz\u00f6sischem Charme alles Wissenswerte zu Cremants, Pinot Blanc, Muscat, Pinot Gris und Pinot Noir &#8211; und die Stimmung unter den drei\u00dfig Teilnehmern erklimmt in Rekordtempo ungeahnte H\u00f6hen\u2026:<\/p>\n<p><img loading=\"lazy\" decoding=\"async\" class=\"alignnone size-full wp-image-14032\" src=\"https:\/\/jessel.de\/365-tage-sylt\/wp-content\/uploads\/2023\/03\/949B079B-31D6-448E-973A-D8F63D90C1B6.jpeg\" alt=\"\" width=\"1100\" height=\"800\" srcset=\"https:\/\/jessel.de\/365-tage-sylt\/wp-content\/uploads\/2023\/03\/949B079B-31D6-448E-973A-D8F63D90C1B6.jpeg 1100w, https:\/\/jessel.de\/365-tage-sylt\/wp-content\/uploads\/2023\/03\/949B079B-31D6-448E-973A-D8F63D90C1B6-300x218.jpeg 300w, https:\/\/jessel.de\/365-tage-sylt\/wp-content\/uploads\/2023\/03\/949B079B-31D6-448E-973A-D8F63D90C1B6-1024x745.jpeg 1024w, https:\/\/jessel.de\/365-tage-sylt\/wp-content\/uploads\/2023\/03\/949B079B-31D6-448E-973A-D8F63D90C1B6-768x559.jpeg 768w\" sizes=\"auto, (max-width: 1100px) 100vw, 1100px\" \/><\/p>\n<p>Von den wunderbaren \u00d6lsardinen h\u00e4tte ich mir wohl besser vorher ein D\u00f6s\u2018chen geg\u00f6nnt &#8211; als Grundlage:<\/p>\n<p>&nbsp;<\/p>\n<p><img loading=\"lazy\" decoding=\"async\" class=\"size-full wp-image-14029\" src=\"https:\/\/jessel.de\/365-tage-sylt\/wp-content\/uploads\/2023\/03\/C3714459-A0C9-4FF0-AB95-D5B058B20891.jpeg\" alt=\"\" width=\"1100\" height=\"800\" srcset=\"https:\/\/jessel.de\/365-tage-sylt\/wp-content\/uploads\/2023\/03\/C3714459-A0C9-4FF0-AB95-D5B058B20891.jpeg 1100w, https:\/\/jessel.de\/365-tage-sylt\/wp-content\/uploads\/2023\/03\/C3714459-A0C9-4FF0-AB95-D5B058B20891-300x218.jpeg 300w, https:\/\/jessel.de\/365-tage-sylt\/wp-content\/uploads\/2023\/03\/C3714459-A0C9-4FF0-AB95-D5B058B20891-1024x745.jpeg 1024w, https:\/\/jessel.de\/365-tage-sylt\/wp-content\/uploads\/2023\/03\/C3714459-A0C9-4FF0-AB95-D5B058B20891-768x559.jpeg 768w\" sizes=\"auto, (max-width: 1100px) 100vw, 1100px\" \/><\/p>\n<p>So gibt es gute Gr\u00fcnde, am heutigen Morgen etwas l\u00e4nger auszuschlafen und erst am sp\u00e4ten Vormittag die R\u00fcckreise anzutreten. Diese f\u00fchrt mich durch teilweise skurrile Landschaften\u2026:<\/p>\n<p><img loading=\"lazy\" decoding=\"async\" class=\"alignnone size-full wp-image-14026\" src=\"https:\/\/jessel.de\/365-tage-sylt\/wp-content\/uploads\/2023\/03\/497F9EDB-CB13-4FD1-B7BF-31DEEB116427.jpeg\" alt=\"\" width=\"1100\" height=\"800\" srcset=\"https:\/\/jessel.de\/365-tage-sylt\/wp-content\/uploads\/2023\/03\/497F9EDB-CB13-4FD1-B7BF-31DEEB116427.jpeg 1100w, https:\/\/jessel.de\/365-tage-sylt\/wp-content\/uploads\/2023\/03\/497F9EDB-CB13-4FD1-B7BF-31DEEB116427-300x218.jpeg 300w, https:\/\/jessel.de\/365-tage-sylt\/wp-content\/uploads\/2023\/03\/497F9EDB-CB13-4FD1-B7BF-31DEEB116427-1024x745.jpeg 1024w, https:\/\/jessel.de\/365-tage-sylt\/wp-content\/uploads\/2023\/03\/497F9EDB-CB13-4FD1-B7BF-31DEEB116427-768x559.jpeg 768w\" sizes=\"auto, (max-width: 1100px) 100vw, 1100px\" \/><\/p>\n<p>\u2026 abseits der Stra\u00dfen (siehe auch den heutigen Titel: Landschaft bei H\u00f6rup), vorbei an netten ruralen Begegnungen\u2026:<\/p>\n<p><img loading=\"lazy\" decoding=\"async\" class=\"alignnone size-full wp-image-14025\" src=\"https:\/\/jessel.de\/365-tage-sylt\/wp-content\/uploads\/2023\/03\/F0A33FA0-62C5-4992-9AD2-2BCE1865C4FB.jpeg\" alt=\"\" width=\"1100\" height=\"800\" srcset=\"https:\/\/jessel.de\/365-tage-sylt\/wp-content\/uploads\/2023\/03\/F0A33FA0-62C5-4992-9AD2-2BCE1865C4FB.jpeg 1100w, https:\/\/jessel.de\/365-tage-sylt\/wp-content\/uploads\/2023\/03\/F0A33FA0-62C5-4992-9AD2-2BCE1865C4FB-300x218.jpeg 300w, https:\/\/jessel.de\/365-tage-sylt\/wp-content\/uploads\/2023\/03\/F0A33FA0-62C5-4992-9AD2-2BCE1865C4FB-1024x745.jpeg 1024w, https:\/\/jessel.de\/365-tage-sylt\/wp-content\/uploads\/2023\/03\/F0A33FA0-62C5-4992-9AD2-2BCE1865C4FB-768x559.jpeg 768w\" sizes=\"auto, (max-width: 1100px) 100vw, 1100px\" \/><\/p>\n<p>\u2026 zur\u00fcck in die Zivilisation, die sich &#8211; nach fast sechzig Kilometern Radtour, in besonders wohlfeiler Form darbietet:<\/p>\n<p><img loading=\"lazy\" decoding=\"async\" class=\"alignnone size-full wp-image-14024\" src=\"https:\/\/jessel.de\/365-tage-sylt\/wp-content\/uploads\/2023\/03\/2DBC4C32-C37A-4177-9F6A-D9EB50342A51.jpeg\" alt=\"\" width=\"1100\" height=\"800\" srcset=\"https:\/\/jessel.de\/365-tage-sylt\/wp-content\/uploads\/2023\/03\/2DBC4C32-C37A-4177-9F6A-D9EB50342A51.jpeg 1100w, https:\/\/jessel.de\/365-tage-sylt\/wp-content\/uploads\/2023\/03\/2DBC4C32-C37A-4177-9F6A-D9EB50342A51-300x218.jpeg 300w, https:\/\/jessel.de\/365-tage-sylt\/wp-content\/uploads\/2023\/03\/2DBC4C32-C37A-4177-9F6A-D9EB50342A51-1024x745.jpeg 1024w, https:\/\/jessel.de\/365-tage-sylt\/wp-content\/uploads\/2023\/03\/2DBC4C32-C37A-4177-9F6A-D9EB50342A51-768x559.jpeg 768w\" sizes=\"auto, (max-width: 1100px) 100vw, 1100px\" \/><\/p>\n<p>Die Pommes im Enge-Sander FRIESENECK sind immer noch die besten in weitem Umkreis.<\/p>\n<p>So erwische ich den Sylt Shuttle Plus in Nieb\u00fcll wohlgest\u00e4rkt um 14:30 Uhr, der mich non-stop auf die Insel zur\u00fcckbringt.<\/p>\n<p>&nbsp;<\/p>\n","protected":false},"excerpt":{"rendered":"<p>Mein Sylt Shuttle Plus f\u00e4hrt zur Abwechslung und ohne erkennbaren Anlass mal ne halbe Stunde sp\u00e4ter ab, daf\u00fcr jedoch leer wie immer: In der Nacht hat es gewaltig gesch\u00fcttet. Als ich morgens zum Sport radel\u2018, kreuzt eine Armada von Regenw\u00fcrmern meinen Weg, die den \u00dcberflutungen entgehen konnten. \u00a0Dementsprechend amphibisch pr\u00e4sentiert sich auch das nahe Festland\u2026: \u2026 bei der Querung mit dem Fahrrad\u2026: \u2026 Richtung Flensburg. Die insgesamt ausgesprochen dunkle Gesamtstimmung&hellip;<\/p>\n","protected":false},"author":2,"featured_media":14021,"comment_status":"open","ping_status":"open","sticky":false,"template":"","format":"standard","meta":{"footnotes":""},"categories":[27,39,41,44,35,4,29,33],"tags":[],"class_list":["post-14020","post","type-post","status-publish","format-standard","has-post-thumbnail","hentry","category-alle-bilder","category-arbeit","category-fruehling","category-pflanzen","category-schlechtes-wetter","category-spuren","category-verkehr","category-woanders"],"jetpack_featured_media_url":"https:\/\/jessel.de\/365-tage-sylt\/wp-content\/uploads\/2023\/03\/3A0AE28A-B4E0-4931-98C8-FEE3888C9383.jpeg","_links":{"self":[{"href":"https:\/\/jessel.de\/365-tage-sylt\/wp-json\/wp\/v2\/posts\/14020","targetHints":{"allow":["GET"]}}],"collection":[{"href":"https:\/\/jessel.de\/365-tage-sylt\/wp-json\/wp\/v2\/posts"}],"about":[{"href":"https:\/\/jessel.de\/365-tage-sylt\/wp-json\/wp\/v2\/types\/post"}],"author":[{"embeddable":true,"href":"https:\/\/jessel.de\/365-tage-sylt\/wp-json\/wp\/v2\/users\/2"}],"replies":[{"embeddable":true,"href":"https:\/\/jessel.de\/365-tage-sylt\/wp-json\/wp\/v2\/comments?post=14020"}],"version-history":[{"count":6,"href":"https:\/\/jessel.de\/365-tage-sylt\/wp-json\/wp\/v2\/posts\/14020\/revisions"}],"predecessor-version":[{"id":14037,"href":"https:\/\/jessel.de\/365-tage-sylt\/wp-json\/wp\/v2\/posts\/14020\/revisions\/14037"}],"wp:featuredmedia":[{"embeddable":true,"href":"https:\/\/jessel.de\/365-tage-sylt\/wp-json\/wp\/v2\/media\/14021"}],"wp:attachment":[{"href":"https:\/\/jessel.de\/365-tage-sylt\/wp-json\/wp\/v2\/media?parent=14020"}],"wp:term":[{"taxonomy":"category","embeddable":true,"href":"https:\/\/jessel.de\/365-tage-sylt\/wp-json\/wp\/v2\/categories?post=14020"},{"taxonomy":"post_tag","embeddable":true,"href":"https:\/\/jessel.de\/365-tage-sylt\/wp-json\/wp\/v2\/tags?post=14020"}],"curies":[{"name":"wp","href":"https:\/\/api.w.org\/{rel}","templated":true}]}}