{"id":14175,"date":"2023-04-18T19:25:21","date_gmt":"2023-04-18T19:25:21","guid":{"rendered":"https:\/\/jessel.de\/365-tage-sylt\/?p=14175"},"modified":"2023-04-19T04:43:49","modified_gmt":"2023-04-19T04:43:49","slug":"18-april-wo-bin-ich","status":"publish","type":"post","link":"https:\/\/jessel.de\/365-tage-sylt\/18-april-wo-bin-ich\/","title":{"rendered":"18. April: Wo bin ich?"},"content":{"rendered":"<p>Richtig. Dem Paradies sehr nahe. Wegen nerviger technischer Probleme alles Weitere erst morgen.<\/p>\n<p>Na gut, hier doch noch eine &#8211; deutliche &#8211; Erleichterung beim Raten. Unter Zuhilfenahme \u00a0eines Gem\u00e4ldes von Picasso, wie er diese K\u00fcstensituation interpretierte:<\/p>\n<p><img loading=\"lazy\" decoding=\"async\" class=\"alignnone size-full wp-image-14180\" src=\"https:\/\/jessel.de\/365-tage-sylt\/wp-content\/uploads\/2023\/04\/A0221CDB-7522-4BEB-BDFA-C97C3F624FF2.jpeg\" alt=\"\" width=\"1100\" height=\"800\" srcset=\"https:\/\/jessel.de\/365-tage-sylt\/wp-content\/uploads\/2023\/04\/A0221CDB-7522-4BEB-BDFA-C97C3F624FF2.jpeg 1100w, https:\/\/jessel.de\/365-tage-sylt\/wp-content\/uploads\/2023\/04\/A0221CDB-7522-4BEB-BDFA-C97C3F624FF2-300x218.jpeg 300w, https:\/\/jessel.de\/365-tage-sylt\/wp-content\/uploads\/2023\/04\/A0221CDB-7522-4BEB-BDFA-C97C3F624FF2-1024x745.jpeg 1024w, https:\/\/jessel.de\/365-tage-sylt\/wp-content\/uploads\/2023\/04\/A0221CDB-7522-4BEB-BDFA-C97C3F624FF2-768x559.jpeg 768w\" sizes=\"auto, (max-width: 1100px) 100vw, 1100px\" \/><\/p>\n<p>Los geht\u2019s mit der Aufl\u00f6sung:<\/p>\n<p>Ich hatte in den zur\u00fcckliegenden Jahren ja schon mehrmals betont, da\u00df ich ein gro\u00dfer Fan von \u00a0Bahnh\u00f6fen bin. Je gr\u00f6\u00dfer, je antiker, je quirliger das Ambiente, desto besser. Gerne stelle ich mich an eine unbeobachtete Stelle m\u00f6glichst dicht dran am Treiben und liebe das Gef\u00fchl, wenn mich die Ruhe \u00fcberkommt beim fassungslosen Staunen \u00fcber das vor mir ausgesch\u00fcttete F\u00fcllhorn an Schicksalen, die an mir vorbeigetrieben werden. Ich war zwar noch nicht in Neu Dehli oder Mumbai, aber die Gare du Nord in Paris oder die Grand Central Station in New York zur Rush Hour, das ist gro\u00dfes Kino f\u00fcr jeden Weltenbummler.<\/p>\n<p>Der Bahnhof von Marseille, der immerhin zweitgr\u00f6\u00dften Stadt Frankreichs, gl\u00e4nzt sicher auch durch seine Betriebsamkeit, mehr aber noch durch sein Ambiente &#8211; drau\u00dfenherum. Entstand er doch seit den 1840er Jahren auf einer nat\u00fcrlichen Gel\u00e4ndeempore n\u00f6rdlich des Stadtzentrums als Endstation und Sackbahnhof sowohl der wichtigsten Magistrale von Paris, als auch vom italienischen Ventimiglia her:<\/p>\n<p><img loading=\"lazy\" decoding=\"async\" class=\"size-full wp-image-14187\" src=\"https:\/\/jessel.de\/365-tage-sylt\/wp-content\/uploads\/2023\/04\/C938564F-74DC-4571-A533-3073F30A3AE0.jpeg\" alt=\"\" width=\"1100\" height=\"800\" srcset=\"https:\/\/jessel.de\/365-tage-sylt\/wp-content\/uploads\/2023\/04\/C938564F-74DC-4571-A533-3073F30A3AE0.jpeg 1100w, https:\/\/jessel.de\/365-tage-sylt\/wp-content\/uploads\/2023\/04\/C938564F-74DC-4571-A533-3073F30A3AE0-300x218.jpeg 300w, https:\/\/jessel.de\/365-tage-sylt\/wp-content\/uploads\/2023\/04\/C938564F-74DC-4571-A533-3073F30A3AE0-1024x745.jpeg 1024w, https:\/\/jessel.de\/365-tage-sylt\/wp-content\/uploads\/2023\/04\/C938564F-74DC-4571-A533-3073F30A3AE0-768x559.jpeg 768w\" sizes=\"auto, (max-width: 1100px) 100vw, 1100px\" \/><\/p>\n<p>Diese Freitreppe vor dem Marseiller Bahnhof ist in Architektur gegossene Kolonialgeschichte Frankreichs, nein Europas.<\/p>\n<p>Immer wieder musste der aus allen N\u00e4hten platzende Bahnhof erweitert werden, zuletzt mit einer riesigen Wandelhalle als westlichem Anbau in den 1990ern, uuund einem Busbahnhof, der am heutigen Vormittag mein Ziel ist:<\/p>\n<p><img loading=\"lazy\" decoding=\"async\" class=\"alignnone size-full wp-image-14190\" src=\"https:\/\/jessel.de\/365-tage-sylt\/wp-content\/uploads\/2023\/04\/21209BCD-F586-4B7D-B694-B9D989EB8112.jpeg\" alt=\"\" width=\"1100\" height=\"800\" srcset=\"https:\/\/jessel.de\/365-tage-sylt\/wp-content\/uploads\/2023\/04\/21209BCD-F586-4B7D-B694-B9D989EB8112.jpeg 1100w, https:\/\/jessel.de\/365-tage-sylt\/wp-content\/uploads\/2023\/04\/21209BCD-F586-4B7D-B694-B9D989EB8112-300x218.jpeg 300w, https:\/\/jessel.de\/365-tage-sylt\/wp-content\/uploads\/2023\/04\/21209BCD-F586-4B7D-B694-B9D989EB8112-1024x745.jpeg 1024w, https:\/\/jessel.de\/365-tage-sylt\/wp-content\/uploads\/2023\/04\/21209BCD-F586-4B7D-B694-B9D989EB8112-768x559.jpeg 768w\" sizes=\"auto, (max-width: 1100px) 100vw, 1100px\" \/><\/p>\n<p>Auch hier geht es crowdy zu, aber noch eine Sur diverser, enger &#8211; und waaahnsinnig spannend. W\u00e4hrend das Gros der Busse das Umland zwischen italienischer Grenze, Perpignan und Avignon bedienen, kommen im Viertelstunden-Takt die \u201eGrandes Lignes\u201c herein: Der Flixbus aus Barcelona zum Beispiel, mit Weiterfahrt \u00fcber Milano nach M\u00fcnchen, oder der hier startende Bus nach Budapest. Und der verschwitzte Busfahrer, der aus dem Bus von Lissabon aussteigt, sa\u00df offenbar auch schon l\u00e4nger am Steuer &#8211; und wird hier abgel\u00f6st f\u00fcr die Weiterfahrt werwei\u00dfwohin.<\/p>\n<p>Mein Bus dagegen ist \u00fcberf\u00e4llig. Zwanzig Minuten vorm Start soll der Reisende zum Einchecken parat stehen, aber es ist noch nicht einmal klar, von welchem Bussteig\u2026 die Aufregung ist gro\u00df: Eine Schwarzafrikanerin mit ihrem eingewickelten Kind auf dem R\u00fccken bekommt einen Wutanfall und rast wie ein Derwisch durch die Menge, der fast zwei Meter gro\u00dfe Tuarek in vollem, hellblauen Turban-Ornat fummelt nerv\u00f6s an seiner Rolex, die Roma-Gro\u00dffamilie gestikuliert in alle Himmelsrichtungen\u2026 und Hans? Saugt das ganze von stiller Warte aus in sich hinein und ist gaaanz ruhig, zentriert und mit allem zufrieden, so wie es ist. Was ihm nur selten gelingt, wie Ihr ja wisst.<\/p>\n<p>Aber dann, um kurz nach 12 Uhr, kommt mein BlaBlaBus um die Ecke\u2026:<\/p>\n<p><img loading=\"lazy\" decoding=\"async\" class=\"alignnone size-full wp-image-14191\" src=\"https:\/\/jessel.de\/365-tage-sylt\/wp-content\/uploads\/2023\/04\/96BA6C85-F956-4CB9-BA12-DBB0620D3165.jpeg\" alt=\"\" width=\"1100\" height=\"800\" srcset=\"https:\/\/jessel.de\/365-tage-sylt\/wp-content\/uploads\/2023\/04\/96BA6C85-F956-4CB9-BA12-DBB0620D3165.jpeg 1100w, https:\/\/jessel.de\/365-tage-sylt\/wp-content\/uploads\/2023\/04\/96BA6C85-F956-4CB9-BA12-DBB0620D3165-300x218.jpeg 300w, https:\/\/jessel.de\/365-tage-sylt\/wp-content\/uploads\/2023\/04\/96BA6C85-F956-4CB9-BA12-DBB0620D3165-1024x745.jpeg 1024w, https:\/\/jessel.de\/365-tage-sylt\/wp-content\/uploads\/2023\/04\/96BA6C85-F956-4CB9-BA12-DBB0620D3165-768x559.jpeg 768w\" sizes=\"auto, (max-width: 1100px) 100vw, 1100px\" \/><\/p>\n<p>\u2026 und da nur wenige Anwesende diese Route w\u00e4hlen, geht nun alles ganz flink: Handy-Fahrschein (f\u00fcr \u20ac 8,99) scannen, Rucksack in den Bauch des Busses, Platz 14a einnehmen &#8211; und ab geht die Post nach ANTIBES, in eine der Perlen der Cote d\u2018Azur.<\/p>\n<p>Das heutige Titelbild ist \u00fcbrigens der Blick aus meinem hiesigen Zimmer.<\/p>\n<p>&nbsp;<\/p>\n<p>&nbsp;<\/p>\n","protected":false},"excerpt":{"rendered":"<p>Richtig. Dem Paradies sehr nahe. Wegen nerviger technischer Probleme alles Weitere erst morgen. Na gut, hier doch noch eine &#8211; deutliche &#8211; Erleichterung beim Raten. Unter Zuhilfenahme \u00a0eines Gem\u00e4ldes von Picasso, wie er diese K\u00fcstensituation interpretierte: Los geht\u2019s mit der Aufl\u00f6sung: Ich hatte in den zur\u00fcckliegenden Jahren ja schon mehrmals betont, da\u00df ich ein gro\u00dfer Fan von \u00a0Bahnh\u00f6fen bin. Je gr\u00f6\u00dfer, je antiker, je quirliger das Ambiente, desto besser. Gerne&hellip;<\/p>\n","protected":false},"author":2,"featured_media":14176,"comment_status":"open","ping_status":"open","sticky":false,"template":"","format":"standard","meta":{"footnotes":""},"categories":[27,39,41,28,44,30,33],"tags":[],"class_list":["post-14175","post","type-post","status-publish","format-standard","has-post-thumbnail","hentry","category-alle-bilder","category-arbeit","category-fruehling","category-haeuser","category-pflanzen","category-tradition","category-woanders"],"jetpack_featured_media_url":"https:\/\/jessel.de\/365-tage-sylt\/wp-content\/uploads\/2023\/04\/22B7F9DC-79D1-4ED8-8C9C-90E9BF969466.jpeg","_links":{"self":[{"href":"https:\/\/jessel.de\/365-tage-sylt\/wp-json\/wp\/v2\/posts\/14175","targetHints":{"allow":["GET"]}}],"collection":[{"href":"https:\/\/jessel.de\/365-tage-sylt\/wp-json\/wp\/v2\/posts"}],"about":[{"href":"https:\/\/jessel.de\/365-tage-sylt\/wp-json\/wp\/v2\/types\/post"}],"author":[{"embeddable":true,"href":"https:\/\/jessel.de\/365-tage-sylt\/wp-json\/wp\/v2\/users\/2"}],"replies":[{"embeddable":true,"href":"https:\/\/jessel.de\/365-tage-sylt\/wp-json\/wp\/v2\/comments?post=14175"}],"version-history":[{"count":12,"href":"https:\/\/jessel.de\/365-tage-sylt\/wp-json\/wp\/v2\/posts\/14175\/revisions"}],"predecessor-version":[{"id":14196,"href":"https:\/\/jessel.de\/365-tage-sylt\/wp-json\/wp\/v2\/posts\/14175\/revisions\/14196"}],"wp:featuredmedia":[{"embeddable":true,"href":"https:\/\/jessel.de\/365-tage-sylt\/wp-json\/wp\/v2\/media\/14176"}],"wp:attachment":[{"href":"https:\/\/jessel.de\/365-tage-sylt\/wp-json\/wp\/v2\/media?parent=14175"}],"wp:term":[{"taxonomy":"category","embeddable":true,"href":"https:\/\/jessel.de\/365-tage-sylt\/wp-json\/wp\/v2\/categories?post=14175"},{"taxonomy":"post_tag","embeddable":true,"href":"https:\/\/jessel.de\/365-tage-sylt\/wp-json\/wp\/v2\/tags?post=14175"}],"curies":[{"name":"wp","href":"https:\/\/api.w.org\/{rel}","templated":true}]}}