{"id":14197,"date":"2023-04-19T18:52:43","date_gmt":"2023-04-19T18:52:43","guid":{"rendered":"https:\/\/jessel.de\/365-tage-sylt\/?p=14197"},"modified":"2023-04-19T19:03:09","modified_gmt":"2023-04-19T19:03:09","slug":"19-april-ein-sonnentag-in-antibes","status":"publish","type":"post","link":"https:\/\/jessel.de\/365-tage-sylt\/19-april-ein-sonnentag-in-antibes\/","title":{"rendered":"19. April: Ein Sonnentag in Antibes"},"content":{"rendered":"<p>Das geht schon gut los. Kurz nach Sonnenaufgang warten die Strandliegen auf Kundschaft.<\/p>\n<p>Als Blogger f\u00fchle ich mich allerdings zur Unrast verpflichtet. Geplant ist eine Umrundung des Cap d\u2018Antibes(auf dem heutigen Titel im Hintergrund zu sehen), einer felsigen Halbinsel, die aufgrund ihrer einmaligen Lage mit unverbaubarem Blick auf die Alpengrate\u2026:<\/p>\n<p><img loading=\"lazy\" decoding=\"async\" class=\"size-full wp-image-14200\" src=\"https:\/\/jessel.de\/365-tage-sylt\/wp-content\/uploads\/2023\/04\/69B9D319-19CC-4EF9-B4A7-20A3B2F57779.jpeg\" alt=\"\" width=\"1100\" height=\"800\" srcset=\"https:\/\/jessel.de\/365-tage-sylt\/wp-content\/uploads\/2023\/04\/69B9D319-19CC-4EF9-B4A7-20A3B2F57779.jpeg 1100w, https:\/\/jessel.de\/365-tage-sylt\/wp-content\/uploads\/2023\/04\/69B9D319-19CC-4EF9-B4A7-20A3B2F57779-300x218.jpeg 300w, https:\/\/jessel.de\/365-tage-sylt\/wp-content\/uploads\/2023\/04\/69B9D319-19CC-4EF9-B4A7-20A3B2F57779-1024x745.jpeg 1024w, https:\/\/jessel.de\/365-tage-sylt\/wp-content\/uploads\/2023\/04\/69B9D319-19CC-4EF9-B4A7-20A3B2F57779-768x559.jpeg 768w\" sizes=\"auto, (max-width: 1100px) 100vw, 1100px\" \/><\/p>\n<p>\u2026 die h\u00f6chsten Grundst\u00fcckspreise der Republique erreicht.<\/p>\n<p>Kaum habe ich den vorgeschobenen Million\u00e4rsh\u00fcgel erreicht, entdecke ich diesen ganz offenbar historischen Calvarienweg (bitte bei Google nachgucken, was das bedeutet) und folge diesem ad hoc \u00a0einen kr\u00e4ftigen Anstieg hinauf &#8211; f\u00fcr den bekennenden Pilger gibt\u2019s da kaum eine andere Wahl:<\/p>\n<p><img loading=\"lazy\" decoding=\"async\" class=\"alignnone size-full wp-image-14207\" src=\"https:\/\/jessel.de\/365-tage-sylt\/wp-content\/uploads\/2023\/04\/6E39DCB3-1EE1-472F-968D-2854E32A28DC.jpeg\" alt=\"\" width=\"1100\" height=\"800\" srcset=\"https:\/\/jessel.de\/365-tage-sylt\/wp-content\/uploads\/2023\/04\/6E39DCB3-1EE1-472F-968D-2854E32A28DC.jpeg 1100w, https:\/\/jessel.de\/365-tage-sylt\/wp-content\/uploads\/2023\/04\/6E39DCB3-1EE1-472F-968D-2854E32A28DC-300x218.jpeg 300w, https:\/\/jessel.de\/365-tage-sylt\/wp-content\/uploads\/2023\/04\/6E39DCB3-1EE1-472F-968D-2854E32A28DC-1024x745.jpeg 1024w, https:\/\/jessel.de\/365-tage-sylt\/wp-content\/uploads\/2023\/04\/6E39DCB3-1EE1-472F-968D-2854E32A28DC-768x559.jpeg 768w\" sizes=\"auto, (max-width: 1100px) 100vw, 1100px\" \/><\/p>\n<p>So sch\u00f6n dieser Leidensweg durch den naturgesch\u00fctzten Wald auch ist, entgehen mir im Weiteren sicher manche Ausblicke auf versteckte Felsenstr\u00e4nde und ferne Alpenszenerien, und als ich schlie\u00dflich den Scheitelpunkt erreiche, laufe ich ab dort nur noch auf von meterhohen Steinmauern ges\u00e4umten Stra\u00dfen, die oftmals noch nicht einmal B\u00fcrgersteige besitzen. Etwa so:<\/p>\n<p><img loading=\"lazy\" decoding=\"async\" class=\"size-full wp-image-14202\" src=\"https:\/\/jessel.de\/365-tage-sylt\/wp-content\/uploads\/2023\/04\/F7E4FF2B-9BA1-46BF-B0A5-5A2A4175CEA2.jpeg\" alt=\"\" width=\"1100\" height=\"800\" srcset=\"https:\/\/jessel.de\/365-tage-sylt\/wp-content\/uploads\/2023\/04\/F7E4FF2B-9BA1-46BF-B0A5-5A2A4175CEA2.jpeg 1100w, https:\/\/jessel.de\/365-tage-sylt\/wp-content\/uploads\/2023\/04\/F7E4FF2B-9BA1-46BF-B0A5-5A2A4175CEA2-300x218.jpeg 300w, https:\/\/jessel.de\/365-tage-sylt\/wp-content\/uploads\/2023\/04\/F7E4FF2B-9BA1-46BF-B0A5-5A2A4175CEA2-1024x745.jpeg 1024w, https:\/\/jessel.de\/365-tage-sylt\/wp-content\/uploads\/2023\/04\/F7E4FF2B-9BA1-46BF-B0A5-5A2A4175CEA2-768x559.jpeg 768w\" sizes=\"auto, (max-width: 1100px) 100vw, 1100px\" \/><\/p>\n<p>Bei Ankunft in Juan-les-Pins, das seinen Charme auch der bislang von niedriger Villen- und Appartmentarchitektur des 20. Jahrhunderts verdankt, begr\u00fc\u00dft mich dieser Horror-Bau der Jetztzeit &#8211; na gratuliere, werte Ortspolitiker:<\/p>\n<p><img loading=\"lazy\" decoding=\"async\" class=\"size-full wp-image-14201\" src=\"https:\/\/jessel.de\/365-tage-sylt\/wp-content\/uploads\/2023\/04\/F24E5FA6-5F37-413E-AC30-3A26F53A537C.jpeg\" alt=\"\" width=\"1100\" height=\"800\" srcset=\"https:\/\/jessel.de\/365-tage-sylt\/wp-content\/uploads\/2023\/04\/F24E5FA6-5F37-413E-AC30-3A26F53A537C.jpeg 1100w, https:\/\/jessel.de\/365-tage-sylt\/wp-content\/uploads\/2023\/04\/F24E5FA6-5F37-413E-AC30-3A26F53A537C-300x218.jpeg 300w, https:\/\/jessel.de\/365-tage-sylt\/wp-content\/uploads\/2023\/04\/F24E5FA6-5F37-413E-AC30-3A26F53A537C-1024x745.jpeg 1024w, https:\/\/jessel.de\/365-tage-sylt\/wp-content\/uploads\/2023\/04\/F24E5FA6-5F37-413E-AC30-3A26F53A537C-768x559.jpeg 768w\" sizes=\"auto, (max-width: 1100px) 100vw, 1100px\" \/><\/p>\n<p>Erfreulicher sieht es schon seeseitig der \u00f6rtlichen Promenade aus\u2026:<\/p>\n<p><img loading=\"lazy\" decoding=\"async\" class=\"size-full wp-image-14199\" src=\"https:\/\/jessel.de\/365-tage-sylt\/wp-content\/uploads\/2023\/04\/1AF810DC-A611-4757-A456-E9367104BCFF.jpeg\" alt=\"\" width=\"1100\" height=\"800\" srcset=\"https:\/\/jessel.de\/365-tage-sylt\/wp-content\/uploads\/2023\/04\/1AF810DC-A611-4757-A456-E9367104BCFF.jpeg 1100w, https:\/\/jessel.de\/365-tage-sylt\/wp-content\/uploads\/2023\/04\/1AF810DC-A611-4757-A456-E9367104BCFF-300x218.jpeg 300w, https:\/\/jessel.de\/365-tage-sylt\/wp-content\/uploads\/2023\/04\/1AF810DC-A611-4757-A456-E9367104BCFF-1024x745.jpeg 1024w, https:\/\/jessel.de\/365-tage-sylt\/wp-content\/uploads\/2023\/04\/1AF810DC-A611-4757-A456-E9367104BCFF-768x559.jpeg 768w\" sizes=\"auto, (max-width: 1100px) 100vw, 1100px\" \/><\/p>\n<p>\u2026 allerdings erklimmt das Thermometer mit 22 Grad und Fast-Windstille zum Nachmittag doch schwei\u00dftreibende Verh\u00e4ktnisse:<\/p>\n<p><img loading=\"lazy\" decoding=\"async\" class=\"alignnone size-full wp-image-14204\" src=\"https:\/\/jessel.de\/365-tage-sylt\/wp-content\/uploads\/2023\/04\/0049782F-9ADC-4B56-986B-B00011DCF905.jpeg\" alt=\"\" width=\"1100\" height=\"800\" srcset=\"https:\/\/jessel.de\/365-tage-sylt\/wp-content\/uploads\/2023\/04\/0049782F-9ADC-4B56-986B-B00011DCF905.jpeg 1100w, https:\/\/jessel.de\/365-tage-sylt\/wp-content\/uploads\/2023\/04\/0049782F-9ADC-4B56-986B-B00011DCF905-300x218.jpeg 300w, https:\/\/jessel.de\/365-tage-sylt\/wp-content\/uploads\/2023\/04\/0049782F-9ADC-4B56-986B-B00011DCF905-1024x745.jpeg 1024w, https:\/\/jessel.de\/365-tage-sylt\/wp-content\/uploads\/2023\/04\/0049782F-9ADC-4B56-986B-B00011DCF905-768x559.jpeg 768w\" sizes=\"auto, (max-width: 1100px) 100vw, 1100px\" \/><\/p>\n<p>Also g\u00f6nne ich mir noch einen Cappuccino und lese dabei von einer Insel in Deutschlands Norden, wo zur Zeit \u00e4hnliches Wetter herrscht &#8211; lediglich mit um 9 Grad niedrigeren Werten:<\/p>\n<p><img loading=\"lazy\" decoding=\"async\" class=\"size-full wp-image-14203\" src=\"https:\/\/jessel.de\/365-tage-sylt\/wp-content\/uploads\/2023\/04\/71E59F7B-666A-4115-8B39-D039C1B95BC4.jpeg\" alt=\"\" width=\"1100\" height=\"800\" srcset=\"https:\/\/jessel.de\/365-tage-sylt\/wp-content\/uploads\/2023\/04\/71E59F7B-666A-4115-8B39-D039C1B95BC4.jpeg 1100w, https:\/\/jessel.de\/365-tage-sylt\/wp-content\/uploads\/2023\/04\/71E59F7B-666A-4115-8B39-D039C1B95BC4-300x218.jpeg 300w, https:\/\/jessel.de\/365-tage-sylt\/wp-content\/uploads\/2023\/04\/71E59F7B-666A-4115-8B39-D039C1B95BC4-1024x745.jpeg 1024w, https:\/\/jessel.de\/365-tage-sylt\/wp-content\/uploads\/2023\/04\/71E59F7B-666A-4115-8B39-D039C1B95BC4-768x559.jpeg 768w\" sizes=\"auto, (max-width: 1100px) 100vw, 1100px\" \/><\/p>\n<p>Diese Aufzeichnungen entstehen nach einem gem\u00fctlichen Abendessen im Garten des Hotels MAS DJOLIBA, das um diese Jahreszeit noch ausgesprochen sozialvertr\u00e4gliche Preise aufruft. Mein entz\u00fcckendes EZ schl\u00e4gt gerade einmal mit \u20ac 70,- zu Buche:<\/p>\n<div id=\"attachment_14206\" style=\"width: 1110px\" class=\"wp-caption alignnone\"><img loading=\"lazy\" decoding=\"async\" aria-describedby=\"caption-attachment-14206\" class=\"size-full wp-image-14206\" src=\"https:\/\/jessel.de\/365-tage-sylt\/wp-content\/uploads\/2023\/04\/749683A8-9BC1-4CC2-B149-1E816D44E150.jpeg\" alt=\"\" width=\"1100\" height=\"800\" srcset=\"https:\/\/jessel.de\/365-tage-sylt\/wp-content\/uploads\/2023\/04\/749683A8-9BC1-4CC2-B149-1E816D44E150.jpeg 1100w, https:\/\/jessel.de\/365-tage-sylt\/wp-content\/uploads\/2023\/04\/749683A8-9BC1-4CC2-B149-1E816D44E150-300x218.jpeg 300w, https:\/\/jessel.de\/365-tage-sylt\/wp-content\/uploads\/2023\/04\/749683A8-9BC1-4CC2-B149-1E816D44E150-1024x745.jpeg 1024w, https:\/\/jessel.de\/365-tage-sylt\/wp-content\/uploads\/2023\/04\/749683A8-9BC1-4CC2-B149-1E816D44E150-768x559.jpeg 768w\" sizes=\"auto, (max-width: 1100px) 100vw, 1100px\" \/><p id=\"caption-attachment-14206\" class=\"wp-caption-text\">Foto: Djo Liba I.<\/p><\/div>\n<p>&nbsp;<\/p>\n<p>&nbsp;<\/p>\n","protected":false},"excerpt":{"rendered":"<p>Das geht schon gut los. Kurz nach Sonnenaufgang warten die Strandliegen auf Kundschaft. Als Blogger f\u00fchle ich mich allerdings zur Unrast verpflichtet. Geplant ist eine Umrundung des Cap d\u2018Antibes(auf dem heutigen Titel im Hintergrund zu sehen), einer felsigen Halbinsel, die aufgrund ihrer einmaligen Lage mit unverbaubarem Blick auf die Alpengrate\u2026: \u2026 die h\u00f6chsten Grundst\u00fcckspreise der Republique erreicht. Kaum habe ich den vorgeschobenen Million\u00e4rsh\u00fcgel erreicht, entdecke ich diesen ganz offenbar historischen&hellip;<\/p>\n","protected":false},"author":2,"featured_media":14198,"comment_status":"open","ping_status":"open","sticky":false,"template":"","format":"standard","meta":{"footnotes":""},"categories":[27,39,41,28,4,26,2,33],"tags":[],"class_list":["post-14197","post","type-post","status-publish","format-standard","has-post-thumbnail","hentry","category-alle-bilder","category-arbeit","category-fruehling","category-haeuser","category-spuren","category-strand","category-tourismus","category-woanders"],"jetpack_featured_media_url":"https:\/\/jessel.de\/365-tage-sylt\/wp-content\/uploads\/2023\/04\/F2722B23-712D-4F4F-9174-358AFF27C10F.jpeg","_links":{"self":[{"href":"https:\/\/jessel.de\/365-tage-sylt\/wp-json\/wp\/v2\/posts\/14197","targetHints":{"allow":["GET"]}}],"collection":[{"href":"https:\/\/jessel.de\/365-tage-sylt\/wp-json\/wp\/v2\/posts"}],"about":[{"href":"https:\/\/jessel.de\/365-tage-sylt\/wp-json\/wp\/v2\/types\/post"}],"author":[{"embeddable":true,"href":"https:\/\/jessel.de\/365-tage-sylt\/wp-json\/wp\/v2\/users\/2"}],"replies":[{"embeddable":true,"href":"https:\/\/jessel.de\/365-tage-sylt\/wp-json\/wp\/v2\/comments?post=14197"}],"version-history":[{"count":11,"href":"https:\/\/jessel.de\/365-tage-sylt\/wp-json\/wp\/v2\/posts\/14197\/revisions"}],"predecessor-version":[{"id":14217,"href":"https:\/\/jessel.de\/365-tage-sylt\/wp-json\/wp\/v2\/posts\/14197\/revisions\/14217"}],"wp:featuredmedia":[{"embeddable":true,"href":"https:\/\/jessel.de\/365-tage-sylt\/wp-json\/wp\/v2\/media\/14198"}],"wp:attachment":[{"href":"https:\/\/jessel.de\/365-tage-sylt\/wp-json\/wp\/v2\/media?parent=14197"}],"wp:term":[{"taxonomy":"category","embeddable":true,"href":"https:\/\/jessel.de\/365-tage-sylt\/wp-json\/wp\/v2\/categories?post=14197"},{"taxonomy":"post_tag","embeddable":true,"href":"https:\/\/jessel.de\/365-tage-sylt\/wp-json\/wp\/v2\/tags?post=14197"}],"curies":[{"name":"wp","href":"https:\/\/api.w.org\/{rel}","templated":true}]}}