{"id":14232,"date":"2023-04-21T19:46:36","date_gmt":"2023-04-21T19:46:36","guid":{"rendered":"https:\/\/jessel.de\/365-tage-sylt\/?p=14232"},"modified":"2023-04-22T03:35:08","modified_gmt":"2023-04-22T03:35:08","slug":"21-april-wo-bin-ich-denn-nun-schon-wieder","status":"publish","type":"post","link":"https:\/\/jessel.de\/365-tage-sylt\/21-april-wo-bin-ich-denn-nun-schon-wieder\/","title":{"rendered":"21. April: \u201eWo bin ich\u2026 denn nun schon wieder!?\u201c"},"content":{"rendered":"<p>Eine berechtigte Frage. Dar\u00fcber d\u00fcrft Ihr noch ein wenig nachsinnen, und ich werde diese bis morgen fr\u00fch beantworten. Versprochen.<\/p>\n<p>Los geht\u2019s:<\/p>\n<p class=\"p1\"><span class=\"s1\">Gro\u00dfe Aufregung nach der R\u00fcckkehr vom Tagesausflug nach Nizza und Mougins: Wegen des andauernden Streiks f\u00e4hrt kein einziger Zug mehr, und die SNCF empfiehlt, sich \u201ean diesem Wochenende\u201c jegliche projektierte Bahnfahrt mindestens zweimal zu \u00fcberlegen\u2026<\/span><\/p>\n<p class=\"p1\"><span class=\"s1\">Das fehlt mir noch. Bus-Alternativen gibt\u2019s nicht, und ein Taxi zur 50 Kilometer entfernten italienischen Grenze kostet 100 Euronen, wie ich in Erfahrung bringe. Immerhin listet die SNCF alle nicht-fahrenden Z\u00fcge akribisch auf, und das sind alle an diesem Donnerstagabend. Und morgen? Das wei\u00df nicht mal der Henker.<\/span><\/p>\n<p class=\"p1\"><span class=\"s1\">Aber, wie Ihr dem heutigen Titelbild entnehmen k\u00f6nnt, wendet sich schlie\u00dfendlich alles zum Guten. Um 5 Uhr in der Fr\u00fche finde ich eine Verbindung, und um 6:21 Uhr f\u00e4hrt tats\u00e4chlich ein Zug ein &#8211; mit Ziel Vintimille (auf franz\u00f6sisch). Gl\u00fcck gehabt!<\/span><\/p>\n<p class=\"p1\"><span class=\"s1\">Bis zur italienischen Grenze erwartet mich eine der sch\u00f6nsten Bahnstrecken Europas. F\u00fcr mich ein gewichtiger Grund, diese Route zu w\u00e4hlen. H\u00f6here Ausl\u00e4ufer der Alpen dr\u00e4ngen sich bald hinter Nizza am Meer zusammen, was irgendwelche kleveren Eisenbahn-Enthusiasten um die Mitte des 19. Jahrhunderts nicht hindern konnte, kurvenreiche und von zahlreichen kurzen Tunneln geschm\u00fcckte Gleisanlagen in die Felsen zu sprengen, auf denen der Reisende mit nahezu ununterbrochenem Blick aufs glitzernde Meer dahinfliegt. Von gr\u00f6\u00dferem Kontrast k\u00f6nnte der Blick ins Waggon-Innere nicht sein: Seit Nizza geht es hier zu wie in einer Hambuger S-Bahn, inklusive der m\u00fcrrischen Pendlergesichter, die &#8211; nahezu zu 100 Prozent- mit heruntergezogenen Mundwinkeln ausschlie\u00dflich auf ihre Handies starren. Um in Monte Carlo wie auf Zuruf geschlossen den Zug zu verlassen. <\/span><\/p>\n<p class=\"p1\"><span class=\"s1\">P\u00fcnktlich um 7:30 Uhr in Italien angekommen, sehe ich bereits am Gleis, da\u00df meine Weiterfahrt bis Milano gesichert scheint:<\/span><\/p>\n<p class=\"p1\"><img loading=\"lazy\" decoding=\"async\" class=\"alignnone size-full wp-image-14242\" src=\"https:\/\/jessel.de\/365-tage-sylt\/wp-content\/uploads\/2023\/04\/88F3B463-BC8E-4AE6-947E-3FED5E99F047.jpeg\" alt=\"\" width=\"1300\" height=\"800\" srcset=\"https:\/\/jessel.de\/365-tage-sylt\/wp-content\/uploads\/2023\/04\/88F3B463-BC8E-4AE6-947E-3FED5E99F047.jpeg 1300w, https:\/\/jessel.de\/365-tage-sylt\/wp-content\/uploads\/2023\/04\/88F3B463-BC8E-4AE6-947E-3FED5E99F047-300x185.jpeg 300w, https:\/\/jessel.de\/365-tage-sylt\/wp-content\/uploads\/2023\/04\/88F3B463-BC8E-4AE6-947E-3FED5E99F047-1024x630.jpeg 1024w, https:\/\/jessel.de\/365-tage-sylt\/wp-content\/uploads\/2023\/04\/88F3B463-BC8E-4AE6-947E-3FED5E99F047-768x473.jpeg 768w\" sizes=\"auto, (max-width: 1300px) 100vw, 1300px\" \/><\/p>\n<p class=\"p1\"><span class=\"s1\">Also pilger\u2018 ich erstmal in die n\u00e4chste Bar gegen\u00fcber vom Bahnhof. Br\u00fcllendes Leben am Tresen, \u00fcberlautes Geschepper der Tassen, Hektik, die sch\u00f6ne italienische Sprache in 80 Dezibel Lautst\u00e4rke\u2026 that\u2019s it! Und Hans mittenmang in diesem Gew\u00fchl, gaaanz ruhig und bei sich &#8211; endlich wieder nach dem ganzen H\u00e4ckm\u00e4ck.<\/span><\/p>\n<p class=\"p1\"><span class=\"s1\">Die Zeit reicht im Anschluss locker f\u00fcr einen Spaziergang durchs Ortszentrum Ventimiglias. Wenn es stimmt, was ich j\u00fcngst \u00fcber die lebensverk\u00fcrzenden Wirkungen des Feinstaubs las, d\u00fcrfte sich meine diesbez\u00fcgliche Erwartung w\u00e4hrend dieses einst\u00fcndigen Rundgangs um zwei bis drei Wochen verk\u00fcrzt haben.<\/span><\/p>\n<p><img loading=\"lazy\" decoding=\"async\" class=\"size-full wp-image-14241\" src=\"https:\/\/jessel.de\/365-tage-sylt\/wp-content\/uploads\/2023\/04\/D3E8116D-9261-4716-AAC5-4A1DC969CE2D.jpeg\" alt=\"\" width=\"1100\" height=\"800\" srcset=\"https:\/\/jessel.de\/365-tage-sylt\/wp-content\/uploads\/2023\/04\/D3E8116D-9261-4716-AAC5-4A1DC969CE2D.jpeg 1100w, https:\/\/jessel.de\/365-tage-sylt\/wp-content\/uploads\/2023\/04\/D3E8116D-9261-4716-AAC5-4A1DC969CE2D-300x218.jpeg 300w, https:\/\/jessel.de\/365-tage-sylt\/wp-content\/uploads\/2023\/04\/D3E8116D-9261-4716-AAC5-4A1DC969CE2D-1024x745.jpeg 1024w, https:\/\/jessel.de\/365-tage-sylt\/wp-content\/uploads\/2023\/04\/D3E8116D-9261-4716-AAC5-4A1DC969CE2D-768x559.jpeg 768w\" sizes=\"auto, (max-width: 1100px) 100vw, 1100px\" \/><\/p>\n<p class=\"p1\">Daf\u00fcr ist der Blick \u00fcber den Fluss Roya auf die Altstadt Unesco-reif:<\/p>\n<div id=\"attachment_14246\" style=\"width: 2570px\" class=\"wp-caption alignnone\"><img loading=\"lazy\" decoding=\"async\" aria-describedby=\"caption-attachment-14246\" class=\"size-full wp-image-14246\" src=\"https:\/\/jessel.de\/365-tage-sylt\/wp-content\/uploads\/2023\/04\/1AC4F0CE-5233-42CA-99B1-8D84F737B088-scaled.jpeg\" alt=\"\" width=\"2560\" height=\"1920\" srcset=\"https:\/\/jessel.de\/365-tage-sylt\/wp-content\/uploads\/2023\/04\/1AC4F0CE-5233-42CA-99B1-8D84F737B088-scaled.jpeg 2560w, https:\/\/jessel.de\/365-tage-sylt\/wp-content\/uploads\/2023\/04\/1AC4F0CE-5233-42CA-99B1-8D84F737B088-300x225.jpeg 300w, https:\/\/jessel.de\/365-tage-sylt\/wp-content\/uploads\/2023\/04\/1AC4F0CE-5233-42CA-99B1-8D84F737B088-1024x768.jpeg 1024w, https:\/\/jessel.de\/365-tage-sylt\/wp-content\/uploads\/2023\/04\/1AC4F0CE-5233-42CA-99B1-8D84F737B088-768x576.jpeg 768w, https:\/\/jessel.de\/365-tage-sylt\/wp-content\/uploads\/2023\/04\/1AC4F0CE-5233-42CA-99B1-8D84F737B088-1536x1152.jpeg 1536w, https:\/\/jessel.de\/365-tage-sylt\/wp-content\/uploads\/2023\/04\/1AC4F0CE-5233-42CA-99B1-8D84F737B088-2048x1536.jpeg 2048w\" sizes=\"auto, (max-width: 2560px) 100vw, 2560px\" \/><p id=\"caption-attachment-14246\" class=\"wp-caption-text\">Blickende Frau, Leuchtende Altstadt, Schrabbelmarkt &#8211; Ventimiglia eben<\/p><\/div>\n<p class=\"p1\"><span class=\"s1\">Mein \u201eIntercity\u201c wartet bereits, als ich um kurz vor 9 Uhr &#8211; in deutlich aufger\u00e4umterer Verfassung &#8211; wieder am Bahnhof aufschlage.<\/span><\/p>\n<p class=\"p1\"><span class=\"s1\">Bevor wir bald nach 11 Uhr die K\u00fcste hinter Liguriens Hauptstadt Genua verlassen, f\u00fchrt der Weg meist in unmittelbarer Meeresn\u00e4he entlang, wobei die zun\u00e4chst noch felsigen Buchten zunehmend von weiten Sandstr\u00e4nden abgel\u00f6st werden. Dabei l\u00e4sst der Zug keine Milchkanne aus: W\u00e4hrend Orte wie San Remo und Sarona dem einen oder anderen noch ein Begriff sein d\u00fcrften, gl\u00e4nzen gerade die kleineren K\u00fcstend\u00f6rfer durch Sch\u00f6n- und Unbekanntheit. Oder f\u00e4llt jemandem zu Alassio, Albenga oder Loano etwas ein!?<\/span><\/p>\n<p class=\"p1\"><span class=\"s1\">Mittlerweile hat mir gegen\u00fcber ein Mail\u00e4nder Literaturprofessor Platz genommen. Ok, dieser distinguierte Herr k\u00f6nnte auch ein Ex-Schauspieler des Antonioni-Ensembles sein, oder\u2026 ist es nicht viel eher Bernando Soares, der \u201euntadelig gekleidete Herr mit dem Auskommen als Hilfsbuchhalter, dessen Liebe der Literatur geh\u00f6rte\u201c, wie Fernando Pessoa schrieb? Alles denkbar, aber letztlich doch egal &#8211; zumal sich schr\u00e4g gegen\u00fcber die \u201eMiss Ligurien\u201c der Jahrtausendwende eingefunden hat:<\/span><\/p>\n<div id=\"attachment_14240\" style=\"width: 1110px\" class=\"wp-caption alignnone\"><img loading=\"lazy\" decoding=\"async\" aria-describedby=\"caption-attachment-14240\" class=\"size-full wp-image-14240\" src=\"https:\/\/jessel.de\/365-tage-sylt\/wp-content\/uploads\/2023\/04\/EBA949AA-4924-40E6-BE7A-4D2518B208F0.jpeg\" alt=\"\" width=\"1100\" height=\"800\" srcset=\"https:\/\/jessel.de\/365-tage-sylt\/wp-content\/uploads\/2023\/04\/EBA949AA-4924-40E6-BE7A-4D2518B208F0.jpeg 1100w, https:\/\/jessel.de\/365-tage-sylt\/wp-content\/uploads\/2023\/04\/EBA949AA-4924-40E6-BE7A-4D2518B208F0-300x218.jpeg 300w, https:\/\/jessel.de\/365-tage-sylt\/wp-content\/uploads\/2023\/04\/EBA949AA-4924-40E6-BE7A-4D2518B208F0-1024x745.jpeg 1024w, https:\/\/jessel.de\/365-tage-sylt\/wp-content\/uploads\/2023\/04\/EBA949AA-4924-40E6-BE7A-4D2518B208F0-768x559.jpeg 768w\" sizes=\"auto, (max-width: 1100px) 100vw, 1100px\" \/><p id=\"caption-attachment-14240\" class=\"wp-caption-text\">Literaturprofessor? Miss Ligurien der Jahrtausendwende? Sch\u00f6ne Zugfahrt? Ja, ja, ja.<\/p><\/div>\n<p class=\"p1\"><span class=\"s1\">Nun fallen mir doch endlich einmal die Augen zu und ich fabuliere mal besser im Traum weiter\u2026<\/span><\/p>\n<p>Im Milano Centrale angekommen, dem immerhin gr\u00f6\u00dften Bahnhof Europas, werde ich nach bisheriger Planung schon am 31. Mai wieder sein, um von hier aus mit dem ber\u00fchmten FRECCIAROSSA in den S\u00fcden Italiens zu fahren. Heute steht ebenfalls eine Entscheidung an: Wohin soll die Reise nun weitergehen!?<\/p>\n<p>Wenige Minuten sp\u00e4ter besteige ich den Zug nach Tirano, entlang des Comer Sees. Die Ecke kenne ich gut, war ich doch von hier aus mit meinem eBike vor 7 Jahren \u00fcber die Alpen geradelt. In COLICO ist umsteigen angesagt Richtung CHIAVENNA, es wird nun bereits deutlich gebirgiger:<\/p>\n<p><img loading=\"lazy\" decoding=\"async\" class=\"size-full wp-image-14255\" src=\"https:\/\/jessel.de\/365-tage-sylt\/wp-content\/uploads\/2023\/04\/412E4942-81EA-47AC-B1C0-20CAA165AF11.jpeg\" alt=\"\" width=\"1100\" height=\"800\" srcset=\"https:\/\/jessel.de\/365-tage-sylt\/wp-content\/uploads\/2023\/04\/412E4942-81EA-47AC-B1C0-20CAA165AF11.jpeg 1100w, https:\/\/jessel.de\/365-tage-sylt\/wp-content\/uploads\/2023\/04\/412E4942-81EA-47AC-B1C0-20CAA165AF11-300x218.jpeg 300w, https:\/\/jessel.de\/365-tage-sylt\/wp-content\/uploads\/2023\/04\/412E4942-81EA-47AC-B1C0-20CAA165AF11-1024x745.jpeg 1024w, https:\/\/jessel.de\/365-tage-sylt\/wp-content\/uploads\/2023\/04\/412E4942-81EA-47AC-B1C0-20CAA165AF11-768x559.jpeg 768w\" sizes=\"auto, (max-width: 1100px) 100vw, 1100px\" \/><\/p>\n<p>Nach kurzem Altstadt-Spaziergang wartet das Schweizer Postauto bereits, das von hier aus alle Stunde ins OBERENGADIN \u201euff\u00e4\u201c f\u00e4hrt:<\/p>\n<p><img loading=\"lazy\" decoding=\"async\" class=\"size-full wp-image-14254\" src=\"https:\/\/jessel.de\/365-tage-sylt\/wp-content\/uploads\/2023\/04\/3F0123D4-13D8-4DCE-A41A-1E22F7575FC1.jpeg\" alt=\"\" width=\"1100\" height=\"800\" srcset=\"https:\/\/jessel.de\/365-tage-sylt\/wp-content\/uploads\/2023\/04\/3F0123D4-13D8-4DCE-A41A-1E22F7575FC1.jpeg 1100w, https:\/\/jessel.de\/365-tage-sylt\/wp-content\/uploads\/2023\/04\/3F0123D4-13D8-4DCE-A41A-1E22F7575FC1-300x218.jpeg 300w, https:\/\/jessel.de\/365-tage-sylt\/wp-content\/uploads\/2023\/04\/3F0123D4-13D8-4DCE-A41A-1E22F7575FC1-1024x745.jpeg 1024w, https:\/\/jessel.de\/365-tage-sylt\/wp-content\/uploads\/2023\/04\/3F0123D4-13D8-4DCE-A41A-1E22F7575FC1-768x559.jpeg 768w\" sizes=\"auto, (max-width: 1100px) 100vw, 1100px\" \/><\/p>\n<p>Und so ist es. Bereits nach halbst\u00fcndiger Fahrt durch das traumhafte BERGELL geht es am MALOJA-PASS steil nach oben \u00fcber die Schneegrenze. Diesen Pass konnte ich bereits vor Jahren zu Fu\u00df erklimmen, \u00e4h\u00e4m\u2026:<\/p>\n<p><img loading=\"lazy\" decoding=\"async\" class=\"size-full wp-image-14253\" src=\"https:\/\/jessel.de\/365-tage-sylt\/wp-content\/uploads\/2023\/04\/5291C50F-9716-4E34-A008-3A072D2ACFB1.jpeg\" alt=\"\" width=\"1100\" height=\"800\" srcset=\"https:\/\/jessel.de\/365-tage-sylt\/wp-content\/uploads\/2023\/04\/5291C50F-9716-4E34-A008-3A072D2ACFB1.jpeg 1100w, https:\/\/jessel.de\/365-tage-sylt\/wp-content\/uploads\/2023\/04\/5291C50F-9716-4E34-A008-3A072D2ACFB1-300x218.jpeg 300w, https:\/\/jessel.de\/365-tage-sylt\/wp-content\/uploads\/2023\/04\/5291C50F-9716-4E34-A008-3A072D2ACFB1-1024x745.jpeg 1024w, https:\/\/jessel.de\/365-tage-sylt\/wp-content\/uploads\/2023\/04\/5291C50F-9716-4E34-A008-3A072D2ACFB1-768x559.jpeg 768w\" sizes=\"auto, (max-width: 1100px) 100vw, 1100px\" \/><\/p>\n<p>\u2026 dann vorbei am erst im Januar besuchten SILSER SEE, der gerade im Auftauen begriffen ist:<\/p>\n<p><img loading=\"lazy\" decoding=\"async\" class=\"size-full wp-image-14256\" src=\"https:\/\/jessel.de\/365-tage-sylt\/wp-content\/uploads\/2023\/04\/3F673094-6D28-417E-AC14-63DA446308D3-scaled.jpeg\" alt=\"\" width=\"2560\" height=\"1920\" srcset=\"https:\/\/jessel.de\/365-tage-sylt\/wp-content\/uploads\/2023\/04\/3F673094-6D28-417E-AC14-63DA446308D3-scaled.jpeg 2560w, https:\/\/jessel.de\/365-tage-sylt\/wp-content\/uploads\/2023\/04\/3F673094-6D28-417E-AC14-63DA446308D3-300x225.jpeg 300w, https:\/\/jessel.de\/365-tage-sylt\/wp-content\/uploads\/2023\/04\/3F673094-6D28-417E-AC14-63DA446308D3-1024x768.jpeg 1024w, https:\/\/jessel.de\/365-tage-sylt\/wp-content\/uploads\/2023\/04\/3F673094-6D28-417E-AC14-63DA446308D3-768x576.jpeg 768w, https:\/\/jessel.de\/365-tage-sylt\/wp-content\/uploads\/2023\/04\/3F673094-6D28-417E-AC14-63DA446308D3-1536x1152.jpeg 1536w, https:\/\/jessel.de\/365-tage-sylt\/wp-content\/uploads\/2023\/04\/3F673094-6D28-417E-AC14-63DA446308D3-2048x1536.jpeg 2048w\" sizes=\"auto, (max-width: 2560px) 100vw, 2560px\" \/><\/p>\n<p>\u2026 nach ST. MORITZ, wo ich bei dieser traumhaften Kulisse bis zur Dunkelheit am Fenster meines Hotelzimmers sitze:<\/p>\n<p><img loading=\"lazy\" decoding=\"async\" class=\"alignnone size-full wp-image-14252\" src=\"https:\/\/jessel.de\/365-tage-sylt\/wp-content\/uploads\/2023\/04\/47AA2A55-47AC-40F5-A602-8CFE81DB75D8.jpeg\" alt=\"\" width=\"1100\" height=\"800\" srcset=\"https:\/\/jessel.de\/365-tage-sylt\/wp-content\/uploads\/2023\/04\/47AA2A55-47AC-40F5-A602-8CFE81DB75D8.jpeg 1100w, https:\/\/jessel.de\/365-tage-sylt\/wp-content\/uploads\/2023\/04\/47AA2A55-47AC-40F5-A602-8CFE81DB75D8-300x218.jpeg 300w, https:\/\/jessel.de\/365-tage-sylt\/wp-content\/uploads\/2023\/04\/47AA2A55-47AC-40F5-A602-8CFE81DB75D8-1024x745.jpeg 1024w, https:\/\/jessel.de\/365-tage-sylt\/wp-content\/uploads\/2023\/04\/47AA2A55-47AC-40F5-A602-8CFE81DB75D8-768x559.jpeg 768w\" sizes=\"auto, (max-width: 1100px) 100vw, 1100px\" \/><\/p>\n<p>Letzter Programmpunkt meiner Tour: \u00a0Eine Schneewanderung am Samstagvormittag, gekr\u00f6nt von einem Kaffeetrinken in der KONDITOREI HANSELMANN. Von dort geht\u2019s am Nachmittag in einem Rutsch zur\u00fcck nach Sylt. Projektierte Ankunft auf der Insel: Sonntagvormittag um 11:07 Uhr.<\/p>\n<p>Voraussichtlich kann ich den Bericht dazu &#8211; aus reisetechnischen Gr\u00fcnden &#8211; erst im Laufe des Sonntagnachmittags anf\u00fcgen. Aber Ihr seid ja gen\u00fcgsam\u2026;-)<\/p>\n","protected":false},"excerpt":{"rendered":"<p>Eine berechtigte Frage. Dar\u00fcber d\u00fcrft Ihr noch ein wenig nachsinnen, und ich werde diese bis morgen fr\u00fch beantworten. Versprochen. Los geht\u2019s: Gro\u00dfe Aufregung nach der R\u00fcckkehr vom Tagesausflug nach Nizza und Mougins: Wegen des andauernden Streiks f\u00e4hrt kein einziger Zug mehr, und die SNCF empfiehlt, sich \u201ean diesem Wochenende\u201c jegliche projektierte Bahnfahrt mindestens zweimal zu \u00fcberlegen\u2026 Das fehlt mir noch. Bus-Alternativen gibt\u2019s nicht, und ein Taxi zur 50 Kilometer entfernten&hellip;<\/p>\n","protected":false},"author":2,"featured_media":14233,"comment_status":"open","ping_status":"open","sticky":false,"template":"","format":"standard","meta":{"footnotes":""},"categories":[27,39,41,28,52,2,29,33],"tags":[],"class_list":["post-14232","post","type-post","status-publish","format-standard","has-post-thumbnail","hentry","category-alle-bilder","category-arbeit","category-fruehling","category-haeuser","category-schnee","category-tourismus","category-verkehr","category-woanders"],"jetpack_featured_media_url":"https:\/\/jessel.de\/365-tage-sylt\/wp-content\/uploads\/2023\/04\/99D42C84-4C1E-4D3C-B726-9D6C25A8A378.jpeg","_links":{"self":[{"href":"https:\/\/jessel.de\/365-tage-sylt\/wp-json\/wp\/v2\/posts\/14232","targetHints":{"allow":["GET"]}}],"collection":[{"href":"https:\/\/jessel.de\/365-tage-sylt\/wp-json\/wp\/v2\/posts"}],"about":[{"href":"https:\/\/jessel.de\/365-tage-sylt\/wp-json\/wp\/v2\/types\/post"}],"author":[{"embeddable":true,"href":"https:\/\/jessel.de\/365-tage-sylt\/wp-json\/wp\/v2\/users\/2"}],"replies":[{"embeddable":true,"href":"https:\/\/jessel.de\/365-tage-sylt\/wp-json\/wp\/v2\/comments?post=14232"}],"version-history":[{"count":15,"href":"https:\/\/jessel.de\/365-tage-sylt\/wp-json\/wp\/v2\/posts\/14232\/revisions"}],"predecessor-version":[{"id":14264,"href":"https:\/\/jessel.de\/365-tage-sylt\/wp-json\/wp\/v2\/posts\/14232\/revisions\/14264"}],"wp:featuredmedia":[{"embeddable":true,"href":"https:\/\/jessel.de\/365-tage-sylt\/wp-json\/wp\/v2\/media\/14233"}],"wp:attachment":[{"href":"https:\/\/jessel.de\/365-tage-sylt\/wp-json\/wp\/v2\/media?parent=14232"}],"wp:term":[{"taxonomy":"category","embeddable":true,"href":"https:\/\/jessel.de\/365-tage-sylt\/wp-json\/wp\/v2\/categories?post=14232"},{"taxonomy":"post_tag","embeddable":true,"href":"https:\/\/jessel.de\/365-tage-sylt\/wp-json\/wp\/v2\/tags?post=14232"}],"curies":[{"name":"wp","href":"https:\/\/api.w.org\/{rel}","templated":true}]}}