{"id":1428,"date":"2017-06-14T13:06:40","date_gmt":"2017-06-14T13:06:40","guid":{"rendered":"http:\/\/jessel.de\/365-tage-sylt\/?p=1428"},"modified":"2017-06-14T13:06:40","modified_gmt":"2017-06-14T13:06:40","slug":"nicht-nur-die-huehner-sind-wach","status":"publish","type":"post","link":"https:\/\/jessel.de\/365-tage-sylt\/nicht-nur-die-huehner-sind-wach\/","title":{"rendered":"Nicht nur die H\u00fchner sind wach&#8230;"},"content":{"rendered":"<p>&#8230; auch die auf dem Nebendach br\u00fctenden Silberm\u00f6wen. Und da Br\u00fcten bekanntlich hungrig macht, schaut sich der M\u00f6werich\u00a0gerne mal den Inhalt der \u00fcbervollen M\u00fclleimer an, zumal im Nachbargarten gestern abend noch eine Grillparty stattfand.<\/p>\n<p>Ansonsten ist es ziemlich still in\u00a0dieser Mittwochfr\u00fche. Das erste Mal seit langer Zeit kaum ein Windzug, auch die Harleys sind zum gr\u00f6\u00dften Teil l\u00e4ngst wieder abgereist &#8211; oder sie schlafen noch.<\/p>\n<p>Ich radel in Richtung Osten, versuche dabei, eine Stratuswolke zu \u00fcberholen, die sich ganz langsam vor die gerade aufgegangene Sonne schiebt. In Keitum erwische ich sie f\u00fcr gerade mal EIN Foto, dann zieht sich der Himmel von Nordwesten aus zu:<\/p>\n<div id=\"attachment_1430\" style=\"width: 1325px\" class=\"wp-caption alignnone\"><img loading=\"lazy\" decoding=\"async\" aria-describedby=\"caption-attachment-1430\" class=\"size-full wp-image-1430\" src=\"http:\/\/jessel.de\/365-tage-sylt\/wp-content\/uploads\/2017\/06\/L1007136-Panorama.jpg\" alt=\"\" width=\"1315\" height=\"800\" srcset=\"https:\/\/jessel.de\/365-tage-sylt\/wp-content\/uploads\/2017\/06\/L1007136-Panorama.jpg 1315w, https:\/\/jessel.de\/365-tage-sylt\/wp-content\/uploads\/2017\/06\/L1007136-Panorama-300x183.jpg 300w, https:\/\/jessel.de\/365-tage-sylt\/wp-content\/uploads\/2017\/06\/L1007136-Panorama-768x467.jpg 768w, https:\/\/jessel.de\/365-tage-sylt\/wp-content\/uploads\/2017\/06\/L1007136-Panorama-1024x623.jpg 1024w\" sizes=\"auto, (max-width: 1315px) 100vw, 1315px\" \/><p id=\"caption-attachment-1430\" class=\"wp-caption-text\">Sylt_Keitum_Abnehmender Mond hinter Reetdachhaus_Gr\u00fcnes Kliff_<\/p><\/div>\n<p>Keine Chance. Das Licht ist weg bis mindestens 7 Uhr &#8211; also radel ich \u00fcber Munkmarsch nach Westerland zur\u00fcck. Irgendetwas ist anders an diesem Morgen. Ich stehe auf dem Fahrradweg\u00a0und fotografiere einige Rosenbl\u00fcten, da kommt`s mir: Die Strasse ist ja gesperrt, deshalb die himmlische Ruhe. Normalerweise krachen hier morgens\u00a0nach 6 Uhr ganze Konvois von Firmenwagen entlang, von den Keitumer Parkpl\u00e4tzen am Bahnhof. Heute: Komplette Ruhe. Es ist so ruhig, dass ich den Verkehrsl\u00e4rm aus dem 4 Kilometer entfernten Westerland vernehme. Ansonsten nur\u00a0aufgeregtes Gepiepe von\u00a0Austernfischern, das Klirren der Seeschwalben und einmal wiehert ein Pferd.<\/p>\n<p>Am Nordrand des Flughafengel\u00e4ndes recken sich aus einer Kr\u00e4henbeerenheide einige zerzauste Arnikas empor. Diese Bewundernswerten haben dem Sturm und Regen tapfer getrotzt &#8211; man sieht ihnen den gerade \u00fcberstandenen \u00dcberlebenskampf an:<\/p>\n<div id=\"attachment_1429\" style=\"width: 1433px\" class=\"wp-caption alignnone\"><img loading=\"lazy\" decoding=\"async\" aria-describedby=\"caption-attachment-1429\" class=\"size-full wp-image-1429\" src=\"http:\/\/jessel.de\/365-tage-sylt\/wp-content\/uploads\/2017\/06\/20170614_062422.jpg\" alt=\"\" width=\"1423\" height=\"800\" srcset=\"https:\/\/jessel.de\/365-tage-sylt\/wp-content\/uploads\/2017\/06\/20170614_062422.jpg 1423w, https:\/\/jessel.de\/365-tage-sylt\/wp-content\/uploads\/2017\/06\/20170614_062422-300x169.jpg 300w, https:\/\/jessel.de\/365-tage-sylt\/wp-content\/uploads\/2017\/06\/20170614_062422-768x432.jpg 768w, https:\/\/jessel.de\/365-tage-sylt\/wp-content\/uploads\/2017\/06\/20170614_062422-1024x576.jpg 1024w\" sizes=\"auto, (max-width: 1423px) 100vw, 1423px\" \/><p id=\"caption-attachment-1429\" class=\"wp-caption-text\">Sylt_Westerland_Flughafen_Bl\u00fchende Arnika<\/p><\/div>\n<p>Dagegen sehen die Strandnelken noch ganz munter aus:<\/p>\n<div id=\"attachment_1432\" style=\"width: 1213px\" class=\"wp-caption alignnone\"><img loading=\"lazy\" decoding=\"async\" aria-describedby=\"caption-attachment-1432\" class=\"size-full wp-image-1432\" src=\"http:\/\/jessel.de\/365-tage-sylt\/wp-content\/uploads\/2017\/06\/L1007149.jpg\" alt=\"\" width=\"1203\" height=\"800\" srcset=\"https:\/\/jessel.de\/365-tage-sylt\/wp-content\/uploads\/2017\/06\/L1007149.jpg 1203w, https:\/\/jessel.de\/365-tage-sylt\/wp-content\/uploads\/2017\/06\/L1007149-300x200.jpg 300w, https:\/\/jessel.de\/365-tage-sylt\/wp-content\/uploads\/2017\/06\/L1007149-768x511.jpg 768w, https:\/\/jessel.de\/365-tage-sylt\/wp-content\/uploads\/2017\/06\/L1007149-1024x681.jpg 1024w\" sizes=\"auto, (max-width: 1203px) 100vw, 1203px\" \/><p id=\"caption-attachment-1432\" class=\"wp-caption-text\">Sylt_Westerland_Bl\u00fchende Strandnelken<\/p><\/div>\n<p>Als ich kurz vor 7 Uhr zu Hause ankomme, bricht die Sonne endlich durch. Es sieht nach einem herrlichen Nordseetag aus. Sanfter Seewind, viel Sonne, milde Temperaturen&#8230;<\/p>\n","protected":false},"excerpt":{"rendered":"<p>&#8230; auch die auf dem Nebendach br\u00fctenden Silberm\u00f6wen. Und da Br\u00fcten bekanntlich hungrig macht, schaut sich der M\u00f6werich\u00a0gerne mal den Inhalt der \u00fcbervollen M\u00fclleimer an, zumal im Nachbargarten gestern abend noch eine Grillparty stattfand. Ansonsten ist es ziemlich still in\u00a0dieser Mittwochfr\u00fche. Das erste Mal seit langer Zeit kaum ein Windzug, auch die Harleys sind zum gr\u00f6\u00dften Teil l\u00e4ngst wieder abgereist &#8211; oder sie schlafen noch. Ich radel in Richtung Osten,&hellip;<\/p>\n","protected":false},"author":2,"featured_media":1431,"comment_status":"open","ping_status":"open","sticky":false,"template":"","format":"standard","meta":{"footnotes":""},"categories":[27,4,40,29,7],"tags":[],"class_list":["post-1428","post","type-post","status-publish","format-standard","has-post-thumbnail","hentry","category-alle-bilder","category-spuren","category-tiere","category-verkehr","category-westerland"],"jetpack_featured_media_url":"https:\/\/jessel.de\/365-tage-sylt\/wp-content\/uploads\/2017\/06\/L1007145.jpg","_links":{"self":[{"href":"https:\/\/jessel.de\/365-tage-sylt\/wp-json\/wp\/v2\/posts\/1428","targetHints":{"allow":["GET"]}}],"collection":[{"href":"https:\/\/jessel.de\/365-tage-sylt\/wp-json\/wp\/v2\/posts"}],"about":[{"href":"https:\/\/jessel.de\/365-tage-sylt\/wp-json\/wp\/v2\/types\/post"}],"author":[{"embeddable":true,"href":"https:\/\/jessel.de\/365-tage-sylt\/wp-json\/wp\/v2\/users\/2"}],"replies":[{"embeddable":true,"href":"https:\/\/jessel.de\/365-tage-sylt\/wp-json\/wp\/v2\/comments?post=1428"}],"version-history":[{"count":1,"href":"https:\/\/jessel.de\/365-tage-sylt\/wp-json\/wp\/v2\/posts\/1428\/revisions"}],"predecessor-version":[{"id":1433,"href":"https:\/\/jessel.de\/365-tage-sylt\/wp-json\/wp\/v2\/posts\/1428\/revisions\/1433"}],"wp:featuredmedia":[{"embeddable":true,"href":"https:\/\/jessel.de\/365-tage-sylt\/wp-json\/wp\/v2\/media\/1431"}],"wp:attachment":[{"href":"https:\/\/jessel.de\/365-tage-sylt\/wp-json\/wp\/v2\/media?parent=1428"}],"wp:term":[{"taxonomy":"category","embeddable":true,"href":"https:\/\/jessel.de\/365-tage-sylt\/wp-json\/wp\/v2\/categories?post=1428"},{"taxonomy":"post_tag","embeddable":true,"href":"https:\/\/jessel.de\/365-tage-sylt\/wp-json\/wp\/v2\/tags?post=1428"}],"curies":[{"name":"wp","href":"https:\/\/api.w.org\/{rel}","templated":true}]}}