{"id":14452,"date":"2023-05-17T16:11:16","date_gmt":"2023-05-17T16:11:16","guid":{"rendered":"https:\/\/jessel.de\/365-tage-sylt\/?p=14452"},"modified":"2023-05-17T19:02:42","modified_gmt":"2023-05-17T19:02:42","slug":"17-mai-wo-bin-ich-doch-gleich","status":"publish","type":"post","link":"https:\/\/jessel.de\/365-tage-sylt\/17-mai-wo-bin-ich-doch-gleich\/","title":{"rendered":"17. Mai: Wo bin ich doch gleich?"},"content":{"rendered":"<p>Paradefoto: Lars W.<\/p>\n<p>Erfahrene und gest\u00e4hlte Blogleser ben\u00f6tigen zur Beantwortung dieser Frage maximal f\u00fcnf Sekunden\u2026 die anderen m\u00fcssen sich nun noch ein wenig gedulden. Komme gerade von der urbanen Expedition zur\u00fcck und muss mich erstmal sortieren\u2026<\/p>\n<p>Ok, nun geht\u2019s weiter. Im Morgengrauen verlasse ich die Insel\u2026:<\/p>\n<p><img loading=\"lazy\" decoding=\"async\" class=\"size-full wp-image-14457\" src=\"https:\/\/jessel.de\/365-tage-sylt\/wp-content\/uploads\/2023\/05\/2AA6BE5F-588E-4AC9-A3A3-EF7E186DD800.jpeg\" alt=\"\" width=\"1200\" height=\"800\" srcset=\"https:\/\/jessel.de\/365-tage-sylt\/wp-content\/uploads\/2023\/05\/2AA6BE5F-588E-4AC9-A3A3-EF7E186DD800.jpeg 1200w, https:\/\/jessel.de\/365-tage-sylt\/wp-content\/uploads\/2023\/05\/2AA6BE5F-588E-4AC9-A3A3-EF7E186DD800-300x200.jpeg 300w, https:\/\/jessel.de\/365-tage-sylt\/wp-content\/uploads\/2023\/05\/2AA6BE5F-588E-4AC9-A3A3-EF7E186DD800-1024x683.jpeg 1024w, https:\/\/jessel.de\/365-tage-sylt\/wp-content\/uploads\/2023\/05\/2AA6BE5F-588E-4AC9-A3A3-EF7E186DD800-768x512.jpeg 768w\" sizes=\"auto, (max-width: 1200px) 100vw, 1200px\" \/><\/p>\n<p>P\u00fcnktlich in Altona angekommen, marschiere ich direkt zu den Elbbr\u00fccken, f\u00fcr mich einer der spektakul\u00e4rsten Orte Hamburgs\u2026:<\/p>\n<p><img loading=\"lazy\" decoding=\"async\" class=\"size-full wp-image-14458\" src=\"https:\/\/jessel.de\/365-tage-sylt\/wp-content\/uploads\/2023\/05\/C498C5CA-519E-4AE1-8111-EC37DFC7009C.jpeg\" alt=\"\" width=\"1200\" height=\"800\" srcset=\"https:\/\/jessel.de\/365-tage-sylt\/wp-content\/uploads\/2023\/05\/C498C5CA-519E-4AE1-8111-EC37DFC7009C.jpeg 1200w, https:\/\/jessel.de\/365-tage-sylt\/wp-content\/uploads\/2023\/05\/C498C5CA-519E-4AE1-8111-EC37DFC7009C-300x200.jpeg 300w, https:\/\/jessel.de\/365-tage-sylt\/wp-content\/uploads\/2023\/05\/C498C5CA-519E-4AE1-8111-EC37DFC7009C-1024x683.jpeg 1024w, https:\/\/jessel.de\/365-tage-sylt\/wp-content\/uploads\/2023\/05\/C498C5CA-519E-4AE1-8111-EC37DFC7009C-768x512.jpeg 768w\" sizes=\"auto, (max-width: 1200px) 100vw, 1200px\" \/><\/p>\n<p>\u2026 und erreiche bald dahinter, auf der Elbinsel Veddel, mein Lieblingsrestaurant:<\/p>\n<p><img loading=\"lazy\" decoding=\"async\" class=\"alignnone size-full wp-image-14459\" src=\"https:\/\/jessel.de\/365-tage-sylt\/wp-content\/uploads\/2023\/05\/33C8E8AC-8FF4-4556-809F-163F1A7C6E1B.jpeg\" alt=\"\" width=\"1200\" height=\"800\" srcset=\"https:\/\/jessel.de\/365-tage-sylt\/wp-content\/uploads\/2023\/05\/33C8E8AC-8FF4-4556-809F-163F1A7C6E1B.jpeg 1200w, https:\/\/jessel.de\/365-tage-sylt\/wp-content\/uploads\/2023\/05\/33C8E8AC-8FF4-4556-809F-163F1A7C6E1B-300x200.jpeg 300w, https:\/\/jessel.de\/365-tage-sylt\/wp-content\/uploads\/2023\/05\/33C8E8AC-8FF4-4556-809F-163F1A7C6E1B-1024x683.jpeg 1024w, https:\/\/jessel.de\/365-tage-sylt\/wp-content\/uploads\/2023\/05\/33C8E8AC-8FF4-4556-809F-163F1A7C6E1B-768x512.jpeg 768w\" sizes=\"auto, (max-width: 1200px) 100vw, 1200px\" \/>Foto: Lars W.<\/p>\n<p>Boah, habe ich einen Appetit: Um 4:30 Uhr aufgestanden, und bis Punkt 11 Uhr nichts gegessen &#8211; hart f\u00fcr Hans. Aber diese kulinarische Backfisch-Hochburg lohnt das Schmachten und den weiten Weg. Um Punkt 11 Uhr sind Lars und ich die ersten G\u00e4ste, und nur 10 Minuten sp\u00e4ter ist der Laden voll:<\/p>\n<p><img loading=\"lazy\" decoding=\"async\" class=\"alignnone size-full wp-image-14461\" src=\"https:\/\/jessel.de\/365-tage-sylt\/wp-content\/uploads\/2023\/05\/AB2FBB5D-660C-4EF2-AF65-9F40668E0E24.jpeg\" alt=\"\" width=\"1200\" height=\"800\" srcset=\"https:\/\/jessel.de\/365-tage-sylt\/wp-content\/uploads\/2023\/05\/AB2FBB5D-660C-4EF2-AF65-9F40668E0E24.jpeg 1200w, https:\/\/jessel.de\/365-tage-sylt\/wp-content\/uploads\/2023\/05\/AB2FBB5D-660C-4EF2-AF65-9F40668E0E24-300x200.jpeg 300w, https:\/\/jessel.de\/365-tage-sylt\/wp-content\/uploads\/2023\/05\/AB2FBB5D-660C-4EF2-AF65-9F40668E0E24-1024x683.jpeg 1024w, https:\/\/jessel.de\/365-tage-sylt\/wp-content\/uploads\/2023\/05\/AB2FBB5D-660C-4EF2-AF65-9F40668E0E24-768x512.jpeg 768w\" sizes=\"auto, (max-width: 1200px) 100vw, 1200px\" \/><\/p>\n<p>So geht das hier \u00fcbrigens immer ab. Kein Wunder, denn Backfisch und Kartoffelsalat sind ein Himmelsgedicht. Hier die \u201ekleine Portion\u201c, zum sp\u00e4ten Fr\u00fchst\u00fcck genau das richtige:<\/p>\n<p><img loading=\"lazy\" decoding=\"async\" class=\"alignnone size-full wp-image-14460\" src=\"https:\/\/jessel.de\/365-tage-sylt\/wp-content\/uploads\/2023\/05\/C6E2FDCF-079C-4AE2-B2BB-3F8B7ECBBD04.jpeg\" alt=\"\" width=\"1200\" height=\"800\" srcset=\"https:\/\/jessel.de\/365-tage-sylt\/wp-content\/uploads\/2023\/05\/C6E2FDCF-079C-4AE2-B2BB-3F8B7ECBBD04.jpeg 1200w, https:\/\/jessel.de\/365-tage-sylt\/wp-content\/uploads\/2023\/05\/C6E2FDCF-079C-4AE2-B2BB-3F8B7ECBBD04-300x200.jpeg 300w, https:\/\/jessel.de\/365-tage-sylt\/wp-content\/uploads\/2023\/05\/C6E2FDCF-079C-4AE2-B2BB-3F8B7ECBBD04-1024x683.jpeg 1024w, https:\/\/jessel.de\/365-tage-sylt\/wp-content\/uploads\/2023\/05\/C6E2FDCF-079C-4AE2-B2BB-3F8B7ECBBD04-768x512.jpeg 768w\" sizes=\"auto, (max-width: 1200px) 100vw, 1200px\" \/><\/p>\n<p>Das Getr\u00e4nk bitte ich zu verzeihen, aber die \u201ealkoholfreie Woche\u201c, die erst morgen endet, wird gnadenlos bis zum Ende durchgezogen.<\/p>\n<p>Danke, Lars, f\u00fcr die Fotos. Bis demn\u00e4chst im selben Theater!<\/p>\n<p>&nbsp;<\/p>\n","protected":false},"excerpt":{"rendered":"<p>Paradefoto: Lars W. Erfahrene und gest\u00e4hlte Blogleser ben\u00f6tigen zur Beantwortung dieser Frage maximal f\u00fcnf Sekunden\u2026 die anderen m\u00fcssen sich nun noch ein wenig gedulden. Komme gerade von der urbanen Expedition zur\u00fcck und muss mich erstmal sortieren\u2026 Ok, nun geht\u2019s weiter. Im Morgengrauen verlasse ich die Insel\u2026: P\u00fcnktlich in Altona angekommen, marschiere ich direkt zu den Elbbr\u00fccken, f\u00fcr mich einer der spektakul\u00e4rsten Orte Hamburgs\u2026: \u2026 und erreiche bald dahinter, auf der&hellip;<\/p>\n","protected":false},"author":2,"featured_media":14453,"comment_status":"open","ping_status":"open","sticky":false,"template":"","format":"standard","meta":{"footnotes":""},"categories":[27,39,41,28,43,3,35,4,2,30,29,33],"tags":[],"class_list":["post-14452","post","type-post","status-publish","format-standard","has-post-thumbnail","hentry","category-alle-bilder","category-arbeit","category-fruehling","category-haeuser","category-kulinarik","category-menschen","category-schlechtes-wetter","category-spuren","category-tourismus","category-tradition","category-verkehr","category-woanders"],"jetpack_featured_media_url":"https:\/\/jessel.de\/365-tage-sylt\/wp-content\/uploads\/2023\/05\/11986C4D-5CD8-43FC-8DF4-32B0B04A1EBE.jpeg","_links":{"self":[{"href":"https:\/\/jessel.de\/365-tage-sylt\/wp-json\/wp\/v2\/posts\/14452","targetHints":{"allow":["GET"]}}],"collection":[{"href":"https:\/\/jessel.de\/365-tage-sylt\/wp-json\/wp\/v2\/posts"}],"about":[{"href":"https:\/\/jessel.de\/365-tage-sylt\/wp-json\/wp\/v2\/types\/post"}],"author":[{"embeddable":true,"href":"https:\/\/jessel.de\/365-tage-sylt\/wp-json\/wp\/v2\/users\/2"}],"replies":[{"embeddable":true,"href":"https:\/\/jessel.de\/365-tage-sylt\/wp-json\/wp\/v2\/comments?post=14452"}],"version-history":[{"count":9,"href":"https:\/\/jessel.de\/365-tage-sylt\/wp-json\/wp\/v2\/posts\/14452\/revisions"}],"predecessor-version":[{"id":14467,"href":"https:\/\/jessel.de\/365-tage-sylt\/wp-json\/wp\/v2\/posts\/14452\/revisions\/14467"}],"wp:featuredmedia":[{"embeddable":true,"href":"https:\/\/jessel.de\/365-tage-sylt\/wp-json\/wp\/v2\/media\/14453"}],"wp:attachment":[{"href":"https:\/\/jessel.de\/365-tage-sylt\/wp-json\/wp\/v2\/media?parent=14452"}],"wp:term":[{"taxonomy":"category","embeddable":true,"href":"https:\/\/jessel.de\/365-tage-sylt\/wp-json\/wp\/v2\/categories?post=14452"},{"taxonomy":"post_tag","embeddable":true,"href":"https:\/\/jessel.de\/365-tage-sylt\/wp-json\/wp\/v2\/tags?post=14452"}],"curies":[{"name":"wp","href":"https:\/\/api.w.org\/{rel}","templated":true}]}}