{"id":1448,"date":"2017-06-16T14:57:10","date_gmt":"2017-06-16T14:57:10","guid":{"rendered":"http:\/\/jessel.de\/365-tage-sylt\/?p=1448"},"modified":"2017-06-16T14:57:10","modified_gmt":"2017-06-16T14:57:10","slug":"vorhersehung","status":"publish","type":"post","link":"https:\/\/jessel.de\/365-tage-sylt\/vorhersehung\/","title":{"rendered":"Vorhersehung"},"content":{"rendered":"<p>Es ist 4:30 Uhr und ich sehe das Foto bereits vor mir. Also so schnell wie m\u00f6glich los nach Keitum. Von Westen zieht mit dem starken Westwind ein dunkles Wolkenfeld herein, im Osten bleibt ein schmaler Schlitz f\u00fcr den Sonnenaufgang. DAS knallt! Zun\u00e4chst kann ich im ersten Licht, das keine 5 Minuten h\u00e4lt, das Titel-Panorama fotografieren. Und dieses Bild:<\/p>\n<div id=\"attachment_1449\" style=\"width: 1213px\" class=\"wp-caption alignnone\"><img loading=\"lazy\" decoding=\"async\" aria-describedby=\"caption-attachment-1449\" class=\"size-full wp-image-1449\" src=\"http:\/\/jessel.de\/365-tage-sylt\/wp-content\/uploads\/2017\/06\/L1007255.jpg\" alt=\"\" width=\"1203\" height=\"800\" srcset=\"https:\/\/jessel.de\/365-tage-sylt\/wp-content\/uploads\/2017\/06\/L1007255.jpg 1203w, https:\/\/jessel.de\/365-tage-sylt\/wp-content\/uploads\/2017\/06\/L1007255-300x200.jpg 300w, https:\/\/jessel.de\/365-tage-sylt\/wp-content\/uploads\/2017\/06\/L1007255-768x511.jpg 768w, https:\/\/jessel.de\/365-tage-sylt\/wp-content\/uploads\/2017\/06\/L1007255-1024x681.jpg 1024w\" sizes=\"auto, (max-width: 1203px) 100vw, 1203px\" \/><p id=\"caption-attachment-1449\" class=\"wp-caption-text\">Sylt_Keitum_Modernes Reetdachhaus_Bluehende Kamtchatkarosen_Morgenstimmung<\/p><\/div>\n<p>Als die Sonne sich 15 Minuten sp\u00e4ter noch einmal kurz sehen l\u00e4sst, sthe ich vor St. Severin:<\/p>\n<div id=\"attachment_1452\" style=\"width: 1213px\" class=\"wp-caption alignnone\"><img loading=\"lazy\" decoding=\"async\" aria-describedby=\"caption-attachment-1452\" class=\"size-full wp-image-1452\" src=\"http:\/\/jessel.de\/365-tage-sylt\/wp-content\/uploads\/2017\/06\/L1007293.jpg\" alt=\"\" width=\"1203\" height=\"800\" srcset=\"https:\/\/jessel.de\/365-tage-sylt\/wp-content\/uploads\/2017\/06\/L1007293.jpg 1203w, https:\/\/jessel.de\/365-tage-sylt\/wp-content\/uploads\/2017\/06\/L1007293-300x200.jpg 300w, https:\/\/jessel.de\/365-tage-sylt\/wp-content\/uploads\/2017\/06\/L1007293-768x511.jpg 768w, https:\/\/jessel.de\/365-tage-sylt\/wp-content\/uploads\/2017\/06\/L1007293-1024x681.jpg 1024w\" sizes=\"auto, (max-width: 1203px) 100vw, 1203px\" \/><p id=\"caption-attachment-1452\" class=\"wp-caption-text\">Sylt_Keitum_St. Severin im Morgenlicht_Haeckselhaufen<\/p><\/div>\n<p>Beim Herumrasen auf der Keitumer Wattpromenade entdecke ich eine Urbane Fadenalgen-Installation:<\/p>\n<div id=\"attachment_1451\" style=\"width: 1213px\" class=\"wp-caption alignnone\"><img loading=\"lazy\" decoding=\"async\" aria-describedby=\"caption-attachment-1451\" class=\"size-full wp-image-1451\" src=\"http:\/\/jessel.de\/365-tage-sylt\/wp-content\/uploads\/2017\/06\/L1007282.jpg\" alt=\"\" width=\"1203\" height=\"800\" srcset=\"https:\/\/jessel.de\/365-tage-sylt\/wp-content\/uploads\/2017\/06\/L1007282.jpg 1203w, https:\/\/jessel.de\/365-tage-sylt\/wp-content\/uploads\/2017\/06\/L1007282-300x200.jpg 300w, https:\/\/jessel.de\/365-tage-sylt\/wp-content\/uploads\/2017\/06\/L1007282-768x511.jpg 768w, https:\/\/jessel.de\/365-tage-sylt\/wp-content\/uploads\/2017\/06\/L1007282-1024x681.jpg 1024w\" sizes=\"auto, (max-width: 1203px) 100vw, 1203px\" \/><p id=\"caption-attachment-1451\" class=\"wp-caption-text\">Sylt_Keitum_Wellenueberschlag_Urbane Installation aus Algen-Angesp\u00fcl_<\/p><\/div>\n<div id=\"attachment_1453\" style=\"width: 2501px\" class=\"wp-caption alignnone\"><img loading=\"lazy\" decoding=\"async\" aria-describedby=\"caption-attachment-1453\" class=\"size-full wp-image-1453\" src=\"http:\/\/jessel.de\/365-tage-sylt\/wp-content\/uploads\/2017\/06\/L1007311-Panorama.jpg\" alt=\"\" width=\"2491\" height=\"800\" srcset=\"https:\/\/jessel.de\/365-tage-sylt\/wp-content\/uploads\/2017\/06\/L1007311-Panorama.jpg 2491w, https:\/\/jessel.de\/365-tage-sylt\/wp-content\/uploads\/2017\/06\/L1007311-Panorama-300x96.jpg 300w, https:\/\/jessel.de\/365-tage-sylt\/wp-content\/uploads\/2017\/06\/L1007311-Panorama-768x247.jpg 768w, https:\/\/jessel.de\/365-tage-sylt\/wp-content\/uploads\/2017\/06\/L1007311-Panorama-1024x329.jpg 1024w\" sizes=\"auto, (max-width: 2491px) 100vw, 2491px\" \/><p id=\"caption-attachment-1453\" class=\"wp-caption-text\">Sylt_Munkmarsch_Hafen und Hotel Faehrhaus Sylt_Morgens_<\/p><\/div>\n<p>Ooooooh! Noch ein Urbanes Ensemble der netten Art:<\/p>\n<div id=\"attachment_1454\" style=\"width: 1306px\" class=\"wp-caption alignnone\"><img loading=\"lazy\" decoding=\"async\" aria-describedby=\"caption-attachment-1454\" class=\"size-full wp-image-1454\" src=\"http:\/\/jessel.de\/365-tage-sylt\/wp-content\/uploads\/2017\/06\/L1007316.jpg\" alt=\"\" width=\"1296\" height=\"800\" srcset=\"https:\/\/jessel.de\/365-tage-sylt\/wp-content\/uploads\/2017\/06\/L1007316.jpg 1296w, https:\/\/jessel.de\/365-tage-sylt\/wp-content\/uploads\/2017\/06\/L1007316-300x185.jpg 300w, https:\/\/jessel.de\/365-tage-sylt\/wp-content\/uploads\/2017\/06\/L1007316-768x474.jpg 768w, https:\/\/jessel.de\/365-tage-sylt\/wp-content\/uploads\/2017\/06\/L1007316-1024x632.jpg 1024w\" sizes=\"auto, (max-width: 1296px) 100vw, 1296px\" \/><p id=\"caption-attachment-1454\" class=\"wp-caption-text\">Sylt_Munkmarsch_Strandkoerbe vor Bootshalle_Urban_<\/p><\/div>\n<p>Das wars dann zun\u00e4chst mal mit Sonne. Nachm Fr\u00fchst\u00fcck gehts nochmal an den Strand:<\/p>\n<div id=\"attachment_1456\" style=\"width: 1422px\" class=\"wp-caption alignnone\"><img loading=\"lazy\" decoding=\"async\" aria-describedby=\"caption-attachment-1456\" class=\"size-full wp-image-1456\" src=\"http:\/\/jessel.de\/365-tage-sylt\/wp-content\/uploads\/2017\/06\/L1007347.jpg\" alt=\"\" width=\"1412\" height=\"800\" srcset=\"https:\/\/jessel.de\/365-tage-sylt\/wp-content\/uploads\/2017\/06\/L1007347.jpg 1412w, https:\/\/jessel.de\/365-tage-sylt\/wp-content\/uploads\/2017\/06\/L1007347-300x170.jpg 300w, https:\/\/jessel.de\/365-tage-sylt\/wp-content\/uploads\/2017\/06\/L1007347-768x435.jpg 768w, https:\/\/jessel.de\/365-tage-sylt\/wp-content\/uploads\/2017\/06\/L1007347-1024x580.jpg 1024w\" sizes=\"auto, (max-width: 1412px) 100vw, 1412px\" \/><p id=\"caption-attachment-1456\" class=\"wp-caption-text\">Sylt_Westerland_Zentralstrand_Nordseewetter_Morgens<\/p><\/div>\n<div id=\"attachment_1457\" style=\"width: 1456px\" class=\"wp-caption alignnone\"><img loading=\"lazy\" decoding=\"async\" aria-describedby=\"caption-attachment-1457\" class=\"size-full wp-image-1457\" src=\"http:\/\/jessel.de\/365-tage-sylt\/wp-content\/uploads\/2017\/06\/L1007364.jpg\" alt=\"\" width=\"1446\" height=\"800\" srcset=\"https:\/\/jessel.de\/365-tage-sylt\/wp-content\/uploads\/2017\/06\/L1007364.jpg 1446w, https:\/\/jessel.de\/365-tage-sylt\/wp-content\/uploads\/2017\/06\/L1007364-300x166.jpg 300w, https:\/\/jessel.de\/365-tage-sylt\/wp-content\/uploads\/2017\/06\/L1007364-768x425.jpg 768w, https:\/\/jessel.de\/365-tage-sylt\/wp-content\/uploads\/2017\/06\/L1007364-1024x567.jpg 1024w\" sizes=\"auto, (max-width: 1446px) 100vw, 1446px\" \/><p id=\"caption-attachment-1457\" class=\"wp-caption-text\">Sylt_Westerland_Zentralstrand_Relaxter Tourist im Strandkorb_<\/p><\/div>\n<p>Allerfeinstes Nordseewetter!:<\/p>\n<div id=\"attachment_1455\" style=\"width: 1213px\" class=\"wp-caption alignnone\"><img loading=\"lazy\" decoding=\"async\" aria-describedby=\"caption-attachment-1455\" class=\"size-full wp-image-1455\" src=\"http:\/\/jessel.de\/365-tage-sylt\/wp-content\/uploads\/2017\/06\/L1007332.jpg\" alt=\"\" width=\"1203\" height=\"800\" srcset=\"https:\/\/jessel.de\/365-tage-sylt\/wp-content\/uploads\/2017\/06\/L1007332.jpg 1203w, https:\/\/jessel.de\/365-tage-sylt\/wp-content\/uploads\/2017\/06\/L1007332-300x200.jpg 300w, https:\/\/jessel.de\/365-tage-sylt\/wp-content\/uploads\/2017\/06\/L1007332-768x511.jpg 768w, https:\/\/jessel.de\/365-tage-sylt\/wp-content\/uploads\/2017\/06\/L1007332-1024x681.jpg 1024w\" sizes=\"auto, (max-width: 1203px) 100vw, 1203px\" \/><p id=\"caption-attachment-1455\" class=\"wp-caption-text\">Sylt_Westerland_Strand_Strandkoerbe_Kitesurfer_Nordseewetter<\/p><\/div>\n","protected":false},"excerpt":{"rendered":"<p>Es ist 4:30 Uhr und ich sehe das Foto bereits vor mir. Also so schnell wie m\u00f6glich los nach Keitum. Von Westen zieht mit dem starken Westwind ein dunkles Wolkenfeld herein, im Osten bleibt ein schmaler Schlitz f\u00fcr den Sonnenaufgang. DAS knallt! Zun\u00e4chst kann ich im ersten Licht, das keine 5 Minuten h\u00e4lt, das Titel-Panorama fotografieren. Und dieses Bild: Als die Sonne sich 15 Minuten sp\u00e4ter noch einmal kurz sehen&hellip;<\/p>\n","protected":false},"author":2,"featured_media":1450,"comment_status":"open","ping_status":"open","sticky":false,"template":"","format":"standard","meta":{"footnotes":""},"categories":[27,41,28,32,44,35,30],"tags":[],"class_list":["post-1448","post","type-post","status-publish","format-standard","has-post-thumbnail","hentry","category-alle-bilder","category-fruehling","category-haeuser","category-keitum","category-pflanzen","category-schlechtes-wetter","category-tradition"],"jetpack_featured_media_url":"https:\/\/jessel.de\/365-tage-sylt\/wp-content\/uploads\/2017\/06\/L1007274-Panorama.jpg","_links":{"self":[{"href":"https:\/\/jessel.de\/365-tage-sylt\/wp-json\/wp\/v2\/posts\/1448","targetHints":{"allow":["GET"]}}],"collection":[{"href":"https:\/\/jessel.de\/365-tage-sylt\/wp-json\/wp\/v2\/posts"}],"about":[{"href":"https:\/\/jessel.de\/365-tage-sylt\/wp-json\/wp\/v2\/types\/post"}],"author":[{"embeddable":true,"href":"https:\/\/jessel.de\/365-tage-sylt\/wp-json\/wp\/v2\/users\/2"}],"replies":[{"embeddable":true,"href":"https:\/\/jessel.de\/365-tage-sylt\/wp-json\/wp\/v2\/comments?post=1448"}],"version-history":[{"count":2,"href":"https:\/\/jessel.de\/365-tage-sylt\/wp-json\/wp\/v2\/posts\/1448\/revisions"}],"predecessor-version":[{"id":1459,"href":"https:\/\/jessel.de\/365-tage-sylt\/wp-json\/wp\/v2\/posts\/1448\/revisions\/1459"}],"wp:featuredmedia":[{"embeddable":true,"href":"https:\/\/jessel.de\/365-tage-sylt\/wp-json\/wp\/v2\/media\/1450"}],"wp:attachment":[{"href":"https:\/\/jessel.de\/365-tage-sylt\/wp-json\/wp\/v2\/media?parent=1448"}],"wp:term":[{"taxonomy":"category","embeddable":true,"href":"https:\/\/jessel.de\/365-tage-sylt\/wp-json\/wp\/v2\/categories?post=1448"},{"taxonomy":"post_tag","embeddable":true,"href":"https:\/\/jessel.de\/365-tage-sylt\/wp-json\/wp\/v2\/tags?post=1448"}],"curies":[{"name":"wp","href":"https:\/\/api.w.org\/{rel}","templated":true}]}}